{"id":6131,"date":"2025-07-31T11:22:02","date_gmt":"2025-07-31T09:22:02","guid":{"rendered":"https:\/\/adwokatura.krakow.pl\/adwokaci-i-aplikanci\/?p=6131"},"modified":"2025-07-31T11:22:02","modified_gmt":"2025-07-31T09:22:02","slug":"zaproszenie-na-zawody-biegowe-i-nordic-walking-w-ramach-perly-paprocan-2025","status":"publish","type":"post","link":"https:\/\/adwokatura.krakow.pl\/adwokaci-i-aplikanci\/zaproszenie-na-zawody-biegowe-i-nordic-walking-w-ramach-perly-paprocan-2025\/","title":{"rendered":"Zaproszenie na Zawody Biegowe i Nordic Walking w ramach \u201ePer\u0142y Paprocan 2025\u201d"},"content":{"rendered":"\n<figure class=\"wp-block-image size-full is-resized\"><img loading=\"lazy\" decoding=\"async\" width=\"716\" height=\"993\" src=\"https:\/\/adwokatura.krakow.pl\/adwokaci-i-aplikanci\/wp-content\/uploads\/sites\/2\/2025\/07\/Paprocany-IX-1.jpg\" alt=\"\" class=\"wp-image-6133\" style=\"width:493px;height:auto\" srcset=\"https:\/\/adwokatura.krakow.pl\/adwokaci-i-aplikanci\/wp-content\/uploads\/sites\/2\/2025\/07\/Paprocany-IX-1.jpg 716w, https:\/\/adwokatura.krakow.pl\/adwokaci-i-aplikanci\/wp-content\/uploads\/sites\/2\/2025\/07\/Paprocany-IX-1-216x300.jpg 216w\" sizes=\"auto, (max-width: 716px) 100vw, 716px\" \/><\/figure>\n\n\n\n<p>Szanowni Pa\u0144stwo,<br><br>Okr\u0119gowa Izba Radc\u00f3w Prawnych z przyjemno\u015bci\u0105 zaprasza wszystkich przedstawicieli zawod\u00f3w prawniczych do udzia\u0142u w zawodach sportowych organizowanych w ramach wydarzenia <strong>\u201ePer\u0142a Paprocan 2025\u201d<\/strong>, kt\u00f3re odb\u0119d\u0105 si\u0119 w dniu 19 pa\u017adziernika 2025 r. tj. Zawod\u00f3w Biegowych i Nordic Walking o Puchar Dziekana OIRP w Katowicach. Start godzina.10.00.<br><br>Miejsce wydarzenia: malownicze tereny wok\u00f3\u0142 jeziora Paproca\u0144skiego<br>Dyscypliny: bieg oraz nordic walking<br>Kategorie: Radcy prawni, Prawnicy<br><br>Celem wydarzenia jest integracja \u015brodowiska prawniczego poprzez wsp\u00f3ln\u0105 aktywno\u015b\u0107 fizyczn\u0105 w wyj\u0105tkowej, jesiennej scenerii. Zawody b\u0119d\u0105 okazj\u0105 do sportowej rywalizacji w duchu kole\u017ce\u0144stwa i zdrowej konkurencji.<br><br>Staj\u0105cy na podium otrzymaj\u0105 puchary i medale, kt\u00f3re zostan\u0105 wr\u0119czone podczas Noworocznego Spotkania Sportowc\u00f3w, planowanego na pocz\u0105tek 2026 roku.<br><br>Serdecznie zach\u0119camy do udzia\u0142u oraz wsp\u00f3lnego sp\u0119dzenia czasu w atmosferze sportowych emocji i wsp\u00f3lnej integracji.<br><br><em>Piotr Zarzecki r.pr.<\/em><br><em>Przewodnicz\u0105cy Komisji Integracji<\/em><br><em>Okr\u0119gowa Izba Radc\u00f3w Prawnych w Katowicach<\/em><\/p>\n\n\n<div class=\"zalaczniki\">\n    \n    <div class=\"zalaczniki__wrap\">\n                        <div class=\"zalaczniki__single\">\n                <div class=\"zalaczniki__first\">\n                    <p class=\"zalaczniki__title\">\n                                                    Regulamin                                            <\/p>\n                    <p class=\"zalaczniki__file-name\">\n                                                    Regulamin_biegi_i_nordic_walking_Paprocany_OIRP_Kce_2015-1.doc                                            <\/p>\n                <\/div>\n                <div class=\"zalaczniki__middle\">\n                                        <a href=\"https:\/\/adwokatura.krakow.pl\/adwokaci-i-aplikanci\/wp-content\/uploads\/sites\/2\/2025\/07\/Regulamin_biegi_i_nordic_walking_Paprocany_OIRP_Kce_2015-1.doc\">Zobacz plik<\/a>\n                                    <\/div>\n                <div class=\"zalaczniki__last\">\n                                        <a download href=\"https:\/\/adwokatura.krakow.pl\/adwokaci-i-aplikanci\/wp-content\/uploads\/sites\/2\/2025\/07\/Regulamin_biegi_i_nordic_walking_Paprocany_OIRP_Kce_2015-1.doc\">\n                            <img decoding=\"async\" src=\"https:\/\/adwokatura.krakow.pl\/adwokaci-i-aplikanci\/wp-content\/themes\/kia\/dist\/images\/download.svg\" alt=\"download\">\n                        <\/a>\n                                    <\/div>\n               \n            <\/div>\n                    <div class=\"zalaczniki__single\">\n                <div class=\"zalaczniki__first\">\n                    <p class=\"zalaczniki__title\">\n                                            <\/p>\n                    <p class=\"zalaczniki__file-name\">\n                                            <\/p>\n                <\/div>\n                <div class=\"zalaczniki__middle\">\n                                <\/div>\n                <div class=\"zalaczniki__last\">\n                                <\/div>\n               \n            <\/div>\n                <\/div>\n<\/div>\n\n\n<p><\/p>\n","protected":false},"excerpt":{"rendered":"<p>Szanowni Pa\u0144stwo, Okr\u0119gowa Izba Radc\u00f3w Prawnych z przyjemno\u015bci\u0105 zaprasza wszystkich przedstawicieli zawod\u00f3w prawniczych do udzia\u0142u w zawodach sportowych organizowanych w ramach wydarzenia \u201ePer\u0142a Paprocan 2025\u201d, kt\u00f3re odb\u0119d\u0105 si\u0119 w dniu 19 pa\u017adziernika 2025 r. tj. Zawod\u00f3w Biegowych i Nordic Walking o Puchar Dziekana OIRP w Katowicach. Start godzina.10.00. Miejsce wydarzenia: malownicze tereny wok\u00f3\u0142 jeziora Paproca\u0144skiegoDyscypliny: [&hellip;]<\/p>\n","protected":false},"author":9,"featured_media":0,"comment_status":"closed","ping_status":"closed","sticky":false,"template":"","format":"standard","meta":{"_acf_changed":false,"inline_featured_image":false,"footnotes":""},"categories":[6],"tags":[],"class_list":["post-6131","post","type-post","status-publish","format-standard","hentry","category-artykuly"],"acf":[],"_links":{"self":[{"href":"https:\/\/adwokatura.krakow.pl\/adwokaci-i-aplikanci\/wp-json\/wp\/v2\/posts\/6131","targetHints":{"allow":["GET"]}}],"collection":[{"href":"https:\/\/adwokatura.krakow.pl\/adwokaci-i-aplikanci\/wp-json\/wp\/v2\/posts"}],"about":[{"href":"https:\/\/adwokatura.krakow.pl\/adwokaci-i-aplikanci\/wp-json\/wp\/v2\/types\/post"}],"author":[{"embeddable":true,"href":"https:\/\/adwokatura.krakow.pl\/adwokaci-i-aplikanci\/wp-json\/wp\/v2\/users\/9"}],"replies":[{"embeddable":true,"href":"https:\/\/adwokatura.krakow.pl\/adwokaci-i-aplikanci\/wp-json\/wp\/v2\/comments?post=6131"}],"version-history":[{"count":1,"href":"https:\/\/adwokatura.krakow.pl\/adwokaci-i-aplikanci\/wp-json\/wp\/v2\/posts\/6131\/revisions"}],"predecessor-version":[{"id":6134,"href":"https:\/\/adwokatura.krakow.pl\/adwokaci-i-aplikanci\/wp-json\/wp\/v2\/posts\/6131\/revisions\/6134"}],"wp:attachment":[{"href":"https:\/\/adwokatura.krakow.pl\/adwokaci-i-aplikanci\/wp-json\/wp\/v2\/media?parent=6131"}],"wp:term":[{"taxonomy":"category","embeddable":true,"href":"https:\/\/adwokatura.krakow.pl\/adwokaci-i-aplikanci\/wp-json\/wp\/v2\/categories?post=6131"},{"taxonomy":"post_tag","embeddable":true,"href":"https:\/\/adwokatura.krakow.pl\/adwokaci-i-aplikanci\/wp-json\/wp\/v2\/tags?post=6131"}],"curies":[{"name":"wp","href":"https:\/\/api.w.org\/{rel}","templated":true}]}}