{"id":6136,"date":"2025-08-06T11:40:47","date_gmt":"2025-08-06T09:40:47","guid":{"rendered":"https:\/\/adwokatura.krakow.pl\/adwokaci-i-aplikanci\/?p=6136"},"modified":"2025-08-06T11:40:47","modified_gmt":"2025-08-06T09:40:47","slug":"piata-edycja-listy-najwybitniejszych-polskich-prawniczek","status":"publish","type":"post","link":"https:\/\/adwokatura.krakow.pl\/adwokaci-i-aplikanci\/piata-edycja-listy-najwybitniejszych-polskich-prawniczek\/","title":{"rendered":"Pi\u0105ta edycja Listy Najwybitniejszych Polskich Prawniczek"},"content":{"rendered":"\n<p>Szanowni Pa\u0144stwo,<\/p>\n\n\n\n<p>Fundacja Women in Law wraz z redakcj\u0105 magazynu <em>Forbes Women<\/em> organizuje pi\u0105t\u0105 edycj\u0119 Listy Najwybitniejszych Polskich Prawniczek. Wyniki prac Kapitu\u0142y zostan\u0105 zaprezentowane w pa\u017adziernikowym numerze <em>Forbes Women<\/em> a uroczyste wr\u0119czenie dyplom\u00f3w odb\u0119dzie si\u0119 4 listopada w godzinach porannych w Warszawie.&nbsp;<\/p>\n\n\n\n<p>Celem tego presti\u017cowego zestawienia jest wyr\u00f3\u017cnienie kobiet, kt\u00f3re nie tylko odnosz\u0105 sukcesy w bran\u017cy prawniczej, lecz tak\u017ce aktywnie dzia\u0142aj\u0105 w biznesie i anga\u017cuj\u0105 si\u0119 spo\u0142ecznie. Lista ma na celu promowanie eksperckiej wiedzy, wspieranie r\u00f3\u017cnorodno\u015bci i docenianie kobiet, kt\u00f3re inspiruj\u0105 innych swoj\u0105 postaw\u0105 i dorobkiem zawodowym.<\/p>\n\n\n\n<p>Zg\u0142oszenia do tegorocznej edycji mo\u017cna przesy\u0142a\u0107 do 23 sierpnia 2025 roku.<br>Kandydowa\u0107 mog\u0105 kobiety, kt\u00f3re&nbsp;posiadaj\u0105 co najmniej tytu\u0142 magistra prawa i&nbsp;wykonuj\u0105 zaw\u00f3d prawniczy na terenie Polski.<\/p>\n\n\n\n<p>Zg\u0142oszenie powinno zawiera\u0107:<\/p>\n\n\n\n<ul class=\"wp-block-list\">\n<li>uzupe\u0142niony formularz zg\u0142oszeniowy,\u00a0<\/li>\n\n\n\n<li>dwa listy polecaj\u0105ce wystawione przez pracodawc\u0119, klienta lub organizacj\u0119, na rzecz kt\u00f3rej kandydatka \u015bwiadczy us\u0142ugi prawne.<\/li>\n\n\n\n<li>wys\u0142a\u0107 zdj\u0119cie portretowe\u00a0<\/li>\n<\/ul>\n\n\n\n<p>Link do formularza zg\u0142oszeniowego: <a href=\"https:\/\/docs.google.com\/forms\/d\/e\/1FAIpQLSfuv83rVbhkm8U3gpG-29YcApwvzn8gemkWGarAE1sUew24MA\/viewform\" target=\"_blank\" rel=\"noreferrer noopener\">Link<\/a><\/p>\n\n\n\n<p>oraz szczeg\u00f3\u0142owe informacje dost\u0119pne s\u0105 na stronie Fundacji: <a href=\"https:\/\/www.womeninlaw.pl\/lista-prawniczek-forbes-women-i-fundacji-women-in-law\/\" target=\"_blank\" rel=\"noreferrer noopener\">Link<\/a><\/p>\n\n\n\n<p>Nades\u0142ane aplikacje oceni Kapitu\u0142a Listy, w sk\u0142ad kt\u00f3rej wchodz\u0105 uznane ekspertki i eksperci. Szczeg\u00f3ln\u0105 uwag\u0119 b\u0119d\u0105 zwraca\u0107 na zaanga\u017cowanie kandydatek w inicjatywy wspieraj\u0105ce inne kobiety oraz w dzia\u0142alno\u015b\u0107 pro bono.<\/p>\n\n\n\n<p><strong>Uprzejmie prosz\u0119 o rozpowszechnienie informacji o naborze do Listy w\u015br\u00f3d adwokatek nale\u017c\u0105cych do Pa\u0144stwa Rady &nbsp; i Izby&nbsp;Adwokackiej.&nbsp;<\/strong>Wierzymy, \u017ce informacja ta spotka si\u0119 z du\u017cym zainteresowaniem, a udzia\u0142 w projekcie przyczyni si\u0119 do promocji wybitnych kobiet w naszej bran\u017cy.<\/p>\n\n\n\n<p>W przypadku pyta\u0144 dotycz\u0105cych zg\u0142osze\u0144, uprzejmie prosz\u0119 o kontakt z Panem Filipem Zawad\u0105:<br><a href=\"mailto:filip.zawada@womeninlaw.pl\">filip.zawada@womeninlaw.pl<\/a><\/p>\n\n\n\n<p>Z wyrazami szacunku,<br>Kamila Kurkowska<br>Prezeska Fundacji Women in Law<\/p>\n","protected":false},"excerpt":{"rendered":"<p>Szanowni Pa\u0144stwo, Fundacja Women in Law wraz z redakcj\u0105 magazynu Forbes Women organizuje pi\u0105t\u0105 edycj\u0119 Listy Najwybitniejszych Polskich Prawniczek. Wyniki prac Kapitu\u0142y zostan\u0105 zaprezentowane w pa\u017adziernikowym numerze Forbes Women a uroczyste wr\u0119czenie dyplom\u00f3w odb\u0119dzie si\u0119 4 listopada w godzinach porannych w Warszawie.&nbsp; Celem tego presti\u017cowego zestawienia jest wyr\u00f3\u017cnienie kobiet, kt\u00f3re nie tylko odnosz\u0105 sukcesy w [&hellip;]<\/p>\n","protected":false},"author":9,"featured_media":0,"comment_status":"closed","ping_status":"closed","sticky":false,"template":"","format":"standard","meta":{"_acf_changed":false,"inline_featured_image":false,"footnotes":""},"categories":[6],"tags":[],"class_list":["post-6136","post","type-post","status-publish","format-standard","hentry","category-artykuly"],"acf":[],"_links":{"self":[{"href":"https:\/\/adwokatura.krakow.pl\/adwokaci-i-aplikanci\/wp-json\/wp\/v2\/posts\/6136","targetHints":{"allow":["GET"]}}],"collection":[{"href":"https:\/\/adwokatura.krakow.pl\/adwokaci-i-aplikanci\/wp-json\/wp\/v2\/posts"}],"about":[{"href":"https:\/\/adwokatura.krakow.pl\/adwokaci-i-aplikanci\/wp-json\/wp\/v2\/types\/post"}],"author":[{"embeddable":true,"href":"https:\/\/adwokatura.krakow.pl\/adwokaci-i-aplikanci\/wp-json\/wp\/v2\/users\/9"}],"replies":[{"embeddable":true,"href":"https:\/\/adwokatura.krakow.pl\/adwokaci-i-aplikanci\/wp-json\/wp\/v2\/comments?post=6136"}],"version-history":[{"count":1,"href":"https:\/\/adwokatura.krakow.pl\/adwokaci-i-aplikanci\/wp-json\/wp\/v2\/posts\/6136\/revisions"}],"predecessor-version":[{"id":6137,"href":"https:\/\/adwokatura.krakow.pl\/adwokaci-i-aplikanci\/wp-json\/wp\/v2\/posts\/6136\/revisions\/6137"}],"wp:attachment":[{"href":"https:\/\/adwokatura.krakow.pl\/adwokaci-i-aplikanci\/wp-json\/wp\/v2\/media?parent=6136"}],"wp:term":[{"taxonomy":"category","embeddable":true,"href":"https:\/\/adwokatura.krakow.pl\/adwokaci-i-aplikanci\/wp-json\/wp\/v2\/categories?post=6136"},{"taxonomy":"post_tag","embeddable":true,"href":"https:\/\/adwokatura.krakow.pl\/adwokaci-i-aplikanci\/wp-json\/wp\/v2\/tags?post=6136"}],"curies":[{"name":"wp","href":"https:\/\/api.w.org\/{rel}","templated":true}]}}