{"id":6156,"date":"2025-08-14T10:26:14","date_gmt":"2025-08-14T08:26:14","guid":{"rendered":"https:\/\/adwokatura.krakow.pl\/adwokaci-i-aplikanci\/?p=6156"},"modified":"2025-08-14T10:26:15","modified_gmt":"2025-08-14T08:26:15","slug":"zaproszenie-do-udzialu-w-szkoleniu-prawne-i-psychologiczne-aspekty-wsparcia-dziecka-cudzoziemskiego-bez-opieki","status":"publish","type":"post","link":"https:\/\/adwokatura.krakow.pl\/adwokaci-i-aplikanci\/zaproszenie-do-udzialu-w-szkoleniu-prawne-i-psychologiczne-aspekty-wsparcia-dziecka-cudzoziemskiego-bez-opieki\/","title":{"rendered":"Zaproszenie do udzia\u0142u w szkoleniu \u201ePrawne i psychologiczne aspekty wsparcia dziecka cudzoziemskiego bez opieki\u201d"},"content":{"rendered":"\n<p>Szanowni Pa\u0144stwo,<\/p>\n\n\n\n<p>w imieniu Mi\u0119dzynarodowej Organizacji ds. Migracji (IOM Poland) i Stowarzyszenia Interwencji Prawnej chcieliby\u015bmy serdecznie zaprosi\u0107 <strong>kurator\u00f3w <\/strong>do udzia\u0142u w <strong>dwudniowym szkoleniu<\/strong> organizowanym w ramach projektu GuardianXchange. Szkolenie ma na celu wzmocnienie kompetencji kurator\u00f3w w pracy z dzie\u0107mi cudzoziemskimi bez opieki, z uwzgl\u0119dnieniem zar\u00f3wno aspekt\u00f3w prawnych, jak i psychologicznych.<\/p>\n\n\n\n<p>Szkolenie podzielone na dwa uzupe\u0142niaj\u0105ce si\u0119 bloki tematyczne ma charakter teoretyczny i praktyczny:<\/p>\n\n\n\n<ul class=\"wp-block-list\">\n<li><strong>Dzie\u0144 I <\/strong>(prowadzenie: Stowarzyszenie Interwencji Prawnej) po\u015bwi\u0119cony b\u0119dzie zagadnieniom prawnym, systemowi opieki nad dzie\u0107mi cudzoziemskimi w Polsce, problemom systemowym oraz rekomendacjom zmian. Tego dnia odb\u0119dzie si\u0119 r\u00f3wnie\u017c prezentacja przedstawiciela European Guardianship Network, na temat standard\u00f3w opieki prawnej nad dzie\u0107mi bez opieki obowi\u0105zuj\u0105cych w r\u00f3\u017cnych krajach europejskich, a tak\u017ce dobrych praktyk wypracowanych w ramach EGN w kontek\u015bcie ochrony praw i interesu dziecka.<\/li>\n\n\n\n<li><strong>Dzie\u0144 II <\/strong>(prowadzenie: Patrycja Szel\u0105g-Jarosz, psycholo\u017cka) skoncentruje si\u0119 na aspektach psychologicznych, w tym pracy z dzieckiem z do\u015bwiadczeniem migracyjnym, relacji kurator\u2013dziecko, przeciwdzia\u0142aniu wypaleniu zawodowemu oraz budowaniu w\u0142asnej odporno\u015bci psychicznej (self-care).<\/li>\n<\/ul>\n\n\n\n<p>Szkolenie odb\u0119dzie si\u0119 w <strong>Centrum Konferencyjnym przy ul. Wsp\u00f3lnej 56 w Warszawie<\/strong>, w jednej z poni\u017cszych dat do wyboru. Zg\u0142oszenia nale\u017cy dokona\u0107 poprzez formularz zg\u0142oszeniowy odpowiadaj\u0105cy wybranemu terminowi. Osoby zakwalifikowane zostan\u0105 skontaktowane bezpo\u015brednio.<\/p>\n\n\n\n<ul class=\"wp-block-list\">\n<li><strong>22\u201323 wrze\u015bnia 2025 r. <\/strong>(<a href=\"https:\/\/forms.cloud.microsoft\/e\/1is2jvmQ9D?origin=lprLink\">formularz zg\u0142oszeniowy<\/a>)<\/li>\n\n\n\n<li><strong>23\u201324 wrze\u015bnia 2025 r.<\/strong> (<a href=\"https:\/\/forms.cloud.microsoft\/e\/86wMi7QueM?origin=lprLink\">formularz zg\u0142oszeniowy<\/a>)<\/li>\n\n\n\n<li><strong>25\u201326 wrze\u015bnia 2025 r.<\/strong> (<a href=\"https:\/\/forms.cloud.microsoft\/e\/akKt9ki1Hi?origin=lprLink\">formularz zg\u0142oszeniowy<\/a>)<\/li>\n<\/ul>\n\n\n\n<p>Ilo\u015b\u0107 miejsc w grupach jest ograniczona. W przypadku osi\u0105gni\u0119cia maksymalnej ilo\u015bci zapisanych uczestnik\u00f3w w wybranym terminie, formularz zapis\u00f3w zostanie zamkni\u0119ty. W takiej sytuacji prosimy o zapisanie si\u0119 do innej grupy lub bezpo\u015bredni kontakt.<\/p>\n\n\n\n<p>Uczestnikom szkolenia przys\u0142uguje zwrot koszt\u00f3w dojazdu, diety oraz jeden nocleg mi\u0119dzy dniami szkolenia, dla os\u00f3b doje\u017cd\u017caj\u0105cych z miejscowo\u015bci oddalonych o<strong> wi\u0119cej ni\u017c 50 km <\/strong>od miejsca szkolenia.<\/p>\n\n\n\n<p>Pe\u0142na, szczeg\u00f3\u0142owa agenda szkolenia zostanie przes\u0142ana uczestnikom bli\u017cej daty wydarzenia.<\/p>\n\n\n\n<p>W przypadku jakichkolwiek pyta\u0144 prosimy o kontakt z Panem <strong>Janem Korzewskim<\/strong> (IOM Poland) pod adresem e-mail <a href=\"mailto:jkorzewski@iom.int\">jkorzewski@iom.int<\/a> lub numerem telefonu +48&nbsp;570&nbsp;877&nbsp;507<\/p>\n\n\n\n<p>Szkolenie organizowane jest przez IOM Poland we wsp\u00f3\u0142pracy z Stowarzyszeniem Interwencji Prawnej.<\/p>\n\n\n\n<p><\/p>\n\n\n\n<p><em>Z wyrazami szacunku,<\/em><\/p>\n\n\n\n<p><strong><em>Dorota Zadroga<\/em><\/strong><\/p>\n\n\n\n<p><em>Project Assistant<\/em><\/p>\n\n\n\n<p><em>Protection Unit<\/em><\/p>\n\n\n\n<p><em>International Organization for Migration<\/em><\/p>\n\n\n\n<p><\/p>\n","protected":false},"excerpt":{"rendered":"<p>Szanowni Pa\u0144stwo, w imieniu Mi\u0119dzynarodowej Organizacji ds. Migracji (IOM Poland) i Stowarzyszenia Interwencji Prawnej chcieliby\u015bmy serdecznie zaprosi\u0107 kurator\u00f3w do udzia\u0142u w dwudniowym szkoleniu organizowanym w ramach projektu GuardianXchange. Szkolenie ma na celu wzmocnienie kompetencji kurator\u00f3w w pracy z dzie\u0107mi cudzoziemskimi bez opieki, z uwzgl\u0119dnieniem zar\u00f3wno aspekt\u00f3w prawnych, jak i psychologicznych. Szkolenie podzielone na dwa uzupe\u0142niaj\u0105ce [&hellip;]<\/p>\n","protected":false},"author":9,"featured_media":0,"comment_status":"closed","ping_status":"closed","sticky":false,"template":"","format":"standard","meta":{"_acf_changed":false,"inline_featured_image":false,"footnotes":""},"categories":[6],"tags":[],"class_list":["post-6156","post","type-post","status-publish","format-standard","hentry","category-artykuly"],"acf":[],"_links":{"self":[{"href":"https:\/\/adwokatura.krakow.pl\/adwokaci-i-aplikanci\/wp-json\/wp\/v2\/posts\/6156","targetHints":{"allow":["GET"]}}],"collection":[{"href":"https:\/\/adwokatura.krakow.pl\/adwokaci-i-aplikanci\/wp-json\/wp\/v2\/posts"}],"about":[{"href":"https:\/\/adwokatura.krakow.pl\/adwokaci-i-aplikanci\/wp-json\/wp\/v2\/types\/post"}],"author":[{"embeddable":true,"href":"https:\/\/adwokatura.krakow.pl\/adwokaci-i-aplikanci\/wp-json\/wp\/v2\/users\/9"}],"replies":[{"embeddable":true,"href":"https:\/\/adwokatura.krakow.pl\/adwokaci-i-aplikanci\/wp-json\/wp\/v2\/comments?post=6156"}],"version-history":[{"count":1,"href":"https:\/\/adwokatura.krakow.pl\/adwokaci-i-aplikanci\/wp-json\/wp\/v2\/posts\/6156\/revisions"}],"predecessor-version":[{"id":6157,"href":"https:\/\/adwokatura.krakow.pl\/adwokaci-i-aplikanci\/wp-json\/wp\/v2\/posts\/6156\/revisions\/6157"}],"wp:attachment":[{"href":"https:\/\/adwokatura.krakow.pl\/adwokaci-i-aplikanci\/wp-json\/wp\/v2\/media?parent=6156"}],"wp:term":[{"taxonomy":"category","embeddable":true,"href":"https:\/\/adwokatura.krakow.pl\/adwokaci-i-aplikanci\/wp-json\/wp\/v2\/categories?post=6156"},{"taxonomy":"post_tag","embeddable":true,"href":"https:\/\/adwokatura.krakow.pl\/adwokaci-i-aplikanci\/wp-json\/wp\/v2\/tags?post=6156"}],"curies":[{"name":"wp","href":"https:\/\/api.w.org\/{rel}","templated":true}]}}