{"id":6159,"date":"2025-08-18T14:56:49","date_gmt":"2025-08-18T12:56:49","guid":{"rendered":"https:\/\/adwokatura.krakow.pl\/adwokaci-i-aplikanci\/?p=6159"},"modified":"2025-08-18T14:56:50","modified_gmt":"2025-08-18T12:56:50","slug":"spartakiada-2025","status":"publish","type":"post","link":"https:\/\/adwokatura.krakow.pl\/adwokaci-i-aplikanci\/spartakiada-2025\/","title":{"rendered":"SPARTAKIADA 2025"},"content":{"rendered":"\n<p><img loading=\"lazy\" decoding=\"async\" height=\"16\" width=\"16\" alt=\"\ud83c\udfc6\" src=\"https:\/\/static.xx.fbcdn.net\/images\/emoji.php\/v9\/tbe\/1\/16\/1f3c6.png\"><img loading=\"lazy\" decoding=\"async\" height=\"16\" width=\"16\" alt=\"\ud83c\udfc6\" src=\"https:\/\/static.xx.fbcdn.net\/images\/emoji.php\/v9\/tbe\/1\/16\/1f3c6.png\"><img loading=\"lazy\" decoding=\"async\" height=\"16\" width=\"16\" alt=\"\ud83c\udfc6\" src=\"https:\/\/static.xx.fbcdn.net\/images\/emoji.php\/v9\/tbe\/1\/16\/1f3c6.png\"> W imieniu Komitetu Organizacyjnego Letniej Og\u00f3lnopolskiej Spartakiady Prawnik\u00f3w zapraszam wszystkich Pa\u0144stwa do udzia\u0142u w XXXII ju\u017c, edycji wielkiego sportowego spo<a><\/a>tkania prawnik\u00f3w z ca\u0142ej Polski, kt\u00f3re odb\u0119dzie si\u0119 w dniach 18-21 wrze\u015bnia 2025 w Szczyrku.<\/p>\n\n\n\n<p><img loading=\"lazy\" decoding=\"async\" height=\"16\" width=\"16\" alt=\"\ud83c\udfc6\" src=\"https:\/\/static.xx.fbcdn.net\/images\/emoji.php\/v9\/tbe\/1\/16\/1f3c6.png\"><img loading=\"lazy\" decoding=\"async\" height=\"16\" width=\"16\" alt=\"\ud83c\udfc6\" src=\"https:\/\/static.xx.fbcdn.net\/images\/emoji.php\/v9\/tbe\/1\/16\/1f3c6.png\"><img loading=\"lazy\" decoding=\"async\" height=\"16\" width=\"16\" alt=\"\ud83c\udfc6\" src=\"https:\/\/static.xx.fbcdn.net\/images\/emoji.php\/v9\/tbe\/1\/16\/1f3c6.png\"> Pragn\u0119 poinformowa\u0107, \u017ce XXXII Letnia Og\u00f3lnopolska Spartakiada Prawnik\u00f3w z udzia\u0142em przedstawicieli zawod\u00f3w prawniczych zostanie rozegrana przede wszystkim na obiektach Centralnego O\u015brodka Sportu \u2013 O\u015brodka Przygotowa\u0144 Olimpijskich w Szczyrku.<\/p>\n\n\n\n<p><img loading=\"lazy\" decoding=\"async\" height=\"16\" width=\"16\" alt=\"\ud83c\udfc6\" src=\"https:\/\/static.xx.fbcdn.net\/images\/emoji.php\/v9\/tbe\/1\/16\/1f3c6.png\"><img loading=\"lazy\" decoding=\"async\" height=\"16\" width=\"16\" alt=\"\ud83c\udfc6\" src=\"https:\/\/static.xx.fbcdn.net\/images\/emoji.php\/v9\/tbe\/1\/16\/1f3c6.png\"><img loading=\"lazy\" decoding=\"async\" height=\"16\" width=\"16\" alt=\"\ud83c\udfc6\" src=\"https:\/\/static.xx.fbcdn.net\/images\/emoji.php\/v9\/tbe\/1\/16\/1f3c6.png\"> Rywalizacja toczy\u0107 si\u0119 b\u0119dzie w dyscyplinach znanych z poprzednich edycji takich jak: lekkoatletyka, pi\u0142ka no\u017cna, p\u0142ywanie, siatk\u00f3wka, siatk\u00f3wka pla\u017cowa, koszyk\u00f3wka, streetball, tenis ziemny, tenis sto\u0142owy.<\/p>\n\n\n\n<p><img loading=\"lazy\" decoding=\"async\" height=\"16\" width=\"16\" alt=\"\ud83c\udfc6\" src=\"https:\/\/static.xx.fbcdn.net\/images\/emoji.php\/v9\/tbe\/1\/16\/1f3c6.png\"><img loading=\"lazy\" decoding=\"async\" height=\"16\" width=\"16\" alt=\"\ud83c\udfc6\" src=\"https:\/\/static.xx.fbcdn.net\/images\/emoji.php\/v9\/tbe\/1\/16\/1f3c6.png\"><img loading=\"lazy\" decoding=\"async\" height=\"16\" width=\"16\" alt=\"\ud83c\udfc6\" src=\"https:\/\/static.xx.fbcdn.net\/images\/emoji.php\/v9\/tbe\/1\/16\/1f3c6.png\"> Uczestnicy b\u0119d\u0105 mogli sprawdzi\u0107 si\u0119 tak\u017ce w grach intelektualnych \u2013 szachach i bryd\u017cu sportowym. Tworz\u0105c Spartakiad\u0119 wierzymy, \u017ce r\u00f3wnowaga mi\u0119dzy intensywn\u0105 prac\u0105 umys\u0142ow\u0105, a aktywno\u015bci\u0105 fizyczn\u0105 jest kluczowa dla zachowania zdrowia i dobrostanu.<\/p>\n\n\n\n<p><img loading=\"lazy\" decoding=\"async\" height=\"16\" width=\"16\" alt=\"\ud83c\udfc6\" src=\"https:\/\/static.xx.fbcdn.net\/images\/emoji.php\/v9\/tbe\/1\/16\/1f3c6.png\"><img loading=\"lazy\" decoding=\"async\" height=\"16\" width=\"16\" alt=\"\ud83c\udfc6\" src=\"https:\/\/static.xx.fbcdn.net\/images\/emoji.php\/v9\/tbe\/1\/16\/1f3c6.png\"><img loading=\"lazy\" decoding=\"async\" height=\"16\" width=\"16\" alt=\"\ud83c\udfc6\" src=\"https:\/\/static.xx.fbcdn.net\/images\/emoji.php\/v9\/tbe\/1\/16\/1f3c6.png\"> Ka\u017cda edycja Spartakiady zapisuje si\u0119 w pami\u0119ci uczestnik\u00f3w jako wyj\u0105tkowe wydarzenie, kt\u00f3re nie tylko pozwala sprawdzi\u0107 swoje sportowe umiej\u0119tno\u015bci, ale r\u00f3wnie\u017c nawi\u0105za\u0107 cenne kontakty i przyja\u017anie.<\/p>\n\n\n\n<p><img loading=\"lazy\" decoding=\"async\" height=\"16\" width=\"16\" alt=\"\ud83e\udd47\" src=\"https:\/\/static.xx.fbcdn.net\/images\/emoji.php\/v9\/t94\/1\/16\/1f947.png\"><img loading=\"lazy\" decoding=\"async\" height=\"16\" width=\"16\" alt=\"\ud83e\udd48\" src=\"https:\/\/static.xx.fbcdn.net\/images\/emoji.php\/v9\/t15\/1\/16\/1f948.png\"><img loading=\"lazy\" decoding=\"async\" height=\"16\" width=\"16\" alt=\"\ud83e\udd49\" src=\"https:\/\/static.xx.fbcdn.net\/images\/emoji.php\/v9\/t96\/1\/16\/1f949.png\">Wszystkie szczeg\u00f3\u0142y organizacyjne znajdziecie na naszej oficjalnej stronie internetowej &#8211; <a href=\"https:\/\/l.facebook.com\/l.php?u=http%3A%2F%2Fxn--spartakiadaprawnikw-i5b.eu%2F%3Ffbclid%3DIwZXh0bgNhZW0CMTAAYnJpZBEwNTJ3SFBZYllrMm9SalVKcwEeORe74dOT3KPJ7Ax_PLM_HARLmeRH5jfr2ZW0iOD5SyaJLORRsgL03C1locI_aem_sFsRYU6PH7DNYC3Nmy8D3A&amp;h=AT3YlnnBuShGB91WVGCB5btGMOa2n81ywZGKSQRNshkzGUgkVl4oSxpXjXn36PcZAJ6jlsqTskoYPQjELWGfqAU1piX2yzgiSXwm2BLNJrnxwO7wYe0QaybNzHybmIxG8PzpuFYznvqclEcZ&amp;__tn__=-UK-R&amp;c[0]=AT3MPw8U82DUlB14feo_L9SaMfZuh1W-2TFDZ9JDsuGdpPTN51Plzfs6HM45OOuLrDj8xiO3eR5pITOUzIj-ox45Mzcc_1jD01iiDk_k5sjRxXxy--qz7wRe110w0tCadBNPJShoDwC7A_ipL5oECSS3TDJfEssNzYGTeKQZgPIsexydUXxe16MEz_OHNraJkmlxwizQ74K_jSCxucDMnfipWA\" rel=\"noreferrer noopener\" target=\"_blank\">http:\/\/xn--spartakiadaprawnikw-i5b.eu\/<\/a> Zapraszamy r\u00f3wnie\u017c na oficjalne media spo\u0142eczno\u015bciowe &#8211; Spartakiada Prawnik\u00f3w Spartakus.<\/p>\n\n\n\n<p>Dariusz Guzdek &#8211; Prezes Stowarzyszenia Spartakiady Spartakus,<\/p>\n\n\n\n<p>Dyrektor Komitetu Organizacyjnego Spartakiady.<\/p>\n\n\n\n<p>Link do strony: <a href=\"https:\/\/spartakiadaprawnikow.eu\/?fbclid=IwZXh0bgNhZW0CMTAAYnJpZBEwNTJ3SFBZYllrMm9SalVKcwEezzFmYVae1gPW-qkdrkZqPn1u9NohnpBjti4KpZDpsvD9oDx1eOKECOKLmkA_aem_ct4BJpNmrvpYzFCtBuxk4Q\" rel=\"noreferrer noopener\" target=\"_blank\">https:\/\/spartakiadaprawnikow.eu\/<\/a><\/p>\n\n\n\n<figure class=\"wp-block-image size-full\"><img loading=\"lazy\" decoding=\"async\" width=\"851\" height=\"315\" src=\"http:\/\/adwokatura.krakow.pl\/adwokaci-i-aplikanci\/wp-content\/uploads\/sites\/2\/2025\/08\/spartakiada-grafika-3.jpg\" alt=\"\" class=\"wp-image-6160\" srcset=\"https:\/\/adwokatura.krakow.pl\/adwokaci-i-aplikanci\/wp-content\/uploads\/sites\/2\/2025\/08\/spartakiada-grafika-3.jpg 851w, https:\/\/adwokatura.krakow.pl\/adwokaci-i-aplikanci\/wp-content\/uploads\/sites\/2\/2025\/08\/spartakiada-grafika-3-300x111.jpg 300w, https:\/\/adwokatura.krakow.pl\/adwokaci-i-aplikanci\/wp-content\/uploads\/sites\/2\/2025\/08\/spartakiada-grafika-3-768x284.jpg 768w\" sizes=\"auto, (max-width: 851px) 100vw, 851px\" \/><\/figure>\n","protected":false},"excerpt":{"rendered":"<p>W imieniu Komitetu Organizacyjnego Letniej Og\u00f3lnopolskiej Spartakiady Prawnik\u00f3w zapraszam wszystkich Pa\u0144stwa do udzia\u0142u w XXXII ju\u017c, edycji wielkiego sportowego spotkania prawnik\u00f3w z ca\u0142ej Polski, kt\u00f3re odb\u0119dzie si\u0119 w dniach 18-21 wrze\u015bnia 2025 w Szczyrku. Pragn\u0119 poinformowa\u0107, \u017ce XXXII Letnia Og\u00f3lnopolska Spartakiada Prawnik\u00f3w z udzia\u0142em przedstawicieli zawod\u00f3w prawniczych zostanie rozegrana przede wszystkim na obiektach Centralnego O\u015brodka [&hellip;]<\/p>\n","protected":false},"author":8,"featured_media":0,"comment_status":"closed","ping_status":"closed","sticky":false,"template":"","format":"standard","meta":{"_acf_changed":false,"inline_featured_image":false,"footnotes":""},"categories":[6],"tags":[],"class_list":["post-6159","post","type-post","status-publish","format-standard","hentry","category-artykuly"],"acf":[],"_links":{"self":[{"href":"https:\/\/adwokatura.krakow.pl\/adwokaci-i-aplikanci\/wp-json\/wp\/v2\/posts\/6159","targetHints":{"allow":["GET"]}}],"collection":[{"href":"https:\/\/adwokatura.krakow.pl\/adwokaci-i-aplikanci\/wp-json\/wp\/v2\/posts"}],"about":[{"href":"https:\/\/adwokatura.krakow.pl\/adwokaci-i-aplikanci\/wp-json\/wp\/v2\/types\/post"}],"author":[{"embeddable":true,"href":"https:\/\/adwokatura.krakow.pl\/adwokaci-i-aplikanci\/wp-json\/wp\/v2\/users\/8"}],"replies":[{"embeddable":true,"href":"https:\/\/adwokatura.krakow.pl\/adwokaci-i-aplikanci\/wp-json\/wp\/v2\/comments?post=6159"}],"version-history":[{"count":1,"href":"https:\/\/adwokatura.krakow.pl\/adwokaci-i-aplikanci\/wp-json\/wp\/v2\/posts\/6159\/revisions"}],"predecessor-version":[{"id":6161,"href":"https:\/\/adwokatura.krakow.pl\/adwokaci-i-aplikanci\/wp-json\/wp\/v2\/posts\/6159\/revisions\/6161"}],"wp:attachment":[{"href":"https:\/\/adwokatura.krakow.pl\/adwokaci-i-aplikanci\/wp-json\/wp\/v2\/media?parent=6159"}],"wp:term":[{"taxonomy":"category","embeddable":true,"href":"https:\/\/adwokatura.krakow.pl\/adwokaci-i-aplikanci\/wp-json\/wp\/v2\/categories?post=6159"},{"taxonomy":"post_tag","embeddable":true,"href":"https:\/\/adwokatura.krakow.pl\/adwokaci-i-aplikanci\/wp-json\/wp\/v2\/tags?post=6159"}],"curies":[{"name":"wp","href":"https:\/\/api.w.org\/{rel}","templated":true}]}}