{"id":6163,"date":"2025-08-22T10:04:05","date_gmt":"2025-08-22T08:04:05","guid":{"rendered":"https:\/\/adwokatura.krakow.pl\/adwokaci-i-aplikanci\/?p=6163"},"modified":"2025-08-22T10:10:17","modified_gmt":"2025-08-22T08:10:17","slug":"zrownowazone-finanse-podyplomowe-studium-prawno-finansowe","status":"publish","type":"post","link":"https:\/\/adwokatura.krakow.pl\/adwokaci-i-aplikanci\/zrownowazone-finanse-podyplomowe-studium-prawno-finansowe\/","title":{"rendered":"Zr\u00f3wnowa\u017cone finanse &#8211; Podyplomowe Studium Prawno-Finansowe"},"content":{"rendered":"\n<p>Szanowni Pa\u0144stwo,&nbsp;<\/p>\n\n\n\n<p>Z przyjemno\u015bci\u0105 informuj\u0119, \u017ce 25 pa\u017adziernika br. planujemy uruchomienie IV edycj\u0119 studi\u00f3w: \u201eZr\u00f3wnowa\u017cone finanse \u2013 Podyplomowe Studium Prawno-Finansowe\u201d. <br>Chcia\u0142bym zach\u0119ci\u0107 cz\u0142onk\u00f3w Okr\u0119gowej Rady Adwokackiej w Krakowie do udzia\u0142u w naszych studiach i zg\u0142\u0119bienia tego dynamicznie rozwijaj\u0105cego si\u0119 obszaru finans\u00f3w.<\/p>\n\n\n\n<p>Celem wdra\u017cania idei zr\u00f3wnowa\u017conych finans\u00f3w (sustainable finance) w mechanizmy dzia\u0142ania sektora finansowego jest przekierowanie kapita\u0142u na inwestycje w gospodarce realnej, kt\u00f3re realizuj\u0105 postulaty zr\u00f3wnowa\u017conego rozwoju gospodarczego, a tak\u017ce usprawnienie dzia\u0142ania mechanizm\u00f3w zarzadzania ryzykiem klimatycznym i \u015brodowiskowym w celu zapewnienia stabilno\u015bci finansowej sektora.<\/p>\n\n\n\n<p>Studia adresowane s\u0105 do pracownik\u00f3w pracownik\u00f3w sektora finansowego, dzia\u0142\u00f3w compliance i&nbsp;audytu, prawnik\u00f3w, konsultant\u00f3w, administracji publicznej, a tak\u017ce os\u00f3b pragn\u0105cych podnie\u015b\u0107 kwalifikacje w zakresie zr\u00f3wnowa\u017conych finans\u00f3w, ESG i zr\u00f3wnowa\u017conego rozwoju w uj\u0119ciu prawno-biznesowym.<\/p>\n\n\n\n<p>Rekrutacja na studia prowadzona jest w formie zg\u0142osze\u0144 on-line. Zaj\u0119cia prowadzone b\u0119d\u0105 w formie hybrydowej &#8211; wyb\u00f3r formy uczestnictwa (forma zdalna albo osobista) b\u0119dzie nale\u017ca\u0142 do uczestnik\u00f3w. Ca\u0142o\u015b\u0107 zaj\u0119\u0107 b\u0119dzie odbywa\u0107 si\u0119 na terenie Kampusu Centralnego Uniwersytetu Warszawskiego.<\/p>\n\n\n\n<p>Zach\u0119cam jednocze\u015bnie do kontaktu: zrownowazone.finanse@wpia.uw.edu.pl <\/p>\n\n\n\n<p>Wi\u0119cej informacji (w tym r\u00f3wnie\u017c i link do rekrutacji) znajduje si\u0119 na stronie: <br><a href=\"https:\/\/wpia.uw.edu.pl\/pl\/studia\/studia-podyplomowe\/studia-podyplomowe-zrownowazone-finanse-podyplomowe-studium-prawno-finansowe\" data-type=\"link\" data-id=\"https:\/\/wpia.uw.edu.pl\/pl\/studia\/studia-podyplomowe\/studia-podyplomowe-zrownowazone-finanse-podyplomowe-studium-prawno-finansowe\">https:\/\/wpia.uw.edu.pl\/pl\/studia\/studia-podyplomowe\/studia-podyplomowe-zrownowazone-finanse-podyplomowe-studium-prawno-finansowe<\/a><\/p>\n\n\n\n<p><em>Z wyrazami szacunku,<br>Robert Rybski<\/em><\/p>\n\n\n\n<figure class=\"wp-block-image size-large\"><img loading=\"lazy\" decoding=\"async\" width=\"1024\" height=\"584\" src=\"https:\/\/adwokatura.krakow.pl\/adwokaci-i-aplikanci\/wp-content\/uploads\/sites\/2\/2025\/08\/zrownowazone-finanse-1024x584.jpg\" alt=\"\" class=\"wp-image-6164\" srcset=\"https:\/\/adwokatura.krakow.pl\/adwokaci-i-aplikanci\/wp-content\/uploads\/sites\/2\/2025\/08\/zrownowazone-finanse-1024x584.jpg 1024w, https:\/\/adwokatura.krakow.pl\/adwokaci-i-aplikanci\/wp-content\/uploads\/sites\/2\/2025\/08\/zrownowazone-finanse-300x171.jpg 300w, https:\/\/adwokatura.krakow.pl\/adwokaci-i-aplikanci\/wp-content\/uploads\/sites\/2\/2025\/08\/zrownowazone-finanse-768x438.jpg 768w, https:\/\/adwokatura.krakow.pl\/adwokaci-i-aplikanci\/wp-content\/uploads\/sites\/2\/2025\/08\/zrownowazone-finanse-1536x877.jpg 1536w, https:\/\/adwokatura.krakow.pl\/adwokaci-i-aplikanci\/wp-content\/uploads\/sites\/2\/2025\/08\/zrownowazone-finanse.jpg 1575w\" sizes=\"auto, (max-width: 1024px) 100vw, 1024px\" \/><\/figure>\n","protected":false},"excerpt":{"rendered":"<p>Szanowni Pa\u0144stwo,&nbsp; Z przyjemno\u015bci\u0105 informuj\u0119, \u017ce 25 pa\u017adziernika br. planujemy uruchomienie IV edycj\u0119 studi\u00f3w: \u201eZr\u00f3wnowa\u017cone finanse \u2013 Podyplomowe Studium Prawno-Finansowe\u201d. Chcia\u0142bym zach\u0119ci\u0107 cz\u0142onk\u00f3w Okr\u0119gowej Rady Adwokackiej w Krakowie do udzia\u0142u w naszych studiach i zg\u0142\u0119bienia tego dynamicznie rozwijaj\u0105cego si\u0119 obszaru finans\u00f3w. Celem wdra\u017cania idei zr\u00f3wnowa\u017conych finans\u00f3w (sustainable finance) w mechanizmy dzia\u0142ania sektora finansowego jest przekierowanie [&hellip;]<\/p>\n","protected":false},"author":9,"featured_media":0,"comment_status":"closed","ping_status":"closed","sticky":false,"template":"","format":"standard","meta":{"_acf_changed":false,"inline_featured_image":false,"footnotes":""},"categories":[6],"tags":[],"class_list":["post-6163","post","type-post","status-publish","format-standard","hentry","category-artykuly"],"acf":[],"_links":{"self":[{"href":"https:\/\/adwokatura.krakow.pl\/adwokaci-i-aplikanci\/wp-json\/wp\/v2\/posts\/6163","targetHints":{"allow":["GET"]}}],"collection":[{"href":"https:\/\/adwokatura.krakow.pl\/adwokaci-i-aplikanci\/wp-json\/wp\/v2\/posts"}],"about":[{"href":"https:\/\/adwokatura.krakow.pl\/adwokaci-i-aplikanci\/wp-json\/wp\/v2\/types\/post"}],"author":[{"embeddable":true,"href":"https:\/\/adwokatura.krakow.pl\/adwokaci-i-aplikanci\/wp-json\/wp\/v2\/users\/9"}],"replies":[{"embeddable":true,"href":"https:\/\/adwokatura.krakow.pl\/adwokaci-i-aplikanci\/wp-json\/wp\/v2\/comments?post=6163"}],"version-history":[{"count":7,"href":"https:\/\/adwokatura.krakow.pl\/adwokaci-i-aplikanci\/wp-json\/wp\/v2\/posts\/6163\/revisions"}],"predecessor-version":[{"id":6172,"href":"https:\/\/adwokatura.krakow.pl\/adwokaci-i-aplikanci\/wp-json\/wp\/v2\/posts\/6163\/revisions\/6172"}],"wp:attachment":[{"href":"https:\/\/adwokatura.krakow.pl\/adwokaci-i-aplikanci\/wp-json\/wp\/v2\/media?parent=6163"}],"wp:term":[{"taxonomy":"category","embeddable":true,"href":"https:\/\/adwokatura.krakow.pl\/adwokaci-i-aplikanci\/wp-json\/wp\/v2\/categories?post=6163"},{"taxonomy":"post_tag","embeddable":true,"href":"https:\/\/adwokatura.krakow.pl\/adwokaci-i-aplikanci\/wp-json\/wp\/v2\/tags?post=6163"}],"curies":[{"name":"wp","href":"https:\/\/api.w.org\/{rel}","templated":true}]}}