{"id":6202,"date":"2025-09-09T13:11:59","date_gmt":"2025-09-09T11:11:59","guid":{"rendered":"https:\/\/adwokatura.krakow.pl\/adwokaci-i-aplikanci\/?p=6202"},"modified":"2025-09-12T10:30:53","modified_gmt":"2025-09-12T08:30:53","slug":"bajeczni-adwokaci-odbior-materialow","status":"publish","type":"post","link":"https:\/\/adwokatura.krakow.pl\/adwokaci-i-aplikanci\/bajeczni-adwokaci-odbior-materialow\/","title":{"rendered":"BAJECZNI ADWOKACI &#8211; Odbi\u00f3r materia\u0142\u00f3w"},"content":{"rendered":"\n<figure class=\"wp-block-image size-full is-resized\"><img loading=\"lazy\" decoding=\"async\" width=\"940\" height=\"788\" src=\"https:\/\/adwokatura.krakow.pl\/adwokaci-i-aplikanci\/wp-content\/uploads\/sites\/2\/2025\/09\/III-edycja-Bajeczni-Adwokaci-2025-3.png\" alt=\"\" class=\"wp-image-6203\" style=\"width:621px;height:auto\" srcset=\"https:\/\/adwokatura.krakow.pl\/adwokaci-i-aplikanci\/wp-content\/uploads\/sites\/2\/2025\/09\/III-edycja-Bajeczni-Adwokaci-2025-3.png 940w, https:\/\/adwokatura.krakow.pl\/adwokaci-i-aplikanci\/wp-content\/uploads\/sites\/2\/2025\/09\/III-edycja-Bajeczni-Adwokaci-2025-3-300x251.png 300w, https:\/\/adwokatura.krakow.pl\/adwokaci-i-aplikanci\/wp-content\/uploads\/sites\/2\/2025\/09\/III-edycja-Bajeczni-Adwokaci-2025-3-768x644.png 768w\" sizes=\"auto, (max-width: 940px) 100vw, 940px\" \/><\/figure>\n\n\n\n<p>Drodzy Bajeczni<\/p>\n\n\n\n<p>W zwi\u0105zku z informacj\u0105, i\u017c nie do wszystkich Pa\u0144stwa docieraj\u0105 wiadomo\u015bci nt. Bajeczni Adwokaci 2025, co zwi\u0105zane jest z du\u017cymi za\u0142\u0105cznikami do wiadomo\u015bci \u2013 \u015ble e-mail bez takowych \ud83d\ude0a<\/p>\n\n\n\n<p>Wszelkie za\u0142\u0105czniki oraz informacje szczeg\u00f3\u0142owe na temat akcji dost\u0119pne s\u0105 na stronie Naczelnej Rady Adwokackiej!<\/p>\n\n\n<a class=\"button button--zielony-ze-strzalka\" href=\"https:\/\/www.adwokatura.pl\/akcja-bajeczni-adwokaci\/materialy-do-pobrania-bajeczni-adwokaci-2025\/\">\n        materia\u0142y do pobrania<\/a>\n\n\n\n<p>Przypominam tak\u017ce, \u017ce tegoroczna akcja trwa do 30 wrze\u015bnia 2025 roku.<\/p>\n\n\n\n<p>Naczelna Rada Adwokacka dostarczy\u0142a na B17 ksi\u0105\u017ceczki oraz zak\u0142adki do ksi\u0105\u017cek, kt\u00f3re trafi\u0105 bezpo\u015brednio do Pa\u0144stwa i dzieciak\u00f3w.<\/p>\n\n\n\n<p><strong>Zapraszamy po ich odbi<\/strong><strong>\u00f3<\/strong><strong>r na Batorego 17 codziennie od 8 do 14.<\/strong><\/p>\n\n\n\n<p>Zach\u0119camy tak\u017ce do dzielenia si\u0119 zdj\u0119ciami i kr\u00f3tkimi relacjami z wydarze\u0144 \u2013 z przyjemno\u015bci\u0105 poka\u017cemy Wasze dzia\u0142ania dalej i wsp\u00f3lnie b\u0119dziemy promowa\u0107 akcj\u0119!<\/p>\n\n\n\n<p>Pami\u0119tajcie, \u017ce w ka\u017cdej chwili mo\u017cecie liczy\u0107 na nasze wsparcie \u2013 jeste\u015bmy tu, \u017ceby pomaga\u0107 i wspiera\u0107 Wasz\u0105 inicjatyw\u0119.<\/p>\n\n\n\n<p>Powodzenia \ud83d\udcda\ud83d\udc9b<\/p>\n\n\n\n<p>Koordynatorzy KIA<\/p>\n\n\n\n<p><\/p>\n","protected":false},"excerpt":{"rendered":"<p>Drodzy Bajeczni W zwi\u0105zku z informacj\u0105, i\u017c nie do wszystkich Pa\u0144stwa docieraj\u0105 wiadomo\u015bci nt. Bajeczni Adwokaci 2025, co zwi\u0105zane jest z du\u017cymi za\u0142\u0105cznikami do wiadomo\u015bci \u2013 \u015ble e-mail bez takowych \ud83d\ude0a Wszelkie za\u0142\u0105czniki oraz informacje szczeg\u00f3\u0142owe na temat akcji dost\u0119pne s\u0105 na stronie Naczelnej Rady Adwokackiej! Przypominam tak\u017ce, \u017ce tegoroczna akcja trwa do 30 wrze\u015bnia [&hellip;]<\/p>\n","protected":false},"author":9,"featured_media":0,"comment_status":"closed","ping_status":"closed","sticky":false,"template":"","format":"standard","meta":{"_acf_changed":false,"inline_featured_image":false,"footnotes":""},"categories":[6],"tags":[],"class_list":["post-6202","post","type-post","status-publish","format-standard","hentry","category-artykuly"],"acf":[],"_links":{"self":[{"href":"https:\/\/adwokatura.krakow.pl\/adwokaci-i-aplikanci\/wp-json\/wp\/v2\/posts\/6202","targetHints":{"allow":["GET"]}}],"collection":[{"href":"https:\/\/adwokatura.krakow.pl\/adwokaci-i-aplikanci\/wp-json\/wp\/v2\/posts"}],"about":[{"href":"https:\/\/adwokatura.krakow.pl\/adwokaci-i-aplikanci\/wp-json\/wp\/v2\/types\/post"}],"author":[{"embeddable":true,"href":"https:\/\/adwokatura.krakow.pl\/adwokaci-i-aplikanci\/wp-json\/wp\/v2\/users\/9"}],"replies":[{"embeddable":true,"href":"https:\/\/adwokatura.krakow.pl\/adwokaci-i-aplikanci\/wp-json\/wp\/v2\/comments?post=6202"}],"version-history":[{"count":3,"href":"https:\/\/adwokatura.krakow.pl\/adwokaci-i-aplikanci\/wp-json\/wp\/v2\/posts\/6202\/revisions"}],"predecessor-version":[{"id":6226,"href":"https:\/\/adwokatura.krakow.pl\/adwokaci-i-aplikanci\/wp-json\/wp\/v2\/posts\/6202\/revisions\/6226"}],"wp:attachment":[{"href":"https:\/\/adwokatura.krakow.pl\/adwokaci-i-aplikanci\/wp-json\/wp\/v2\/media?parent=6202"}],"wp:term":[{"taxonomy":"category","embeddable":true,"href":"https:\/\/adwokatura.krakow.pl\/adwokaci-i-aplikanci\/wp-json\/wp\/v2\/categories?post=6202"},{"taxonomy":"post_tag","embeddable":true,"href":"https:\/\/adwokatura.krakow.pl\/adwokaci-i-aplikanci\/wp-json\/wp\/v2\/tags?post=6202"}],"curies":[{"name":"wp","href":"https:\/\/api.w.org\/{rel}","templated":true}]}}