{"id":6210,"date":"2025-09-10T10:39:12","date_gmt":"2025-09-10T08:39:12","guid":{"rendered":"https:\/\/adwokatura.krakow.pl\/adwokaci-i-aplikanci\/?p=6210"},"modified":"2025-09-10T10:39:13","modified_gmt":"2025-09-10T08:39:13","slug":"zaproszenie-na-seminarium-o-miedzynarodowym-prawie-spadkowym","status":"publish","type":"post","link":"https:\/\/adwokatura.krakow.pl\/adwokaci-i-aplikanci\/zaproszenie-na-seminarium-o-miedzynarodowym-prawie-spadkowym\/","title":{"rendered":"Zaproszenie na seminarium o mi\u0119dzynarodowym prawie spadkowym"},"content":{"rendered":"\n<p>Serdecznie zapraszam do udzia\u0142u w seminarium&nbsp;<em>Unijne rozporz\u0105dzenie spadkowe: pierwsza dekada stosowania \u2013 mocne i s\u0142abe strony oraz perspektywy na przysz\u0142o\u015b\u0107<\/em>, kt\u00f3re odb\u0119dzie si\u0119 na Wydziale Prawa i Administracji Uniwersytetu Jagiello\u0144skiego w dniach 9-10 pa\u017adziernika 2025 r. Program seminarium znajduje si\u0119 w za\u0142\u0105czeniu.&nbsp;<\/p>\n\n\n<div class=\"zalaczniki\">\n    \n    <div class=\"zalaczniki__wrap\">\n                        <div class=\"zalaczniki__single\">\n                <div class=\"zalaczniki__first\">\n                    <p class=\"zalaczniki__title\">\n                                                    PDF                                            <\/p>\n                    <p class=\"zalaczniki__file-name\">\n                                                    Seminarium-EUSuccess-9-10-X-2025-do-pub.pdf                                            <\/p>\n                <\/div>\n                <div class=\"zalaczniki__middle\">\n                                        <a href=\"https:\/\/adwokatura.krakow.pl\/adwokaci-i-aplikanci\/wp-content\/uploads\/sites\/2\/2025\/09\/Seminarium-EUSuccess-9-10-X-2025-do-pub.pdf\">Zobacz plik<\/a>\n                                    <\/div>\n                <div class=\"zalaczniki__last\">\n                                        <a download href=\"https:\/\/adwokatura.krakow.pl\/adwokaci-i-aplikanci\/wp-content\/uploads\/sites\/2\/2025\/09\/Seminarium-EUSuccess-9-10-X-2025-do-pub.pdf\">\n                            <img decoding=\"async\" src=\"https:\/\/adwokatura.krakow.pl\/adwokaci-i-aplikanci\/wp-content\/themes\/kia\/dist\/images\/download.svg\" alt=\"download\">\n                        <\/a>\n                                    <\/div>\n               \n            <\/div>\n                <\/div>\n<\/div>\n\n\n<p>Udzia\u0142 w wydarzeniu jest bezp\u0142atny. Zainteresowane osoby uprzejmie prosz\u0119 o zg\u0142oszenie mailowe&nbsp;do 12 wrze\u015bnia&nbsp;na adres:&nbsp;<a href=\"mailto:anna.wysocka@uj.edu.pl\">anna.wysocka@uj.edu.pl<\/a>&nbsp;(w tytule wiadomo\u015bci prosz\u0119 wpisa\u0107:&nbsp;<em>EUSuccess | Seminarium<\/em>).<\/p>\n\n\n\n<p>Z powa\u017caniem&nbsp;<\/p>\n\n\n\n<p><em>Anna Wysocka-Bar<\/em><\/p>\n\n\n\n<p><em>Centrum Prawa Prywatnego Mi\u0119dzynarodowego\u00a0<\/em><\/p>\n\n\n\n<p><em>Wydzia\u0142 Prawa i Administracji\u00a0<\/em><\/p>\n\n\n\n<p><em>Uniwersytet Jagiello\u0144ski<\/em><\/p>\n","protected":false},"excerpt":{"rendered":"<p>Serdecznie zapraszam do udzia\u0142u w seminarium&nbsp;Unijne rozporz\u0105dzenie spadkowe: pierwsza dekada stosowania \u2013 mocne i s\u0142abe strony oraz perspektywy na przysz\u0142o\u015b\u0107, kt\u00f3re odb\u0119dzie si\u0119 na Wydziale Prawa i Administracji Uniwersytetu Jagiello\u0144skiego w dniach 9-10 pa\u017adziernika 2025 r. Program seminarium znajduje si\u0119 w za\u0142\u0105czeniu.&nbsp; Udzia\u0142 w wydarzeniu jest bezp\u0142atny. Zainteresowane osoby uprzejmie prosz\u0119 o zg\u0142oszenie mailowe&nbsp;do 12 [&hellip;]<\/p>\n","protected":false},"author":9,"featured_media":0,"comment_status":"closed","ping_status":"closed","sticky":false,"template":"","format":"standard","meta":{"_acf_changed":false,"inline_featured_image":false,"footnotes":""},"categories":[6],"tags":[],"class_list":["post-6210","post","type-post","status-publish","format-standard","hentry","category-artykuly"],"acf":[],"_links":{"self":[{"href":"https:\/\/adwokatura.krakow.pl\/adwokaci-i-aplikanci\/wp-json\/wp\/v2\/posts\/6210","targetHints":{"allow":["GET"]}}],"collection":[{"href":"https:\/\/adwokatura.krakow.pl\/adwokaci-i-aplikanci\/wp-json\/wp\/v2\/posts"}],"about":[{"href":"https:\/\/adwokatura.krakow.pl\/adwokaci-i-aplikanci\/wp-json\/wp\/v2\/types\/post"}],"author":[{"embeddable":true,"href":"https:\/\/adwokatura.krakow.pl\/adwokaci-i-aplikanci\/wp-json\/wp\/v2\/users\/9"}],"replies":[{"embeddable":true,"href":"https:\/\/adwokatura.krakow.pl\/adwokaci-i-aplikanci\/wp-json\/wp\/v2\/comments?post=6210"}],"version-history":[{"count":1,"href":"https:\/\/adwokatura.krakow.pl\/adwokaci-i-aplikanci\/wp-json\/wp\/v2\/posts\/6210\/revisions"}],"predecessor-version":[{"id":6212,"href":"https:\/\/adwokatura.krakow.pl\/adwokaci-i-aplikanci\/wp-json\/wp\/v2\/posts\/6210\/revisions\/6212"}],"wp:attachment":[{"href":"https:\/\/adwokatura.krakow.pl\/adwokaci-i-aplikanci\/wp-json\/wp\/v2\/media?parent=6210"}],"wp:term":[{"taxonomy":"category","embeddable":true,"href":"https:\/\/adwokatura.krakow.pl\/adwokaci-i-aplikanci\/wp-json\/wp\/v2\/categories?post=6210"},{"taxonomy":"post_tag","embeddable":true,"href":"https:\/\/adwokatura.krakow.pl\/adwokaci-i-aplikanci\/wp-json\/wp\/v2\/tags?post=6210"}],"curies":[{"name":"wp","href":"https:\/\/api.w.org\/{rel}","templated":true}]}}