{"id":6218,"date":"2025-09-12T09:40:53","date_gmt":"2025-09-12T07:40:53","guid":{"rendered":"https:\/\/adwokatura.krakow.pl\/adwokaci-i-aplikanci\/?p=6218"},"modified":"2025-09-12T09:40:54","modified_gmt":"2025-09-12T07:40:54","slug":"ogolnopolska-pielgrzymka-prawnikow-2025","status":"publish","type":"post","link":"https:\/\/adwokatura.krakow.pl\/adwokaci-i-aplikanci\/ogolnopolska-pielgrzymka-prawnikow-2025\/","title":{"rendered":"Og\u00f3lnopolska Pielgrzymka Prawnik\u00f3w 2025"},"content":{"rendered":"\n<figure class=\"wp-block-image size-large is-resized\"><img loading=\"lazy\" decoding=\"async\" width=\"724\" height=\"1024\" src=\"https:\/\/adwokatura.krakow.pl\/adwokaci-i-aplikanci\/wp-content\/uploads\/sites\/2\/2025\/09\/Pielgrzymka-Prawnikow-2025-724x1024.jpg\" alt=\"\" class=\"wp-image-6219\" style=\"width:671px;height:auto\" srcset=\"https:\/\/adwokatura.krakow.pl\/adwokaci-i-aplikanci\/wp-content\/uploads\/sites\/2\/2025\/09\/Pielgrzymka-Prawnikow-2025-724x1024.jpg 724w, https:\/\/adwokatura.krakow.pl\/adwokaci-i-aplikanci\/wp-content\/uploads\/sites\/2\/2025\/09\/Pielgrzymka-Prawnikow-2025-212x300.jpg 212w, https:\/\/adwokatura.krakow.pl\/adwokaci-i-aplikanci\/wp-content\/uploads\/sites\/2\/2025\/09\/Pielgrzymka-Prawnikow-2025-768x1086.jpg 768w, https:\/\/adwokatura.krakow.pl\/adwokaci-i-aplikanci\/wp-content\/uploads\/sites\/2\/2025\/09\/Pielgrzymka-Prawnikow-2025-1086x1536.jpg 1086w, https:\/\/adwokatura.krakow.pl\/adwokaci-i-aplikanci\/wp-content\/uploads\/sites\/2\/2025\/09\/Pielgrzymka-Prawnikow-2025-1448x2048.jpg 1448w, https:\/\/adwokatura.krakow.pl\/adwokaci-i-aplikanci\/wp-content\/uploads\/sites\/2\/2025\/09\/Pielgrzymka-Prawnikow-2025-scaled.jpg 1811w\" sizes=\"auto, (max-width: 724px) 100vw, 724px\" \/><\/figure>\n\n\n\n<p>Szanowni Pa\u0144stwo,<\/p>\n\n\n\n<p>W imieniu Bpa Janusza Stepnowskiego \u2013 Delegata Konferencji Episkopatu Polski ds. Duszpasterstwa Prawnik\u00f3w \u2013 oraz w\u0142asnym mam zaszczyt zaprosi\u0107 Pa\u0144stwa do udzia\u0142u w 46. Og\u00f3lnopolskiej Pielgrzymce Prawnik\u00f3w na Jasn\u0105 G\u00f3r\u0119, kt\u00f3ra odb\u0119dzie si\u0119 w sobot\u0119, <strong>4 pa\u017adziernika 2025 r.<\/strong><\/p>\n\n\n\n<p>Coroczne spotkanie \u015brodowiska prawniczego na Jasnej G\u00f3rze stanowi wyj\u0105tkow\u0105 okazj\u0119 do wsp\u00f3lnej modlitwy, refleksji nad etosem prawnika, a tak\u017ce do wymiany do\u015bwiadcze\u0144 zawodowych i umocnienia wi\u0119zi w \u015brodowisku prawniczym. <\/p>\n\n\n\n<p><\/p>\n\n\n\n<h2 class=\"wp-block-heading\">Program Pielgrzymki:<\/h2>\n\n\n\n<p>\u2022 <strong>9:30 \u2013<\/strong> Droga Krzy\u017cowa na Wa\u0142ach Jasnej G\u00f3ry \u2022 11:00 \u2013 Eucharystia w Kaplicy Cudownego Obrazu Przewodniczy i homili\u0119 wyg\u0142osi: Bp Janusz Stepnowski \u2013 Delegat KEP ds.<\/p>\n\n\n\n<p>Duszpasterstwa Prawnik\u00f3w<\/p>\n\n\n\n<p>\u2022 <strong>12:15 \u2013 Konferencja:<\/strong><\/p>\n\n\n\n<p>\u201eTw\u00f3rcza si\u0142a sztucznej inteligencji \u2013 zagro\u017cenia, szanse i wyzwania\u201d<\/p>\n\n\n\n<p>Bp dr hab. Jacek Grzybowski, prof. UKSW<\/p>\n\n\n\n<p>\u2022 <strong>13:30 \u2013 Zako\u0144czenie<\/strong><\/p>\n\n\n\n<p><\/p>\n\n\n\n<p><em>Z wyrazami szacunku i z nadziej\u0105 na spotkanie na Jasnej G\u00f3rze,<\/em><\/p>\n\n\n\n<p><em>Ks. dr Grzegorz Zieli\u0144ski, prof. URad.<\/em><\/p>\n\n\n\n<p><em>Krajowy Duszpasterz Prawnik\u00f3w<\/em><\/p>\n\n\n\n<p><em>tel. 605252325<\/em><\/p>\n\n\n\n<p><\/p>\n","protected":false},"excerpt":{"rendered":"<p>Szanowni Pa\u0144stwo, W imieniu Bpa Janusza Stepnowskiego \u2013 Delegata Konferencji Episkopatu Polski ds. Duszpasterstwa Prawnik\u00f3w \u2013 oraz w\u0142asnym mam zaszczyt zaprosi\u0107 Pa\u0144stwa do udzia\u0142u w 46. Og\u00f3lnopolskiej Pielgrzymce Prawnik\u00f3w na Jasn\u0105 G\u00f3r\u0119, kt\u00f3ra odb\u0119dzie si\u0119 w sobot\u0119, 4 pa\u017adziernika 2025 r. Coroczne spotkanie \u015brodowiska prawniczego na Jasnej G\u00f3rze stanowi wyj\u0105tkow\u0105 okazj\u0119 do wsp\u00f3lnej modlitwy, refleksji [&hellip;]<\/p>\n","protected":false},"author":9,"featured_media":0,"comment_status":"closed","ping_status":"closed","sticky":false,"template":"","format":"standard","meta":{"_acf_changed":false,"inline_featured_image":false,"footnotes":""},"categories":[6],"tags":[],"class_list":["post-6218","post","type-post","status-publish","format-standard","hentry","category-artykuly"],"acf":[],"_links":{"self":[{"href":"https:\/\/adwokatura.krakow.pl\/adwokaci-i-aplikanci\/wp-json\/wp\/v2\/posts\/6218","targetHints":{"allow":["GET"]}}],"collection":[{"href":"https:\/\/adwokatura.krakow.pl\/adwokaci-i-aplikanci\/wp-json\/wp\/v2\/posts"}],"about":[{"href":"https:\/\/adwokatura.krakow.pl\/adwokaci-i-aplikanci\/wp-json\/wp\/v2\/types\/post"}],"author":[{"embeddable":true,"href":"https:\/\/adwokatura.krakow.pl\/adwokaci-i-aplikanci\/wp-json\/wp\/v2\/users\/9"}],"replies":[{"embeddable":true,"href":"https:\/\/adwokatura.krakow.pl\/adwokaci-i-aplikanci\/wp-json\/wp\/v2\/comments?post=6218"}],"version-history":[{"count":1,"href":"https:\/\/adwokatura.krakow.pl\/adwokaci-i-aplikanci\/wp-json\/wp\/v2\/posts\/6218\/revisions"}],"predecessor-version":[{"id":6220,"href":"https:\/\/adwokatura.krakow.pl\/adwokaci-i-aplikanci\/wp-json\/wp\/v2\/posts\/6218\/revisions\/6220"}],"wp:attachment":[{"href":"https:\/\/adwokatura.krakow.pl\/adwokaci-i-aplikanci\/wp-json\/wp\/v2\/media?parent=6218"}],"wp:term":[{"taxonomy":"category","embeddable":true,"href":"https:\/\/adwokatura.krakow.pl\/adwokaci-i-aplikanci\/wp-json\/wp\/v2\/categories?post=6218"},{"taxonomy":"post_tag","embeddable":true,"href":"https:\/\/adwokatura.krakow.pl\/adwokaci-i-aplikanci\/wp-json\/wp\/v2\/tags?post=6218"}],"curies":[{"name":"wp","href":"https:\/\/api.w.org\/{rel}","templated":true}]}}