{"id":6221,"date":"2025-09-12T09:48:27","date_gmt":"2025-09-12T07:48:27","guid":{"rendered":"https:\/\/adwokatura.krakow.pl\/adwokaci-i-aplikanci\/?p=6221"},"modified":"2025-09-12T09:48:27","modified_gmt":"2025-09-12T07:48:27","slug":"specjalna-oferta-kursu-toles-dla-aplikantow-z-50-dofinasowaniem","status":"publish","type":"post","link":"https:\/\/adwokatura.krakow.pl\/adwokaci-i-aplikanci\/specjalna-oferta-kursu-toles-dla-aplikantow-z-50-dofinasowaniem\/","title":{"rendered":"Specjalna oferta Kursu TOLES dla aplikant\u00f3w z 50% dofinasowaniem"},"content":{"rendered":"\n<figure class=\"wp-block-image size-full\"><img loading=\"lazy\" decoding=\"async\" width=\"475\" height=\"477\" src=\"https:\/\/adwokatura.krakow.pl\/adwokaci-i-aplikanci\/wp-content\/uploads\/sites\/2\/2025\/09\/zdj-kurs-50-proc.png\" alt=\"\" class=\"wp-image-6222\" srcset=\"https:\/\/adwokatura.krakow.pl\/adwokaci-i-aplikanci\/wp-content\/uploads\/sites\/2\/2025\/09\/zdj-kurs-50-proc.png 475w, https:\/\/adwokatura.krakow.pl\/adwokaci-i-aplikanci\/wp-content\/uploads\/sites\/2\/2025\/09\/zdj-kurs-50-proc-300x300.png 300w, https:\/\/adwokatura.krakow.pl\/adwokaci-i-aplikanci\/wp-content\/uploads\/sites\/2\/2025\/09\/zdj-kurs-50-proc-150x150.png 150w\" sizes=\"auto, (max-width: 475px) 100vw, 475px\" \/><\/figure>\n\n\n\n<p>Mam przyjemno\u015b\u0107 poinformowa\u0107, i\u017c w jesiennej edycji kurs\u00f3w mo\u017cemy zaoferowa\u0107:<br>\u25b6<br>15 miejsc z 50% dofinansowaniem na kurs przygotowawczy do egzaminu TOLES Higher\/Advanced (zni\u017c-<br>ka dost\u0119pna wy\u0142\u0105cznie dla os\u00f3b ucz\u0105cych si\u0119 \u2013 aplikant\u00f3w i aplikantek),<br>\u25b6<br>30% rabatu na op\u0142at\u0119 egzaminacyjn\u0105 TOLES.<br>Dzi\u0119ki temu aplikanci mog\u0105 wzi\u0105\u0107 udzia\u0142 w kursie w cenie 900 z\u0142 zamiast 1800 z\u0142. Liczba miejsc obj\u0119tych dofinansowaniem jest ograniczona do 15 os\u00f3b, a o zakwalifikowaniu si\u0119 decyduje kolejno\u015b\u0107 zg\u0142osze\u0144.<br>Oferta ta jest mo\u017cliwa dzi\u0119ki wieloletniej wsp\u00f3\u0142pracy szko\u0142y Legal English in Practice z presti\u017cowymi instytucjami edukacyjnymi z zakresu j\u0119zyka angielskiego prawniczego \u2013 w tym z Global Legal English w Wielkiej Brytanii (Jeste\u015bmy centrum egzaminacyjnym TOLES od 2013 roku). Dzi\u0119ki tej wsp\u00f3\u0142pracy uda\u0142o si\u0119 pozyska\u0107 dofinansowanie na organizacj\u0119 kurs\u00f3w TOLES skierowanych do os\u00f3b ucz\u0105cych si\u0119 t.j. aplikant\u00f3w i aplikantek.<br>TOLES (Test of Legal English Skills) to najbardziej uznany certyfikat na \u015bwiecie potwierdzaj\u0105cy znajomo\u015b\u0107 j\u0119zyka angielskiego prawniczego. Nazywany jest: The World\u2019s Leading Legal English Certificate for Successful Lawyers and Law Students i cieszy si\u0119 uznaniem w\u015br\u00f3d mi\u0119dzynarodowych kancelarii oraz firm dzia\u0142aj\u0105cych na rynku prawnym.<\/p>\n\n\n\n<p><br>Termin zg\u0142osze\u0144 up\u0142ywa <strong>8 pa\u017adziernika 2025 r.<\/strong><br>Aby skorzysta\u0107 z oferty, nale\u017cy do tego czasu przes\u0142a\u0107 zg\u0142oszenie i dope\u0142ni\u0107 wszystkich formalno\u015bci. Zg\u0142oszenia prosimy kierowa\u0107 na adres: <strong>rekrutacja@lep.edu.pl<\/strong><br>.<br><em>Z wyrazami szacunku<\/em><br><em>Izabela Konopacka<\/em><br><em>r.pr., mgr. filologii angielskiej<\/em><\/p>\n\n\n<div class=\"zalaczniki\">\n    \n    <div class=\"zalaczniki__wrap\">\n                        <div class=\"zalaczniki__single\">\n                <div class=\"zalaczniki__first\">\n                    <p class=\"zalaczniki__title\">\n                                                    dla aplikant\u00f3w                                            <\/p>\n                    <p class=\"zalaczniki__file-name\">\n                                                    broszura25-09-toles-trainees-green-v2.pdf                                            <\/p>\n                <\/div>\n                <div class=\"zalaczniki__middle\">\n                                        <a href=\"https:\/\/adwokatura.krakow.pl\/adwokaci-i-aplikanci\/wp-content\/uploads\/sites\/2\/2025\/09\/broszura25-09-toles-trainees-green-v2.pdf\">Zobacz plik<\/a>\n                                    <\/div>\n                <div class=\"zalaczniki__last\">\n                                        <a download href=\"https:\/\/adwokatura.krakow.pl\/adwokaci-i-aplikanci\/wp-content\/uploads\/sites\/2\/2025\/09\/broszura25-09-toles-trainees-green-v2.pdf\">\n                            <img decoding=\"async\" src=\"https:\/\/adwokatura.krakow.pl\/adwokaci-i-aplikanci\/wp-content\/themes\/kia\/dist\/images\/download.svg\" alt=\"download\">\n                        <\/a>\n                                    <\/div>\n               \n            <\/div>\n                    <div class=\"zalaczniki__single\">\n                <div class=\"zalaczniki__first\">\n                    <p class=\"zalaczniki__title\">\n                                                    dla adwokat\u00f3w                                            <\/p>\n                    <p class=\"zalaczniki__file-name\">\n                                                    broszura25-09-advocates-v2.pdf                                            <\/p>\n                <\/div>\n                <div class=\"zalaczniki__middle\">\n                                        <a href=\"https:\/\/adwokatura.krakow.pl\/adwokaci-i-aplikanci\/wp-content\/uploads\/sites\/2\/2025\/09\/broszura25-09-advocates-v2.pdf\">Zobacz plik<\/a>\n                                    <\/div>\n                <div class=\"zalaczniki__last\">\n                                        <a download href=\"https:\/\/adwokatura.krakow.pl\/adwokaci-i-aplikanci\/wp-content\/uploads\/sites\/2\/2025\/09\/broszura25-09-advocates-v2.pdf\">\n                            <img decoding=\"async\" src=\"https:\/\/adwokatura.krakow.pl\/adwokaci-i-aplikanci\/wp-content\/themes\/kia\/dist\/images\/download.svg\" alt=\"download\">\n                        <\/a>\n                                    <\/div>\n               \n            <\/div>\n                <\/div>\n<\/div>\n\n\n<p><\/p>\n","protected":false},"excerpt":{"rendered":"<p>Mam przyjemno\u015b\u0107 poinformowa\u0107, i\u017c w jesiennej edycji kurs\u00f3w mo\u017cemy zaoferowa\u0107:\u25b615 miejsc z 50% dofinansowaniem na kurs przygotowawczy do egzaminu TOLES Higher\/Advanced (zni\u017c-ka dost\u0119pna wy\u0142\u0105cznie dla os\u00f3b ucz\u0105cych si\u0119 \u2013 aplikant\u00f3w i aplikantek),\u25b630% rabatu na op\u0142at\u0119 egzaminacyjn\u0105 TOLES.Dzi\u0119ki temu aplikanci mog\u0105 wzi\u0105\u0107 udzia\u0142 w kursie w cenie 900 z\u0142 zamiast 1800 z\u0142. Liczba miejsc obj\u0119tych dofinansowaniem [&hellip;]<\/p>\n","protected":false},"author":9,"featured_media":0,"comment_status":"closed","ping_status":"closed","sticky":false,"template":"","format":"standard","meta":{"_acf_changed":false,"inline_featured_image":false,"footnotes":""},"categories":[6],"tags":[],"class_list":["post-6221","post","type-post","status-publish","format-standard","hentry","category-artykuly"],"acf":[],"_links":{"self":[{"href":"https:\/\/adwokatura.krakow.pl\/adwokaci-i-aplikanci\/wp-json\/wp\/v2\/posts\/6221","targetHints":{"allow":["GET"]}}],"collection":[{"href":"https:\/\/adwokatura.krakow.pl\/adwokaci-i-aplikanci\/wp-json\/wp\/v2\/posts"}],"about":[{"href":"https:\/\/adwokatura.krakow.pl\/adwokaci-i-aplikanci\/wp-json\/wp\/v2\/types\/post"}],"author":[{"embeddable":true,"href":"https:\/\/adwokatura.krakow.pl\/adwokaci-i-aplikanci\/wp-json\/wp\/v2\/users\/9"}],"replies":[{"embeddable":true,"href":"https:\/\/adwokatura.krakow.pl\/adwokaci-i-aplikanci\/wp-json\/wp\/v2\/comments?post=6221"}],"version-history":[{"count":1,"href":"https:\/\/adwokatura.krakow.pl\/adwokaci-i-aplikanci\/wp-json\/wp\/v2\/posts\/6221\/revisions"}],"predecessor-version":[{"id":6225,"href":"https:\/\/adwokatura.krakow.pl\/adwokaci-i-aplikanci\/wp-json\/wp\/v2\/posts\/6221\/revisions\/6225"}],"wp:attachment":[{"href":"https:\/\/adwokatura.krakow.pl\/adwokaci-i-aplikanci\/wp-json\/wp\/v2\/media?parent=6221"}],"wp:term":[{"taxonomy":"category","embeddable":true,"href":"https:\/\/adwokatura.krakow.pl\/adwokaci-i-aplikanci\/wp-json\/wp\/v2\/categories?post=6221"},{"taxonomy":"post_tag","embeddable":true,"href":"https:\/\/adwokatura.krakow.pl\/adwokaci-i-aplikanci\/wp-json\/wp\/v2\/tags?post=6221"}],"curies":[{"name":"wp","href":"https:\/\/api.w.org\/{rel}","templated":true}]}}