{"id":6251,"date":"2025-09-17T10:26:36","date_gmt":"2025-09-17T08:26:36","guid":{"rendered":"https:\/\/adwokatura.krakow.pl\/adwokaci-i-aplikanci\/?p=6251"},"modified":"2025-09-17T10:28:01","modified_gmt":"2025-09-17T08:28:01","slug":"eliminacje-srodowiskowego-konkursu-krasomowczego-dla-aplikantow-adwokackich-za-nami","status":"publish","type":"post","link":"https:\/\/adwokatura.krakow.pl\/adwokaci-i-aplikanci\/eliminacje-srodowiskowego-konkursu-krasomowczego-dla-aplikantow-adwokackich-za-nami\/","title":{"rendered":"Eliminacje \u015arodowiskowego Konkursu Krasom\u00f3wczego dla Aplikant\u00f3w Adwokackich za nami"},"content":{"rendered":"\n<p>W dniu wczorajszym Komisja Konkursowa w sk\u0142adzie: <\/p>\n\n\n\n<p>adw. Aleksander Gut &#8211; Dziekan ORA w Krakowie, <\/p>\n\n\n\n<p>adw. Tomasz Adamczyk &#8211; Dziekan ORA w Kielcach, <\/p>\n\n\n\n<p>adw. Marcin Cichulski &#8211; Dziekan ORA w Rzeszowie, <\/p>\n\n\n\n<p>adw. Marcin Karpi\u0144ski &#8211; Dziekan ORA w Cz\u0119stochowie <\/p>\n\n\n\n<p>Pani Natalia Firek \u2013 Bara\u0144ska &#8211; <em>Maestra przeprowadzi\u0142a eliminacje \u015brodowiskowe og\u00f3lnopolskiego Konkursu Krasom\u00f3wczego dla aplikant\u00f3w adwokackich Izb: Cz\u0119stochowskiej, Kieleckiej, Rzeszowskiej i Krakowskiej.<\/em><\/p>\n\n\n\n<p>W konkursie wzi\u0119\u0142o udzia\u0142 o\u015bmiu aplikant\u00f3w, laureat\u00f3w eliminacji izbowych, kt\u00f3rzy zaprezentowali Komisji wyst\u0105pienia w roli pe\u0142nomocnik\u00f3w procesowych w procesie cywilnym lub w roli obro\u0144cy albo pe\u0142nomocnika oskar\u017cyciela posi\u0142kowego w procesie karnym.<\/p>\n\n\n\n<p>Bezpo\u015brednio po wys\u0142uchaniu wyst\u0105pie\u0144 wszystkich uczestnik\u00f3w Konkursu, Komisja Konkursowa na zamkni\u0119tym posiedzeniu dokona\u0142a ich oceny bior\u0105c pod uwag\u0119 poprawno\u015b\u0107 rozstrzygni\u0119cia zagadnie\u0144 prawnych, styl i j\u0119zyk przem\u00f3wienia, jego form\u0119, poprawno\u015b\u0107 fonetyczn\u0105, konstrukcj\u0119 przem\u00f3wienia jak te\u017c spos\u00f3b przedstawienia strony faktycznej sprawy.<\/p>\n\n\n\n<p>Jednomy\u015bln\u0105 decyzj\u0105 Komisja Konkursowa uzna\u0142a, \u017ce:<\/p>\n\n\n\n<p>&#8211; pierwsz\u0105 lokat\u0119 uzyska\u0142 apl. adw. Micha\u0142 Popera,<\/p>\n\n\n\n<p>&#8211; drug\u0105 lokat\u0119 uzyska\u0142 apl. adw. Bartosz Horowitz,<\/p>\n\n\n\n<p>&#8211; trzeci\u0105 lokat\u0119 uzyska\u0142a apl. adw. Gabriela Sio\u0142ek,<\/p>\n\n\n\n<p>natomiast wyr\u00f3\u017cnienie apl. adw. Julia Knapik.<\/p>\n\n\n\n<p>Dodatkowo Prezes O\u015brodka Badawczego Adwokatury adw. Pawe\u0142 Gieras przyzna\u0142 wyr\u00f3\u017cnienia OBA dla apl. adw. Julii Knapik oraz apl. adw. Micha\u0142a Popery.<\/p>\n\n\n\n<p>Do udzia\u0142u w finale Og\u00f3lnopolskiego Konkursu Krasom\u00f3wczego zostali tym samym zakwalifikowani aplikanci adwokaccy Krakowskiej Izby Micha\u0142 Popera oraz Bartosz Horowitz \u2013 <strong>GRATULUJEMY!!!<\/strong><\/p>\n\n\n\n<p>pi\u0119kne popo\u0142udnie przy B17 u\u015bwietnili\u015bmy wernisa\u017cem Pani Emilii G\u0105sienicy-Setlak &#8211; malarki, kt\u00f3ra wnosi kolor i pozytywne emocje do wn\u0119trz, co te\u017c uczyni\u0142a przy Batorego.<\/p>\n\n\n\n<p>Dzi\u0119kujemy zar\u00f3wno Pani Emilii jak i Pani Mecenas Annie Bojdeckiej, kt\u00f3rej pomys\u0142em by\u0142o po\u0142\u0105czenie sztuki s\u0142owa i sztuki obrazu.. wysz\u0142o ..c\u00f3\u017c tu du\u017co m\u00f3wi\u0107 \u2026.pi\u0119knie<\/p>\n\n\n\n<div class=\"wp-block-columns is-layout-flex wp-container-core-columns-is-layout-9d6595d7 wp-block-columns-is-layout-flex\">\n<div class=\"wp-block-column is-layout-flow wp-block-column-is-layout-flow\">\n<figure class=\"wp-block-image size-large\"><img loading=\"lazy\" decoding=\"async\" width=\"768\" height=\"1024\" src=\"https:\/\/adwokatura.krakow.pl\/adwokaci-i-aplikanci\/wp-content\/uploads\/sites\/2\/2025\/09\/548008629_1407043661424419_2989727604355948527_n-1-768x1024.jpg\" alt=\"\" class=\"wp-image-6252\" srcset=\"https:\/\/adwokatura.krakow.pl\/adwokaci-i-aplikanci\/wp-content\/uploads\/sites\/2\/2025\/09\/548008629_1407043661424419_2989727604355948527_n-1-768x1024.jpg 768w, https:\/\/adwokatura.krakow.pl\/adwokaci-i-aplikanci\/wp-content\/uploads\/sites\/2\/2025\/09\/548008629_1407043661424419_2989727604355948527_n-1-225x300.jpg 225w, https:\/\/adwokatura.krakow.pl\/adwokaci-i-aplikanci\/wp-content\/uploads\/sites\/2\/2025\/09\/548008629_1407043661424419_2989727604355948527_n-1-1152x1536.jpg 1152w, https:\/\/adwokatura.krakow.pl\/adwokaci-i-aplikanci\/wp-content\/uploads\/sites\/2\/2025\/09\/548008629_1407043661424419_2989727604355948527_n-1.jpg 1536w\" sizes=\"auto, (max-width: 768px) 100vw, 768px\" \/><\/figure>\n<\/div>\n\n\n\n<div class=\"wp-block-column is-layout-flow wp-block-column-is-layout-flow\">\n<figure class=\"wp-block-image size-large\"><img loading=\"lazy\" decoding=\"async\" width=\"768\" height=\"1024\" src=\"https:\/\/adwokatura.krakow.pl\/adwokaci-i-aplikanci\/wp-content\/uploads\/sites\/2\/2025\/09\/548489423_1407043364757782_6000427831699371007_n-1-768x1024.jpg\" alt=\"\" class=\"wp-image-6253\" srcset=\"https:\/\/adwokatura.krakow.pl\/adwokaci-i-aplikanci\/wp-content\/uploads\/sites\/2\/2025\/09\/548489423_1407043364757782_6000427831699371007_n-1-768x1024.jpg 768w, https:\/\/adwokatura.krakow.pl\/adwokaci-i-aplikanci\/wp-content\/uploads\/sites\/2\/2025\/09\/548489423_1407043364757782_6000427831699371007_n-1-225x300.jpg 225w, https:\/\/adwokatura.krakow.pl\/adwokaci-i-aplikanci\/wp-content\/uploads\/sites\/2\/2025\/09\/548489423_1407043364757782_6000427831699371007_n-1-1152x1536.jpg 1152w, https:\/\/adwokatura.krakow.pl\/adwokaci-i-aplikanci\/wp-content\/uploads\/sites\/2\/2025\/09\/548489423_1407043364757782_6000427831699371007_n-1.jpg 1536w\" sizes=\"auto, (max-width: 768px) 100vw, 768px\" \/><\/figure>\n<\/div>\n\n\n\n<div class=\"wp-block-column is-layout-flow wp-block-column-is-layout-flow\">\n<figure class=\"wp-block-image size-large\"><img loading=\"lazy\" decoding=\"async\" width=\"768\" height=\"1024\" src=\"https:\/\/adwokatura.krakow.pl\/adwokaci-i-aplikanci\/wp-content\/uploads\/sites\/2\/2025\/09\/549632886_1407043601424425_9184536001735364587_n-1-768x1024.jpg\" alt=\"\" class=\"wp-image-6254\" srcset=\"https:\/\/adwokatura.krakow.pl\/adwokaci-i-aplikanci\/wp-content\/uploads\/sites\/2\/2025\/09\/549632886_1407043601424425_9184536001735364587_n-1-768x1024.jpg 768w, https:\/\/adwokatura.krakow.pl\/adwokaci-i-aplikanci\/wp-content\/uploads\/sites\/2\/2025\/09\/549632886_1407043601424425_9184536001735364587_n-1-225x300.jpg 225w, https:\/\/adwokatura.krakow.pl\/adwokaci-i-aplikanci\/wp-content\/uploads\/sites\/2\/2025\/09\/549632886_1407043601424425_9184536001735364587_n-1-1152x1536.jpg 1152w, https:\/\/adwokatura.krakow.pl\/adwokaci-i-aplikanci\/wp-content\/uploads\/sites\/2\/2025\/09\/549632886_1407043601424425_9184536001735364587_n-1.jpg 1536w\" sizes=\"auto, (max-width: 768px) 100vw, 768px\" \/><\/figure>\n<\/div>\n<\/div>\n\n\n<a class=\"button button--zielony-ze-strzalka\" href=\"https:\/\/adwokatura.krakow.pl\/adwokaci-i-aplikanci\/galeria\/eliminacje-srodowiskowego-konkursu-krasomowczego-polaczony-z-wernisazem-pani-emilii-gasienicy-setlak\/\">\n        GALERIA ZDJ\u0118\u0106<\/a>\n","protected":false},"excerpt":{"rendered":"<p>W dniu wczorajszym Komisja Konkursowa w sk\u0142adzie: adw. Aleksander Gut &#8211; Dziekan ORA w Krakowie, adw. Tomasz Adamczyk &#8211; Dziekan ORA w Kielcach, adw. Marcin Cichulski &#8211; Dziekan ORA w Rzeszowie, adw. Marcin Karpi\u0144ski &#8211; Dziekan ORA w Cz\u0119stochowie Pani Natalia Firek \u2013 Bara\u0144ska &#8211; Maestra przeprowadzi\u0142a eliminacje \u015brodowiskowe og\u00f3lnopolskiego Konkursu Krasom\u00f3wczego dla aplikant\u00f3w adwokackich [&hellip;]<\/p>\n","protected":false},"author":9,"featured_media":0,"comment_status":"closed","ping_status":"closed","sticky":false,"template":"","format":"standard","meta":{"_acf_changed":false,"inline_featured_image":false,"footnotes":""},"categories":[6],"tags":[],"class_list":["post-6251","post","type-post","status-publish","format-standard","hentry","category-artykuly"],"acf":[],"_links":{"self":[{"href":"https:\/\/adwokatura.krakow.pl\/adwokaci-i-aplikanci\/wp-json\/wp\/v2\/posts\/6251","targetHints":{"allow":["GET"]}}],"collection":[{"href":"https:\/\/adwokatura.krakow.pl\/adwokaci-i-aplikanci\/wp-json\/wp\/v2\/posts"}],"about":[{"href":"https:\/\/adwokatura.krakow.pl\/adwokaci-i-aplikanci\/wp-json\/wp\/v2\/types\/post"}],"author":[{"embeddable":true,"href":"https:\/\/adwokatura.krakow.pl\/adwokaci-i-aplikanci\/wp-json\/wp\/v2\/users\/9"}],"replies":[{"embeddable":true,"href":"https:\/\/adwokatura.krakow.pl\/adwokaci-i-aplikanci\/wp-json\/wp\/v2\/comments?post=6251"}],"version-history":[{"count":2,"href":"https:\/\/adwokatura.krakow.pl\/adwokaci-i-aplikanci\/wp-json\/wp\/v2\/posts\/6251\/revisions"}],"predecessor-version":[{"id":6257,"href":"https:\/\/adwokatura.krakow.pl\/adwokaci-i-aplikanci\/wp-json\/wp\/v2\/posts\/6251\/revisions\/6257"}],"wp:attachment":[{"href":"https:\/\/adwokatura.krakow.pl\/adwokaci-i-aplikanci\/wp-json\/wp\/v2\/media?parent=6251"}],"wp:term":[{"taxonomy":"category","embeddable":true,"href":"https:\/\/adwokatura.krakow.pl\/adwokaci-i-aplikanci\/wp-json\/wp\/v2\/categories?post=6251"},{"taxonomy":"post_tag","embeddable":true,"href":"https:\/\/adwokatura.krakow.pl\/adwokaci-i-aplikanci\/wp-json\/wp\/v2\/tags?post=6251"}],"curies":[{"name":"wp","href":"https:\/\/api.w.org\/{rel}","templated":true}]}}