{"id":6259,"date":"2025-09-17T14:33:21","date_gmt":"2025-09-17T12:33:21","guid":{"rendered":"https:\/\/adwokatura.krakow.pl\/adwokaci-i-aplikanci\/?p=6259"},"modified":"2025-09-25T09:06:08","modified_gmt":"2025-09-25T07:06:08","slug":"zaproszenie-na-warsztaty-networkingowe","status":"publish","type":"post","link":"https:\/\/adwokatura.krakow.pl\/adwokaci-i-aplikanci\/zaproszenie-na-warsztaty-networkingowe\/","title":{"rendered":"Zaproszenie na warsztaty networkingowe"},"content":{"rendered":"\n<p>Szanowni Pa\u0144stwo,<\/p>\n\n\n\n<p>Krakowska Izba Adwokacka i&nbsp; #Nowoczesna Adwokatura zapraszaj\u0105 na praktyczne warsztaty dedykowane adwokatom oraz aplikantom adwokackim, kt\u00f3rzy chc\u0105 \u015bwiadomie rozwija\u0107 swoje kompetencje w zakresie budowania relacji zawodowych.<\/p>\n\n\n\n<p>Podczas spotkania uczestnicy:<\/p>\n\n\n\n<ul class=\"wp-block-list\">\n<li>poznaj\u0105 strategie skutecznego networkingu w \u015brodowisku biznesowym i prawniczym,<\/li>\n\n\n\n<li>naucz\u0105 si\u0119, jak maksymalnie wykorzysta\u0107 potencja\u0142 obecno\u015bci na konferencjach, targach czy spotkaniach bran\u017cowych,<\/li>\n\n\n\n<li>prze\u0107wicz\u0105 techniki inicjowania i prowadzenia warto\u015bciowych rozm\u00f3w,<\/li>\n\n\n\n<li>otrzymaj\u0105 wskaz\u00f3wki, jak przeku\u0107 nowe kontakty w trwa\u0142\u0105 wsp\u00f3\u0142prac\u0119.<\/li>\n<\/ul>\n\n\n\n<p>Warsztaty b\u0119d\u0105 mia\u0142y charakter interaktywny i praktyczny \u2013 stawiamy na \u0107wiczenia, case studies i wymian\u0119 do\u015bwiadcze\u0144.<\/p>\n\n\n\n<p><strong>Temat: Eventworking \u2013 jak efektywnie wykorzysta\u0107 potencja\u0142 networkingu podczas wydarze\u0144 (konferencji, targ\u00f3w, business mixer\u00f3w)<\/strong><\/p>\n\n\n\n<p><strong>Data:<\/strong> 6.10.2025, godz. 17.00<\/p>\n\n\n\n<p><strong>Miejsce:<\/strong> Klub Adwokat\u00f3w, ul. Batorego 17 w Krakowie, III pi\u0119tro<\/p>\n\n\n\n<p><strong>Koszt uczestnictwa:<\/strong> <strong>50 z\u0142<\/strong> (op\u0142ata jednorazowa) p\u0142atna na rachunek KIA :<\/p>\n\n\n\n<p>65 1050 1445 1000 0090 3043 5714<\/p>\n\n\n\n<p>z dopiskiem: <em>imi\u0119 i nazwisko, networking<\/em><\/p>\n\n\n\n<p><strong>Termin zg\u0142osze\u0144 do 30.09.2025r.<\/strong><\/p>\n\n\n\n<figure class=\"wp-block-image size-large is-resized\"><img loading=\"lazy\" decoding=\"async\" width=\"819\" height=\"1024\" src=\"http:\/\/adwokatura.krakow.pl\/adwokaci-i-aplikanci\/wp-content\/uploads\/sites\/2\/2025\/09\/WARSZTAT-NETWORKINGOWY-2-819x1024.jpg\" alt=\"\" class=\"wp-image-6262\" style=\"width:566px;height:auto\" srcset=\"https:\/\/adwokatura.krakow.pl\/adwokaci-i-aplikanci\/wp-content\/uploads\/sites\/2\/2025\/09\/WARSZTAT-NETWORKINGOWY-2-819x1024.jpg 819w, https:\/\/adwokatura.krakow.pl\/adwokaci-i-aplikanci\/wp-content\/uploads\/sites\/2\/2025\/09\/WARSZTAT-NETWORKINGOWY-2-240x300.jpg 240w, https:\/\/adwokatura.krakow.pl\/adwokaci-i-aplikanci\/wp-content\/uploads\/sites\/2\/2025\/09\/WARSZTAT-NETWORKINGOWY-2-768x960.jpg 768w, https:\/\/adwokatura.krakow.pl\/adwokaci-i-aplikanci\/wp-content\/uploads\/sites\/2\/2025\/09\/WARSZTAT-NETWORKINGOWY-2.jpg 1080w\" sizes=\"auto, (max-width: 819px) 100vw, 819px\" \/><\/figure>\n\n\n\n<p><strong>O TRENERZE<\/strong><\/p>\n\n\n\n<p><strong>Artur S\u00f3jka<\/strong><\/p>\n\n\n\n<p>\u2022 Praktyk i trener z zakresu sprzeda\u017cy, ze szczeg\u00f3lnym uwzgl\u0119dnieniem sprzeda\u017cy relacyjnej i<\/p>\n\n\n\n<p>rekomendacji (przez networking off-line i on-line, czyli social selling).<\/p>\n\n\n\n<p>\u2022 Wielokrotny prelegent podczas event\u00f3w. Wyst\u0119powa\u0142 podczas m.in. Konferencji Start-up Bydgoszcz<\/p>\n\n\n\n<p>organizowanej przez Bydgosk\u0105 Agencj\u0119 Rozwoju Regionalnego, Wielkiego \u015awi\u0119ta Networkingu w Oslo<\/p>\n\n\n\n<p>(organizator TRUST Club), Power Day \u2013 Akademii Handlowca w Teatrze Syrena, Kongresu Firm w<\/p>\n\n\n\n<p>Obornikach, Kobieca Energia w Biznesie w Warszawie, Konferencji dla Partner\u00f3w Benefit Systems,<\/p>\n\n\n\n<p>National Sales Congress, HR Brunch Preply i wielu innych.<\/p>\n\n\n\n<p>\u2022 W latach 2008 &#8211; 2016 prowadzi\u0142 jako trener wewn\u0119trzny w korporacji wiele szkole\u0144 z zakresu<\/p>\n\n\n\n<p>pozyskiwania klient\u00f3w za pomoc\u0105 networkingu i rekomendacji.<\/p>\n\n\n\n<p>\u2022 Jako trener pracowa\u0142 dla m.in. PIRIOS S.A., CANON, Uniwersytet Ekonomiczny w Poznaniu, Ever<\/p>\n\n\n\n<p>Cleaning, Arburg, Newmor, Akademia Leona Ko\u017ami\u0144skiego, Allianz, IBM, Royal Bank of Scotland,<\/p>\n\n\n\n<p>Nationale Nederlanden, Unum, Strauss Cafe Poland (MK Cafe) i wielu innych.<\/p>\n\n\n\n<p><strong>Zagadnienia poruszane podczas szkolenia:<\/strong><\/p>\n\n\n\n<p>\u2022 Czym jest, a czym nie jest networking podczas wydarze\u0144 (fakty vs mity)<\/p>\n\n\n\n<p>\u2022 Dlaczego warto uprawia\u0107 networking: jakie korzy\u015bci mo\u017cna z niego mie\u0107 (networking w<\/p>\n\n\n\n<p>prospectingu)<\/p>\n\n\n\n<p>c) Podstawowe b\u0142\u0119dy pope\u0142niane w networkingu i jak je wyeliminowa\u0107<\/p>\n\n\n\n<p>d) Podstawowe poj\u0119cia zwi\u0105zane z networkingiem (elevator pitch, mingling, small talk)<\/p>\n\n\n\n<p>e) Postawa introwertyczna vs ekstrawertyczna w networkingu (i szerzej: budowaniu relacji)<\/p>\n\n\n\n<p>\ud83d\udc49 <strong>Zg\u0142oszenia przyjmujemy do wyczerpania miejsc.<\/strong><br>Liczba miejsc jest ograniczona do <strong>50<\/strong> \u2013 decyduje kolejno\u015b\u0107 zapis\u00f3w.<\/p>\n\n\n\n<p>\ud83d\udce9 Rejestracja \u2013 poprzez zapis link oraz dokonanie p\u0142atno\u015bci<\/p>\n\n\n<a class=\"button button--zielony-ze-strzalka\" href=\"https:\/\/docs.google.com\/forms\/d\/16DmWbNWst_zYtVPZiLqOiVRVALxjEYpCoMbjZUsfaW8\/preview\">\n        LINK DO FORMULARZA ZG\u0141OSZE\u0143<\/a>\n","protected":false},"excerpt":{"rendered":"<p>Szanowni Pa\u0144stwo, Krakowska Izba Adwokacka i&nbsp; #Nowoczesna Adwokatura zapraszaj\u0105 na praktyczne warsztaty dedykowane adwokatom oraz aplikantom adwokackim, kt\u00f3rzy chc\u0105 \u015bwiadomie rozwija\u0107 swoje kompetencje w zakresie budowania relacji zawodowych. Podczas spotkania uczestnicy: Warsztaty b\u0119d\u0105 mia\u0142y charakter interaktywny i praktyczny \u2013 stawiamy na \u0107wiczenia, case studies i wymian\u0119 do\u015bwiadcze\u0144. Temat: Eventworking \u2013 jak efektywnie wykorzysta\u0107 potencja\u0142 networkingu [&hellip;]<\/p>\n","protected":false},"author":9,"featured_media":0,"comment_status":"closed","ping_status":"closed","sticky":false,"template":"","format":"standard","meta":{"_acf_changed":false,"inline_featured_image":false,"footnotes":""},"categories":[6],"tags":[113,111,112],"class_list":["post-6259","post","type-post","status-publish","format-standard","hentry","category-artykuly","tag-16-pazdziernika","tag-networkingowe","tag-warsztaty"],"acf":[],"_links":{"self":[{"href":"https:\/\/adwokatura.krakow.pl\/adwokaci-i-aplikanci\/wp-json\/wp\/v2\/posts\/6259","targetHints":{"allow":["GET"]}}],"collection":[{"href":"https:\/\/adwokatura.krakow.pl\/adwokaci-i-aplikanci\/wp-json\/wp\/v2\/posts"}],"about":[{"href":"https:\/\/adwokatura.krakow.pl\/adwokaci-i-aplikanci\/wp-json\/wp\/v2\/types\/post"}],"author":[{"embeddable":true,"href":"https:\/\/adwokatura.krakow.pl\/adwokaci-i-aplikanci\/wp-json\/wp\/v2\/users\/9"}],"replies":[{"embeddable":true,"href":"https:\/\/adwokatura.krakow.pl\/adwokaci-i-aplikanci\/wp-json\/wp\/v2\/comments?post=6259"}],"version-history":[{"count":3,"href":"https:\/\/adwokatura.krakow.pl\/adwokaci-i-aplikanci\/wp-json\/wp\/v2\/posts\/6259\/revisions"}],"predecessor-version":[{"id":6314,"href":"https:\/\/adwokatura.krakow.pl\/adwokaci-i-aplikanci\/wp-json\/wp\/v2\/posts\/6259\/revisions\/6314"}],"wp:attachment":[{"href":"https:\/\/adwokatura.krakow.pl\/adwokaci-i-aplikanci\/wp-json\/wp\/v2\/media?parent=6259"}],"wp:term":[{"taxonomy":"category","embeddable":true,"href":"https:\/\/adwokatura.krakow.pl\/adwokaci-i-aplikanci\/wp-json\/wp\/v2\/categories?post=6259"},{"taxonomy":"post_tag","embeddable":true,"href":"https:\/\/adwokatura.krakow.pl\/adwokaci-i-aplikanci\/wp-json\/wp\/v2\/tags?post=6259"}],"curies":[{"name":"wp","href":"https:\/\/api.w.org\/{rel}","templated":true}]}}