{"id":6276,"date":"2025-09-19T13:41:17","date_gmt":"2025-09-19T11:41:17","guid":{"rendered":"https:\/\/adwokatura.krakow.pl\/adwokaci-i-aplikanci\/?p=6276"},"modified":"2025-09-19T13:41:17","modified_gmt":"2025-09-19T11:41:17","slug":"komunikat-dot-zgromadzenia","status":"publish","type":"post","link":"https:\/\/adwokatura.krakow.pl\/adwokaci-i-aplikanci\/komunikat-dot-zgromadzenia\/","title":{"rendered":"Komunikat dot. Zgromadzenia"},"content":{"rendered":"\n<figure class=\"wp-block-image size-large is-resized\"><img loading=\"lazy\" decoding=\"async\" width=\"1024\" height=\"576\" src=\"https:\/\/adwokatura.krakow.pl\/adwokaci-i-aplikanci\/wp-content\/uploads\/sites\/2\/2025\/09\/550222385_1409039694558149_3583445975113613156_n-1024x576.jpg\" alt=\"\" class=\"wp-image-6277\" style=\"width:798px;height:auto\" srcset=\"https:\/\/adwokatura.krakow.pl\/adwokaci-i-aplikanci\/wp-content\/uploads\/sites\/2\/2025\/09\/550222385_1409039694558149_3583445975113613156_n-1024x576.jpg 1024w, https:\/\/adwokatura.krakow.pl\/adwokaci-i-aplikanci\/wp-content\/uploads\/sites\/2\/2025\/09\/550222385_1409039694558149_3583445975113613156_n-300x169.jpg 300w, https:\/\/adwokatura.krakow.pl\/adwokaci-i-aplikanci\/wp-content\/uploads\/sites\/2\/2025\/09\/550222385_1409039694558149_3583445975113613156_n-768x432.jpg 768w, https:\/\/adwokatura.krakow.pl\/adwokaci-i-aplikanci\/wp-content\/uploads\/sites\/2\/2025\/09\/550222385_1409039694558149_3583445975113613156_n-1536x864.jpg 1536w, https:\/\/adwokatura.krakow.pl\/adwokaci-i-aplikanci\/wp-content\/uploads\/sites\/2\/2025\/09\/550222385_1409039694558149_3583445975113613156_n.jpg 1920w\" sizes=\"auto, (max-width: 1024px) 100vw, 1024px\" \/><\/figure>\n\n\n\n<p>Kole\u017canki i Koledzy,<\/p>\n\n\n\n<p><a><\/a>ju\u017c jutro tj. w sobot\u0119 20 wrze\u015bnia br. o godzinie 9.30. widzimy si\u0119 na corocznym Zgromadzeniu Izby Adwokackiej w Krakowie.<\/p>\n\n\n\n<p>Zgromadzenie jest zwo\u0142ane w trybie hybrydowym, wi\u0119c zapraszam do uczestnictwa w nim wed\u0142ug w\u0142asnego uznania &#8211; stacjonarnie lub zdalnie. Ka\u017cda z form uczestnictwa umo\u017cliwia zar\u00f3wno zabieranie g\u0142osu, sk\u0142adanie wniosk\u00f3w, jak r\u00f3wnie\u017c g\u0142osowanie.<\/p>\n\n\n\n<p>Do zobaczenia.<\/p>\n\n\n\n<p><em>adw. Aleksander Gut<\/em><\/p>\n\n\n\n<p><em>Dziekan ORA w Krakowie<\/em><\/p>\n","protected":false},"excerpt":{"rendered":"<p>Kole\u017canki i Koledzy, ju\u017c jutro tj. w sobot\u0119 20 wrze\u015bnia br. o godzinie 9.30. widzimy si\u0119 na corocznym Zgromadzeniu Izby Adwokackiej w Krakowie. Zgromadzenie jest zwo\u0142ane w trybie hybrydowym, wi\u0119c zapraszam do uczestnictwa w nim wed\u0142ug w\u0142asnego uznania &#8211; stacjonarnie lub zdalnie. Ka\u017cda z form uczestnictwa umo\u017cliwia zar\u00f3wno zabieranie g\u0142osu, sk\u0142adanie wniosk\u00f3w, jak r\u00f3wnie\u017c g\u0142osowanie. [&hellip;]<\/p>\n","protected":false},"author":9,"featured_media":0,"comment_status":"closed","ping_status":"closed","sticky":false,"template":"","format":"standard","meta":{"_acf_changed":false,"inline_featured_image":false,"footnotes":""},"categories":[6],"tags":[],"class_list":["post-6276","post","type-post","status-publish","format-standard","hentry","category-artykuly"],"acf":[],"_links":{"self":[{"href":"https:\/\/adwokatura.krakow.pl\/adwokaci-i-aplikanci\/wp-json\/wp\/v2\/posts\/6276","targetHints":{"allow":["GET"]}}],"collection":[{"href":"https:\/\/adwokatura.krakow.pl\/adwokaci-i-aplikanci\/wp-json\/wp\/v2\/posts"}],"about":[{"href":"https:\/\/adwokatura.krakow.pl\/adwokaci-i-aplikanci\/wp-json\/wp\/v2\/types\/post"}],"author":[{"embeddable":true,"href":"https:\/\/adwokatura.krakow.pl\/adwokaci-i-aplikanci\/wp-json\/wp\/v2\/users\/9"}],"replies":[{"embeddable":true,"href":"https:\/\/adwokatura.krakow.pl\/adwokaci-i-aplikanci\/wp-json\/wp\/v2\/comments?post=6276"}],"version-history":[{"count":1,"href":"https:\/\/adwokatura.krakow.pl\/adwokaci-i-aplikanci\/wp-json\/wp\/v2\/posts\/6276\/revisions"}],"predecessor-version":[{"id":6278,"href":"https:\/\/adwokatura.krakow.pl\/adwokaci-i-aplikanci\/wp-json\/wp\/v2\/posts\/6276\/revisions\/6278"}],"wp:attachment":[{"href":"https:\/\/adwokatura.krakow.pl\/adwokaci-i-aplikanci\/wp-json\/wp\/v2\/media?parent=6276"}],"wp:term":[{"taxonomy":"category","embeddable":true,"href":"https:\/\/adwokatura.krakow.pl\/adwokaci-i-aplikanci\/wp-json\/wp\/v2\/categories?post=6276"},{"taxonomy":"post_tag","embeddable":true,"href":"https:\/\/adwokatura.krakow.pl\/adwokaci-i-aplikanci\/wp-json\/wp\/v2\/tags?post=6276"}],"curies":[{"name":"wp","href":"https:\/\/api.w.org\/{rel}","templated":true}]}}