{"id":6315,"date":"2025-09-25T13:32:01","date_gmt":"2025-09-25T11:32:01","guid":{"rendered":"https:\/\/adwokatura.krakow.pl\/adwokaci-i-aplikanci\/?p=6315"},"modified":"2025-09-25T13:32:02","modified_gmt":"2025-09-25T11:32:02","slug":"studia-podyplomowe-na-wpia-uj","status":"publish","type":"post","link":"https:\/\/adwokatura.krakow.pl\/adwokaci-i-aplikanci\/studia-podyplomowe-na-wpia-uj\/","title":{"rendered":"Studia podyplomowe na WPiA UJ"},"content":{"rendered":"\n<p>z przyjemno\u015bci\u0105 informujemy o uruchomieniu nowego kierunku studi\u00f3w podyplomowych na Wydziale Prawa i Administracji Uniwersytetu Jagiello\u0144skiego, po\u015bwi\u0119conych <strong>prawu sp\u00f3\u0142ek<\/strong>&nbsp;\u2013 w jego uj\u0119ciu teoretycznym i praktycznym. Studia odpowiadaj\u0105 na rosn\u0105ce potrzeby praktyki obrotu gospodarczego, w kt\u00f3rej regulacje dotycz\u0105ce sp\u00f3\u0142ek handlowych maj\u0105 kluczowe znaczenie.<\/p>\n\n\n\n<p><strong>Zaj\u0119cia prowadzone b\u0119d\u0105 przez pracownik\u00f3w naukowych Uniwersytetu Jagiello\u0144skiego oraz innych renomowanych o\u015brodk\u00f3w akademickich, kt\u00f3rzy \u0142\u0105cz\u0105 dzia\u0142alno\u015b\u0107 badawcz\u0105 z bogatym do\u015bwiadczeniem praktycznym.<\/strong>&nbsp;Nasi wyk\u0142adowcy na co dzie\u0144 zajmuj\u0105 si\u0119 doradztwem i obs\u0142ug\u0105 prawn\u0105 sp\u00f3\u0142ek, wyst\u0119puj\u0105 w charakterze pe\u0142nomocnik\u00f3w przed s\u0105dami, a tak\u017ce uczestnicz\u0105 w pracach legislacyjnych i procesach nadzorczych. Dzi\u0119ki temu s\u0142uchacze otrzymaj\u0105 wiedz\u0119 nie tylko ugruntowan\u0105 w doktrynie, ale i osadzon\u0105 w realiach rynkowych.<\/p>\n\n\n\n<p>Program obejmuje m.in. problematyk\u0119 powstawania, funkcjonowania i przekszta\u0142ce\u0144 sp\u00f3\u0142ek, corporate governance, odpowiedzialno\u015bci cz\u0142onk\u00f3w organ\u00f3w, jak r\u00f3wnie\u017c aktualne wyzwania zwi\u0105zane z prawem grup sp\u00f3\u0142ek.<\/p>\n\n\n\n<p>Studia realizowane b\u0119d\u0105 podczas <strong>12 zjazd\u00f3w stacjonarnych w Krakowie<\/strong>&nbsp;(zaj\u0119cia w soboty), obejmuj\u0105cych \u0142\u0105cznie <strong>120 godzin dydaktycznych<\/strong>.<\/p>\n\n\n\n<p>Rekrutacja potrwa od <strong>1 wrze\u015bnia 2025 r.<\/strong>&nbsp;do wyczerpania miejsc, nie d\u0142u\u017cej jednak ni\u017c do <strong>30 wrze\u015bnia 2025 r.&nbsp;<\/strong><\/p>\n\n\n\n<p>Szczeg\u00f3\u0142owe informacje o programie oraz kadrze dydaktycznej dost\u0119pne s\u0105 na stronie: <a href=\"https:\/\/prawospolek.wpia.uj.edu.pl\/\">https:\/\/prawospolek.wpia.uj.edu.pl<\/a><\/p>\n\n\n\n<p>W razie pyta\u0144 zach\u0119camy do kontaktu mailowego z sekretariatem studi\u00f3w: <strong><a href=\"mailto:prawospolek@uj.edu.pl\">prawospolek@uj.edu.pl<\/a><\/strong><\/p>\n\n\n\n<p><strong>Serdecznie zapraszamy do udzia\u0142u w rekrutacji i do\u0142\u0105czenia do grona s\u0142uchaczy!<\/strong><\/p>\n\n\n\n<p><\/p>\n","protected":false},"excerpt":{"rendered":"<p>z przyjemno\u015bci\u0105 informujemy o uruchomieniu nowego kierunku studi\u00f3w podyplomowych na Wydziale Prawa i Administracji Uniwersytetu Jagiello\u0144skiego, po\u015bwi\u0119conych prawu sp\u00f3\u0142ek&nbsp;\u2013 w jego uj\u0119ciu teoretycznym i praktycznym. Studia odpowiadaj\u0105 na rosn\u0105ce potrzeby praktyki obrotu gospodarczego, w kt\u00f3rej regulacje dotycz\u0105ce sp\u00f3\u0142ek handlowych maj\u0105 kluczowe znaczenie. Zaj\u0119cia prowadzone b\u0119d\u0105 przez pracownik\u00f3w naukowych Uniwersytetu Jagiello\u0144skiego oraz innych renomowanych o\u015brodk\u00f3w akademickich, [&hellip;]<\/p>\n","protected":false},"author":9,"featured_media":0,"comment_status":"closed","ping_status":"closed","sticky":false,"template":"","format":"standard","meta":{"_acf_changed":false,"inline_featured_image":false,"footnotes":""},"categories":[6],"tags":[],"class_list":["post-6315","post","type-post","status-publish","format-standard","hentry","category-artykuly"],"acf":[],"_links":{"self":[{"href":"https:\/\/adwokatura.krakow.pl\/adwokaci-i-aplikanci\/wp-json\/wp\/v2\/posts\/6315","targetHints":{"allow":["GET"]}}],"collection":[{"href":"https:\/\/adwokatura.krakow.pl\/adwokaci-i-aplikanci\/wp-json\/wp\/v2\/posts"}],"about":[{"href":"https:\/\/adwokatura.krakow.pl\/adwokaci-i-aplikanci\/wp-json\/wp\/v2\/types\/post"}],"author":[{"embeddable":true,"href":"https:\/\/adwokatura.krakow.pl\/adwokaci-i-aplikanci\/wp-json\/wp\/v2\/users\/9"}],"replies":[{"embeddable":true,"href":"https:\/\/adwokatura.krakow.pl\/adwokaci-i-aplikanci\/wp-json\/wp\/v2\/comments?post=6315"}],"version-history":[{"count":1,"href":"https:\/\/adwokatura.krakow.pl\/adwokaci-i-aplikanci\/wp-json\/wp\/v2\/posts\/6315\/revisions"}],"predecessor-version":[{"id":6316,"href":"https:\/\/adwokatura.krakow.pl\/adwokaci-i-aplikanci\/wp-json\/wp\/v2\/posts\/6315\/revisions\/6316"}],"wp:attachment":[{"href":"https:\/\/adwokatura.krakow.pl\/adwokaci-i-aplikanci\/wp-json\/wp\/v2\/media?parent=6315"}],"wp:term":[{"taxonomy":"category","embeddable":true,"href":"https:\/\/adwokatura.krakow.pl\/adwokaci-i-aplikanci\/wp-json\/wp\/v2\/categories?post=6315"},{"taxonomy":"post_tag","embeddable":true,"href":"https:\/\/adwokatura.krakow.pl\/adwokaci-i-aplikanci\/wp-json\/wp\/v2\/tags?post=6315"}],"curies":[{"name":"wp","href":"https:\/\/api.w.org\/{rel}","templated":true}]}}