{"id":6317,"date":"2025-09-25T13:53:27","date_gmt":"2025-09-25T11:53:27","guid":{"rendered":"https:\/\/adwokatura.krakow.pl\/adwokaci-i-aplikanci\/?p=6317"},"modified":"2025-09-25T13:53:27","modified_gmt":"2025-09-25T11:53:27","slug":"pomoc-prawna-cudzoziemcom-w-roku-2026","status":"publish","type":"post","link":"https:\/\/adwokatura.krakow.pl\/adwokaci-i-aplikanci\/pomoc-prawna-cudzoziemcom-w-roku-2026\/","title":{"rendered":"pomoc prawna cudzoziemcom w roku 2026"},"content":{"rendered":"\n<p><strong>Szanowni Pa\u0144stwo Adwokaci<\/strong><strong><\/strong><\/p>\n\n\n\n<p><strong>Cz\u0142onkowie Krakowskiej Izby Adwokackiej<\/strong><strong><\/strong><\/p>\n\n\n\n<p>W zwi\u0105zku z pismem Szefa Urz\u0119du ds. Cudzoziemc\u00f3w Pana Tomasza Cytrynowicza oraz regulacjami ustawy z dnia 10 wrze\u015bnia 2015 roku o zmianie ustawy o udzielaniu cudzoziemcom ochrony na terytorium RP oraz niekt\u00f3rych innych ustaw (Dz. U. 2015.1607) prosz\u0119 o zg\u0142aszanie si\u0119 Kole\u017canek i Koleg\u00f3w zainteresowanych \u015bwiadczeniem pomocy prawnej cudzoziemcom w roku 2026.<\/p>\n\n\n\n<p>Lista adwokat\u00f3w winna zosta\u0107 sporz\u0105dzona przez Okr\u0119gow\u0105 Rad\u0119 Adwokack\u0105<br>i przekazana Szefowi Urz\u0119du <strong>do dnia 30 listopada bie\u017c\u0105cego roku<\/strong>.<\/p>\n\n\n\n<p>Prosz\u0119 o zg\u0142aszanie si\u0119 zainteresowanych <strong><u>do dnia 30 pa\u017adziernika 2025 roku<\/u><\/strong><br>za po\u015brednictwem poczty elektronicznej:<\/p>\n\n\n\n<p><a href=\"mailto:ora@adwokatura.krakow.pl\">ora@adwokatura.krakow.pl<\/a><strong><\/strong><\/p>\n\n\n\n<p>Zg\u0142oszenie winno zawiera\u0107 <strong><u>imi\u0119, nazwisko, adres kancelarii, adres poczty elektronicznej oraz numer telefonu. <\/u><\/strong><strong><u><\/u><\/strong><\/p>\n\n\n\n<p>W razie dodatkowych pyta\u0144 prosz\u0119 o kontakt z p. Karolin\u0105 W\u0142odarczyk-Ca\u0142us,<br>e-mail:&nbsp;<a href=\"mailto:karolina.wlodarczyk.calus@adwokatura.krakow.pl\">karolina.wlodarczyk.calus@adwokatura.krakow.pl<\/a>&nbsp;lub pod nr tel. 728&nbsp;871 911.<\/p>\n\n\n\n<p>Z powa\u017caniem,<\/p>\n\n\n\n<p><em>adw. Marcin Kosiorkiewicz Sekretarz ORA<\/em><\/p>\n\n\n\n<p><\/p>\n","protected":false},"excerpt":{"rendered":"<p>Szanowni Pa\u0144stwo Adwokaci Cz\u0142onkowie Krakowskiej Izby Adwokackiej W zwi\u0105zku z pismem Szefa Urz\u0119du ds. Cudzoziemc\u00f3w Pana Tomasza Cytrynowicza oraz regulacjami ustawy z dnia 10 wrze\u015bnia 2015 roku o zmianie ustawy o udzielaniu cudzoziemcom ochrony na terytorium RP oraz niekt\u00f3rych innych ustaw (Dz. U. 2015.1607) prosz\u0119 o zg\u0142aszanie si\u0119 Kole\u017canek i Koleg\u00f3w zainteresowanych \u015bwiadczeniem pomocy prawnej [&hellip;]<\/p>\n","protected":false},"author":9,"featured_media":0,"comment_status":"closed","ping_status":"closed","sticky":false,"template":"","format":"standard","meta":{"_acf_changed":false,"inline_featured_image":false,"footnotes":""},"categories":[6],"tags":[],"class_list":["post-6317","post","type-post","status-publish","format-standard","hentry","category-artykuly"],"acf":[],"_links":{"self":[{"href":"https:\/\/adwokatura.krakow.pl\/adwokaci-i-aplikanci\/wp-json\/wp\/v2\/posts\/6317","targetHints":{"allow":["GET"]}}],"collection":[{"href":"https:\/\/adwokatura.krakow.pl\/adwokaci-i-aplikanci\/wp-json\/wp\/v2\/posts"}],"about":[{"href":"https:\/\/adwokatura.krakow.pl\/adwokaci-i-aplikanci\/wp-json\/wp\/v2\/types\/post"}],"author":[{"embeddable":true,"href":"https:\/\/adwokatura.krakow.pl\/adwokaci-i-aplikanci\/wp-json\/wp\/v2\/users\/9"}],"replies":[{"embeddable":true,"href":"https:\/\/adwokatura.krakow.pl\/adwokaci-i-aplikanci\/wp-json\/wp\/v2\/comments?post=6317"}],"version-history":[{"count":1,"href":"https:\/\/adwokatura.krakow.pl\/adwokaci-i-aplikanci\/wp-json\/wp\/v2\/posts\/6317\/revisions"}],"predecessor-version":[{"id":6318,"href":"https:\/\/adwokatura.krakow.pl\/adwokaci-i-aplikanci\/wp-json\/wp\/v2\/posts\/6317\/revisions\/6318"}],"wp:attachment":[{"href":"https:\/\/adwokatura.krakow.pl\/adwokaci-i-aplikanci\/wp-json\/wp\/v2\/media?parent=6317"}],"wp:term":[{"taxonomy":"category","embeddable":true,"href":"https:\/\/adwokatura.krakow.pl\/adwokaci-i-aplikanci\/wp-json\/wp\/v2\/categories?post=6317"},{"taxonomy":"post_tag","embeddable":true,"href":"https:\/\/adwokatura.krakow.pl\/adwokaci-i-aplikanci\/wp-json\/wp\/v2\/tags?post=6317"}],"curies":[{"name":"wp","href":"https:\/\/api.w.org\/{rel}","templated":true}]}}