{"id":6326,"date":"2025-09-25T15:28:35","date_gmt":"2025-09-25T13:28:35","guid":{"rendered":"https:\/\/adwokatura.krakow.pl\/adwokaci-i-aplikanci\/?p=6326"},"modified":"2025-09-25T15:28:35","modified_gmt":"2025-09-25T13:28:35","slug":"komunikat-vs-portalu-informacyjnego","status":"publish","type":"post","link":"https:\/\/adwokatura.krakow.pl\/adwokaci-i-aplikanci\/komunikat-vs-portalu-informacyjnego\/","title":{"rendered":"KOMUNIKAT VS. PORTALU INFORMACYJNEGO"},"content":{"rendered":"\n<pre class=\"wp-block-preformatted\">Szanowne Kole\u017canki i Szanowni Koledzy, \n\nPortal Informacyjny znowu szwankuje. Jak Pa\u0144stwo zauwa\u017cyli, a cz\u0119\u015b\u0107 zg\u0142asza\u0142a poszczeg\u00f3lnym Cz\u0142onkom ORA (za co bardzo dzi\u0119kuj\u0119) - nie s\u0105 wysy\u0142ane maile powiadamiaj\u0105ce o zdarzeniach.\n\nProsz\u0119 wi\u0119c o sprawdzanie co najmniej zak\u0142adki \u201emoje dor\u0119czenia\u201d.\nSugerowa\u0142bym r\u00f3wnie\u017c indywidualne zg\u0142aszanie tej awarii pod przeznaczonym do tego adresem na stronie Portalu Informacyjnego.\nCelem takiego zg\u0142oszenia b\u0119dzie uzyskanie potwierdzenia, kt\u00f3re w razie problem\u00f3w pozwoli ubiega\u0107 si\u0119 np. o przywr\u00f3cenie terminu.\n\nW rozmowie z zarz\u0105dzaj\u0105c\u0105 sprawami portalu informacyjnego jednostk\u0105 we Wroc\u0142awiu zapewniono, \u017ce trwa ustalanie przyczyn problemu. Jednak jednostka we Wroc\u0142awiu, a tym bardziej krakowskie S\u0105dy nie s\u0105 w stanie okre\u015bli\u0107 przyczyny oraz czasu trwania tej awarii.\n\n\nZ powa\u017caniem, \nMarcin Kosiorkiewicz<\/pre>\n","protected":false},"excerpt":{"rendered":"<p>Szanowne Kole\u017canki i Szanowni Koledzy, Portal Informacyjny znowu szwankuje. Jak Pa\u0144stwo zauwa\u017cyli, a cz\u0119\u015b\u0107 zg\u0142asza\u0142a poszczeg\u00f3lnym Cz\u0142onkom ORA (za co bardzo dzi\u0119kuj\u0119) &#8211; nie s\u0105 wysy\u0142ane maile powiadamiaj\u0105ce o zdarzeniach. Prosz\u0119 wi\u0119c o sprawdzanie co najmniej zak\u0142adki \u201emoje dor\u0119czenia\u201d. Sugerowa\u0142bym r\u00f3wnie\u017c indywidualne zg\u0142aszanie tej awarii pod przeznaczonym do tego adresem na stronie Portalu Informacyjnego. Celem [&hellip;]<\/p>\n","protected":false},"author":8,"featured_media":0,"comment_status":"closed","ping_status":"closed","sticky":false,"template":"","format":"standard","meta":{"_acf_changed":false,"inline_featured_image":false,"footnotes":""},"categories":[8,9],"tags":[],"class_list":["post-6326","post","type-post","status-publish","format-standard","hentry","category-dla-adwokatow","category-dla-aplikantow"],"acf":[],"_links":{"self":[{"href":"https:\/\/adwokatura.krakow.pl\/adwokaci-i-aplikanci\/wp-json\/wp\/v2\/posts\/6326","targetHints":{"allow":["GET"]}}],"collection":[{"href":"https:\/\/adwokatura.krakow.pl\/adwokaci-i-aplikanci\/wp-json\/wp\/v2\/posts"}],"about":[{"href":"https:\/\/adwokatura.krakow.pl\/adwokaci-i-aplikanci\/wp-json\/wp\/v2\/types\/post"}],"author":[{"embeddable":true,"href":"https:\/\/adwokatura.krakow.pl\/adwokaci-i-aplikanci\/wp-json\/wp\/v2\/users\/8"}],"replies":[{"embeddable":true,"href":"https:\/\/adwokatura.krakow.pl\/adwokaci-i-aplikanci\/wp-json\/wp\/v2\/comments?post=6326"}],"version-history":[{"count":1,"href":"https:\/\/adwokatura.krakow.pl\/adwokaci-i-aplikanci\/wp-json\/wp\/v2\/posts\/6326\/revisions"}],"predecessor-version":[{"id":6327,"href":"https:\/\/adwokatura.krakow.pl\/adwokaci-i-aplikanci\/wp-json\/wp\/v2\/posts\/6326\/revisions\/6327"}],"wp:attachment":[{"href":"https:\/\/adwokatura.krakow.pl\/adwokaci-i-aplikanci\/wp-json\/wp\/v2\/media?parent=6326"}],"wp:term":[{"taxonomy":"category","embeddable":true,"href":"https:\/\/adwokatura.krakow.pl\/adwokaci-i-aplikanci\/wp-json\/wp\/v2\/categories?post=6326"},{"taxonomy":"post_tag","embeddable":true,"href":"https:\/\/adwokatura.krakow.pl\/adwokaci-i-aplikanci\/wp-json\/wp\/v2\/tags?post=6326"}],"curies":[{"name":"wp","href":"https:\/\/api.w.org\/{rel}","templated":true}]}}