{"id":6347,"date":"2025-10-09T13:41:55","date_gmt":"2025-10-09T11:41:55","guid":{"rendered":"https:\/\/adwokatura.krakow.pl\/adwokaci-i-aplikanci\/?p=6347"},"modified":"2025-10-21T10:46:53","modified_gmt":"2025-10-21T08:46:53","slug":"xiv-dni-kultury-adwokatury-2025","status":"publish","type":"post","link":"https:\/\/adwokatura.krakow.pl\/adwokaci-i-aplikanci\/xiv-dni-kultury-adwokatury-2025\/","title":{"rendered":"XIV DNI KULTURY ADWOKATURY 2025"},"content":{"rendered":"\n<div class=\"wp-block-columns is-layout-flex wp-container-core-columns-is-layout-9d6595d7 wp-block-columns-is-layout-flex\">\n<div class=\"wp-block-column is-layout-flow wp-block-column-is-layout-flow\">\n<figure class=\"wp-block-image size-full\"><img loading=\"lazy\" decoding=\"async\" width=\"540\" height=\"960\" src=\"https:\/\/adwokatura.krakow.pl\/adwokaci-i-aplikanci\/wp-content\/uploads\/sites\/2\/2025\/10\/DNI-KULTURY-ADWOKATURY-2.png\" alt=\"\" class=\"wp-image-6387\" srcset=\"https:\/\/adwokatura.krakow.pl\/adwokaci-i-aplikanci\/wp-content\/uploads\/sites\/2\/2025\/10\/DNI-KULTURY-ADWOKATURY-2.png 540w, https:\/\/adwokatura.krakow.pl\/adwokaci-i-aplikanci\/wp-content\/uploads\/sites\/2\/2025\/10\/DNI-KULTURY-ADWOKATURY-2-169x300.png 169w\" sizes=\"auto, (max-width: 540px) 100vw, 540px\" \/><\/figure>\n<\/div>\n\n\n\n<div class=\"wp-block-column is-layout-flow wp-block-column-is-layout-flow\">\n<figure class=\"wp-block-image size-full\"><img loading=\"lazy\" decoding=\"async\" width=\"540\" height=\"960\" src=\"http:\/\/adwokatura.krakow.pl\/adwokaci-i-aplikanci\/wp-content\/uploads\/sites\/2\/2025\/10\/DNI-KULTURY-ADWOKATURY.png\" alt=\"\" class=\"wp-image-6359\" srcset=\"https:\/\/adwokatura.krakow.pl\/adwokaci-i-aplikanci\/wp-content\/uploads\/sites\/2\/2025\/10\/DNI-KULTURY-ADWOKATURY.png 540w, https:\/\/adwokatura.krakow.pl\/adwokaci-i-aplikanci\/wp-content\/uploads\/sites\/2\/2025\/10\/DNI-KULTURY-ADWOKATURY-169x300.png 169w\" sizes=\"auto, (max-width: 540px) 100vw, 540px\" \/><\/figure>\n<\/div>\n<\/div>\n\n\n\n<p class=\"has-text-align-center\">Przewodnicz\u0105cy Komisji Integracji \u015arodowiskowej, Kultury, Sportu i Turystyki Naczelnej Rady Adwokackiej adw. Stanis\u0142aw Estreich<\/p>\n\n\n\n<p class=\"has-text-align-center\">Krakowska Izba Adwokacka<\/p>\n\n\n\n<p class=\"has-text-align-center\">zapraszaj\u0105 na<\/p>\n\n\n\n<p class=\"has-text-align-center\"><strong>XIV DNI KULTURY ADWOKATURY POLSKIEJ<\/strong><\/p>\n\n\n\n<p class=\"has-text-align-center\"><strong>KRAK\u00d3W, 23-26 pa\u017adziernika 2025<\/strong><\/p>\n\n\n\n<p><em>W imieniu swoim i Organizator\u00f3w XIV Dni Kultury Adwokatury serdecznie zapraszam do udzia\u0142u w&nbsp; DKA 2025<\/em>. <em>Wydarzenie corocznie cieszy si\u0119 ogromnym zainteresowaniem w\u015br\u00f3d adwokat\u00f3w i aplikant\u00f3w z ca\u0142ej Polski.<\/em> <em>Licz\u0119 na Pa\u0144stwa obecno\u015b\u0107, jednocze\u015bnie zapewniam, \u017ce organizatorzy do\u0142o\u017cyli wszelkich stara\u0144, aby program DKA by\u0142 r\u00f3\u017cnorodny, ciekawy i inspiruj\u0105cy.<\/em><\/p>\n\n\n\n<p class=\"has-text-align-right\"><em>Komisja Integracji \u015arodowiskowej, Kultury, Sportu i Turystyki NRA<\/em><\/p>\n\n\n\n<p class=\"has-text-align-right\"><em>Przewodnicz\u0105cy adwokat Stanis\u0142aw Estreich<\/em><\/p>\n\n\n\n<p><strong><em>WA\u017bNE INFORMACJE:<\/em><\/strong><\/p>\n\n\n\n<p><em>\u2013 przedstawiamy program&nbsp;<strong>DKA<\/strong>&nbsp;wraz z linkiem do zapis\u00f3w na poszczeg\u00f3lne wydarzenia,<\/em><\/p>\n\n\n\n<p><em>\u2013 prosimy, aby ka\u017cda osoba dokonywa\u0142a zapisu indywidualnie za pomoc\u0105 ankiety podaj\u0105c dane kontaktowe,<\/em><\/p>\n\n\n\n<p><em>\u2013 cz\u0119\u015b\u0107 z wydarze\u0144 w ramach DKA jest p\u0142atna, a liczba miejsc ograniczona,<\/em><\/p>\n\n\n\n<p><em>\u2013 w przedstawionej ankiecie jest opis poszczeg\u00f3lnych wydarze\u0144 oraz p\u0142atno\u015bci,<\/em><\/p>\n\n\n\n<p><em>\u2013 w razie pyta\u0144 prosimy o kontakt z organizatorem wydarzenia, b\u0105d\u017a biurem ORA w Krakowie,<\/em><\/p>\n\n\n\n<p><em>\u2013 zapis poprzez ankiet\u0119 jest automatyczny. W przypadku braku miejsc biuro ORA w Krakowie b\u0119dzie informowa\u0107 na bie\u017c\u0105co.<\/em><\/p>\n\n\n<a class=\"button button--zielony-ze-strzalka\" href=\"https:\/\/docs.google.com\/forms\/d\/1IN0rx-TwSe_12uJRmWHh7BKvEtT8rtokso6pYHsj_04\/preview\">\n        ZAPISY NA DKA<\/a>\n\n\n\n<p><strong>PROGRAM<\/strong>&nbsp;<strong>PLAN DKA 2025<\/strong><\/p>\n\n\n\n<p><strong>CZWARTEK | 23 PA\u0179DZIERNIKA<\/strong><\/p>\n\n\n\n<p><em>Klub Adwokat\u00f3w w Krakowie, ul. Batorego 17 w Krakowie<\/em><\/p>\n\n\n\n<ul class=\"wp-block-list\">\n<li><strong>GODZ. 17:30<\/strong>&nbsp;\u2013 Wiecz\u00f3r autorski i wyk\u0142ad redaktora Grzegorza Teodora Gaudena (promocja ksi\u0105\u017cki pt. \u201ePolska sprawa Dreyfusa. Kto pr\u00f3bowa\u0142 zabi\u0107 prezydenta\u201d)<\/li>\n\n\n\n<li><strong>GODZ. 19:15<\/strong>&nbsp;\u2013 Koncert muzyki kameralnej w wykonaniu adw. dr. Marka Pola\u0144skiego (skrzypce) i prof. S\u0142awomira Cierpika (fortepian) AM w Krakowie<\/li>\n\n\n\n<li><strong>GODZ. 20:30&nbsp;<\/strong>\u2013 Wernisa\u017c prof. Marty Bo\u017cyk, ASP w Krakowie&nbsp;<em>(Stowarzyszenie Mi\u0119dzynarodowe Triennale Grafiki w Krakowie)<\/em><\/li>\n<\/ul>\n\n\n\n<div class=\"wp-block-columns is-layout-flex wp-container-core-columns-is-layout-9d6595d7 wp-block-columns-is-layout-flex\">\n<div class=\"wp-block-column is-layout-flow wp-block-column-is-layout-flow\">\n<figure class=\"wp-block-image size-large\"><img loading=\"lazy\" decoding=\"async\" width=\"1024\" height=\"1024\" src=\"https:\/\/adwokatura.krakow.pl\/adwokaci-i-aplikanci\/wp-content\/uploads\/sites\/2\/2025\/10\/Wernisaz-Marta-Bozyk-1-1024x1024.jpg\" alt=\"\" class=\"wp-image-6350\" srcset=\"https:\/\/adwokatura.krakow.pl\/adwokaci-i-aplikanci\/wp-content\/uploads\/sites\/2\/2025\/10\/Wernisaz-Marta-Bozyk-1-1024x1024.jpg 1024w, https:\/\/adwokatura.krakow.pl\/adwokaci-i-aplikanci\/wp-content\/uploads\/sites\/2\/2025\/10\/Wernisaz-Marta-Bozyk-1-300x300.jpg 300w, https:\/\/adwokatura.krakow.pl\/adwokaci-i-aplikanci\/wp-content\/uploads\/sites\/2\/2025\/10\/Wernisaz-Marta-Bozyk-1-150x150.jpg 150w, https:\/\/adwokatura.krakow.pl\/adwokaci-i-aplikanci\/wp-content\/uploads\/sites\/2\/2025\/10\/Wernisaz-Marta-Bozyk-1-768x768.jpg 768w, https:\/\/adwokatura.krakow.pl\/adwokaci-i-aplikanci\/wp-content\/uploads\/sites\/2\/2025\/10\/Wernisaz-Marta-Bozyk-1.jpg 1080w\" sizes=\"auto, (max-width: 1024px) 100vw, 1024px\" \/><\/figure>\n<\/div>\n\n\n\n<div class=\"wp-block-column is-layout-flow wp-block-column-is-layout-flow\">\n<figure class=\"wp-block-image size-large\"><img loading=\"lazy\" decoding=\"async\" width=\"1024\" height=\"1024\" src=\"https:\/\/adwokatura.krakow.pl\/adwokaci-i-aplikanci\/wp-content\/uploads\/sites\/2\/2025\/10\/Marta-Bozyk-1-1024x1024.jpg\" alt=\"\" class=\"wp-image-6351\" srcset=\"https:\/\/adwokatura.krakow.pl\/adwokaci-i-aplikanci\/wp-content\/uploads\/sites\/2\/2025\/10\/Marta-Bozyk-1-1024x1024.jpg 1024w, https:\/\/adwokatura.krakow.pl\/adwokaci-i-aplikanci\/wp-content\/uploads\/sites\/2\/2025\/10\/Marta-Bozyk-1-300x300.jpg 300w, https:\/\/adwokatura.krakow.pl\/adwokaci-i-aplikanci\/wp-content\/uploads\/sites\/2\/2025\/10\/Marta-Bozyk-1-150x150.jpg 150w, https:\/\/adwokatura.krakow.pl\/adwokaci-i-aplikanci\/wp-content\/uploads\/sites\/2\/2025\/10\/Marta-Bozyk-1-768x768.jpg 768w, https:\/\/adwokatura.krakow.pl\/adwokaci-i-aplikanci\/wp-content\/uploads\/sites\/2\/2025\/10\/Marta-Bozyk-1.jpg 1080w\" sizes=\"auto, (max-width: 1024px) 100vw, 1024px\" \/><\/figure>\n<\/div>\n<\/div>\n\n\n\n<p>* WST\u0118P WOLNY DLA ADWOKAT\u00d3W I APLIKANT\u00d3W<\/p>\n\n\n\n<p><strong>PI\u0104TEK | 24 PA\u0179DZIERNIKA<\/strong><\/p>\n\n\n\n<ul class=\"wp-block-list\">\n<li><strong>GODZ. 10:00&nbsp;<\/strong>\u2013 Sympozjum naukowe \u2013 \u201e60 lat obowi\u0105zywania kodeksu cywilnego w Polsce\u201d, organizowane przez prof. Jerzego Pisuli\u0144skiego&nbsp;<em>(Aula Wydzia\u0142u Prawa i Administracji UJ, ul. Krupnicza 33a)<\/em><\/li>\n<\/ul>\n\n\n\n<p>* WYDARZENIE ORGANIZOWANE PRZEZ UJ \u2013 KONIECZNY ZAPIS&nbsp; NA TO WYDARZENIE PRZEZ FORMULARZ<\/p>\n\n\n\n<p><a href=\"https:\/\/forms.office.com\/Pages\/ResponsePage.aspx?id=6yYO676_0keekOvSQm2862ACfH8HV-NEhFxIPGyE6YZUN0s5WUc4VUJUR1pPVEU2UEpWMlpNRTNCSC4u\">ZAPISY \u2013&gt;&nbsp;LINK<\/a>&nbsp;( DOST\u0118PNY W FORMULARZU ZG\u0141OSZENIOWYM DKA)<em><\/em><\/p>\n\n\n\n<ul class=\"wp-block-list\">\n<li><strong>GODZ. 11:20<\/strong>&nbsp;\u2013 Wystawa malarstwa J\u00f3zefa Che\u0142mo\u0144skiego&nbsp;<em>(Muzeum Narodowe w Krakowie, al. 3 Maja) zaprasza Dyrektor Muzeum Narodowego w Krakowie Andrzej Szczerski<\/em><\/li>\n<\/ul>\n\n\n\n<p>* WST\u0118P P\u0141ATNY \u2013 BILET 40 Z\u0141&nbsp; \u2013 OP\u0141AT\u0118 B\u0118DZIE POBIERA\u0141 ADWOKAT STANIS\u0141AW ESTREICH (lub inna wyznaczona osoba)&nbsp; PRZED WEJ\u015aCIEM DO MUZEUM<\/p>\n\n\n\n<ul class=\"wp-block-list\">\n<li><strong>GODZ. 19:00&nbsp;<\/strong>\u2013 Koncert profesorski w Sali Poselskiej na Zamku Kr\u00f3lewskim na Wawelu&nbsp;<em>(Katarzyna Ole\u015b Blacha \u2013 sopran, Mariola Cieniawa \u2013 fortepian, Robert Kabara \u2013 skrzypce, Piotr Lato \u2013 klarnet).<\/em>&nbsp;Na koncert zaprasza prof. Andrzej Betlej \u2013 Dyrektor, prowadzenie adwokat Stanis\u0142aw K\u0142ys \u2013 KIA<\/li>\n<\/ul>\n\n\n\n<p>* ILO\u015a\u0106 MIEJSC OGRANICZONA, ZG\u0141OSZENIE PRZEZ ANKIET\u0118 PONI\u017bEJ<\/p>\n\n\n\n<p><strong>SOBOTA | 25 PA\u0179DZIERNIKA<\/strong><\/p>\n\n\n\n<ul class=\"wp-block-list\">\n<li><strong>GODZ. 09:55&nbsp;<\/strong>\u2013 Muzeum \u017bup Solnych w Wieliczce&nbsp;<em>(ul.&nbsp;<\/em><a href=\"https:\/\/www.google.com\/maps\/place\/data=!4m2!3m1!1s0x47164162641027fb:0xfe7efe1619fd1baa?sa=X&amp;ved=1t:8290&amp;ictx=111\"><em>Zamkowa 8, Wieliczka<\/em><\/a><em>)<\/em><\/li>\n<\/ul>\n\n\n\n<p>WST\u0118P P\u0141ATNY \u2013 72,10 Z\u0141 (bilet normalny) ORAZ&nbsp; 57,40 Z\u0141 (bilet ulgowy dla 65 +), P\u0141ATNE W AUTOKARZE- GOT\u00d3WKOWO<\/p>\n\n\n\n<ul class=\"wp-block-list\">\n<li><strong>GODZ. 20:00&nbsp;<\/strong>\u2013 Kabaret Piwnica pod Baranami&nbsp;<em>(<\/em><a href=\"https:\/\/www.google.com\/maps\/place\/data=!4m2!3m1!1s0x47165b0ddc1d0f97:0x4e9ee563e7699ca8?sa=X&amp;ved=1t:8290&amp;ictx=111\"><em>Rynek G\u0142\u00f3wny 27<\/em><\/a><em>)<\/em><\/li>\n<\/ul>\n\n\n\n<p>WST\u0118P P\u0141ATNY&nbsp; \u2013 BILET 50 Z\u0141&nbsp; \u2013 OP\u0141AT\u0118 B\u0118DZIE POBIERA\u0141 ADWOKAT STANIS\u0141AW ESTREICH PRZED WEJ\u015aCIEM (lub inna wyznaczona osoba)&nbsp;<\/p>\n\n\n\n<p><strong>NIEDZIELA | 26 PA\u0179DZIERNIKA<\/strong><\/p>\n\n\n\n<ul class=\"wp-block-list\">\n<li><strong>GODZ. 09:45&nbsp;<\/strong>\u2013 Msza \u015awi\u0119ta w intencji Adwokatury Polskiej, kt\u00f3r\u0105 odprawi Prowincja\u0142 Karmelit\u00f3w o. Wies\u0142aw Strzelecki&nbsp;<em>(Kaplicy Matki Boskiej \u201cna Piasku\u201c \u2013 ul. Karmelicka 19)<\/em><\/li>\n<\/ul>\n\n\n<a class=\"button button--zielony-ze-strzalka\" href=\"https:\/\/docs.google.com\/forms\/d\/1IN0rx-TwSe_12uJRmWHh7BKvEtT8rtokso6pYHsj_04\/preview\">\n        ZAPISY NA DKA<\/a>\n","protected":false},"excerpt":{"rendered":"<p>Przewodnicz\u0105cy Komisji Integracji \u015arodowiskowej, Kultury, Sportu i Turystyki Naczelnej Rady Adwokackiej adw. Stanis\u0142aw Estreich Krakowska Izba Adwokacka zapraszaj\u0105 na XIV DNI KULTURY ADWOKATURY POLSKIEJ KRAK\u00d3W, 23-26 pa\u017adziernika 2025 W imieniu swoim i Organizator\u00f3w XIV Dni Kultury Adwokatury serdecznie zapraszam do udzia\u0142u w&nbsp; DKA 2025. Wydarzenie corocznie cieszy si\u0119 ogromnym zainteresowaniem w\u015br\u00f3d adwokat\u00f3w i aplikant\u00f3w z [&hellip;]<\/p>\n","protected":false},"author":9,"featured_media":0,"comment_status":"closed","ping_status":"closed","sticky":false,"template":"","format":"standard","meta":{"_acf_changed":false,"inline_featured_image":false,"footnotes":""},"categories":[6],"tags":[],"class_list":["post-6347","post","type-post","status-publish","format-standard","hentry","category-artykuly"],"acf":[],"_links":{"self":[{"href":"https:\/\/adwokatura.krakow.pl\/adwokaci-i-aplikanci\/wp-json\/wp\/v2\/posts\/6347","targetHints":{"allow":["GET"]}}],"collection":[{"href":"https:\/\/adwokatura.krakow.pl\/adwokaci-i-aplikanci\/wp-json\/wp\/v2\/posts"}],"about":[{"href":"https:\/\/adwokatura.krakow.pl\/adwokaci-i-aplikanci\/wp-json\/wp\/v2\/types\/post"}],"author":[{"embeddable":true,"href":"https:\/\/adwokatura.krakow.pl\/adwokaci-i-aplikanci\/wp-json\/wp\/v2\/users\/9"}],"replies":[{"embeddable":true,"href":"https:\/\/adwokatura.krakow.pl\/adwokaci-i-aplikanci\/wp-json\/wp\/v2\/comments?post=6347"}],"version-history":[{"count":6,"href":"https:\/\/adwokatura.krakow.pl\/adwokaci-i-aplikanci\/wp-json\/wp\/v2\/posts\/6347\/revisions"}],"predecessor-version":[{"id":6388,"href":"https:\/\/adwokatura.krakow.pl\/adwokaci-i-aplikanci\/wp-json\/wp\/v2\/posts\/6347\/revisions\/6388"}],"wp:attachment":[{"href":"https:\/\/adwokatura.krakow.pl\/adwokaci-i-aplikanci\/wp-json\/wp\/v2\/media?parent=6347"}],"wp:term":[{"taxonomy":"category","embeddable":true,"href":"https:\/\/adwokatura.krakow.pl\/adwokaci-i-aplikanci\/wp-json\/wp\/v2\/categories?post=6347"},{"taxonomy":"post_tag","embeddable":true,"href":"https:\/\/adwokatura.krakow.pl\/adwokaci-i-aplikanci\/wp-json\/wp\/v2\/tags?post=6347"}],"curies":[{"name":"wp","href":"https:\/\/api.w.org\/{rel}","templated":true}]}}