{"id":6389,"date":"2025-10-22T08:39:25","date_gmt":"2025-10-22T06:39:25","guid":{"rendered":"https:\/\/adwokatura.krakow.pl\/adwokaci-i-aplikanci\/?p=6389"},"modified":"2025-10-22T08:39:26","modified_gmt":"2025-10-22T06:39:26","slug":"autokary-do-muzeum-zup-solnych-w-wieliczce","status":"publish","type":"post","link":"https:\/\/adwokatura.krakow.pl\/adwokaci-i-aplikanci\/autokary-do-muzeum-zup-solnych-w-wieliczce\/","title":{"rendered":"Autokary do Muzeum \u017bup Solnych w Wieliczce"},"content":{"rendered":"\n<p>Szanowni Pa\u0144stwo,<\/p>\n\n\n\n<p>Autokary, kt\u00f3re zawioz\u0105 Pa\u0144stwa do Muzeum \u017bup Solnych w Wieliczce, b\u0119d\u0105 czeka\u0142y na Go\u015bci DKA 2025 roku, &nbsp;25.10.2025, od <strong>godziny 9.00 do godziny 9.15<\/strong> na pocz\u0105tku ul. Dietla w stron\u0119 mostu Grunwaldzkiego.<\/p>\n\n\n\n<p>Prosimy o punktualno\u015b\u0107.<\/p>\n\n\n\n<p>A w planie wycieczki:<\/p>\n\n\n\n<p>***rozpocz\u0119cie zwiedzania &#8211; zej\u015bcie schodami szyb Paderewski<\/p>\n\n\n\n<p>\u00b7zwiedzanie Trasy Turystycznej<\/p>\n\n\n\n<p>\u00b7pocz\u0119stunek \u00a0w kom. Drozdowice III z ty\u0142u komory \u2013 niespodzianka;<\/p>\n\n\n\n<p>\u00b7obligatoryjne zwiedzanie M\u017bK \u2013 5 kom\u00f3r\u00a0<\/p>\n\n\n\n<p>\u00b7wyjazd szybem Regis;<\/p>\n\n\n\n<figure class=\"wp-block-image size-full\"><img loading=\"lazy\" decoding=\"async\" width=\"808\" height=\"290\" src=\"https:\/\/adwokatura.krakow.pl\/adwokaci-i-aplikanci\/wp-content\/uploads\/sites\/2\/2025\/10\/mapa.png\" alt=\"\" class=\"wp-image-6390\" srcset=\"https:\/\/adwokatura.krakow.pl\/adwokaci-i-aplikanci\/wp-content\/uploads\/sites\/2\/2025\/10\/mapa.png 808w, https:\/\/adwokatura.krakow.pl\/adwokaci-i-aplikanci\/wp-content\/uploads\/sites\/2\/2025\/10\/mapa-300x108.png 300w, https:\/\/adwokatura.krakow.pl\/adwokaci-i-aplikanci\/wp-content\/uploads\/sites\/2\/2025\/10\/mapa-768x276.png 768w\" sizes=\"auto, (max-width: 808px) 100vw, 808px\" \/><\/figure>\n","protected":false},"excerpt":{"rendered":"<p>Szanowni Pa\u0144stwo, Autokary, kt\u00f3re zawioz\u0105 Pa\u0144stwa do Muzeum \u017bup Solnych w Wieliczce, b\u0119d\u0105 czeka\u0142y na Go\u015bci DKA 2025 roku, &nbsp;25.10.2025, od godziny 9.00 do godziny 9.15 na pocz\u0105tku ul. Dietla w stron\u0119 mostu Grunwaldzkiego. Prosimy o punktualno\u015b\u0107. A w planie wycieczki: ***rozpocz\u0119cie zwiedzania &#8211; zej\u015bcie schodami szyb Paderewski \u00b7zwiedzanie Trasy Turystycznej \u00b7pocz\u0119stunek \u00a0w kom. Drozdowice [&hellip;]<\/p>\n","protected":false},"author":9,"featured_media":0,"comment_status":"closed","ping_status":"closed","sticky":false,"template":"","format":"standard","meta":{"_acf_changed":false,"inline_featured_image":false,"footnotes":""},"categories":[6],"tags":[],"class_list":["post-6389","post","type-post","status-publish","format-standard","hentry","category-artykuly"],"acf":[],"_links":{"self":[{"href":"https:\/\/adwokatura.krakow.pl\/adwokaci-i-aplikanci\/wp-json\/wp\/v2\/posts\/6389","targetHints":{"allow":["GET"]}}],"collection":[{"href":"https:\/\/adwokatura.krakow.pl\/adwokaci-i-aplikanci\/wp-json\/wp\/v2\/posts"}],"about":[{"href":"https:\/\/adwokatura.krakow.pl\/adwokaci-i-aplikanci\/wp-json\/wp\/v2\/types\/post"}],"author":[{"embeddable":true,"href":"https:\/\/adwokatura.krakow.pl\/adwokaci-i-aplikanci\/wp-json\/wp\/v2\/users\/9"}],"replies":[{"embeddable":true,"href":"https:\/\/adwokatura.krakow.pl\/adwokaci-i-aplikanci\/wp-json\/wp\/v2\/comments?post=6389"}],"version-history":[{"count":1,"href":"https:\/\/adwokatura.krakow.pl\/adwokaci-i-aplikanci\/wp-json\/wp\/v2\/posts\/6389\/revisions"}],"predecessor-version":[{"id":6391,"href":"https:\/\/adwokatura.krakow.pl\/adwokaci-i-aplikanci\/wp-json\/wp\/v2\/posts\/6389\/revisions\/6391"}],"wp:attachment":[{"href":"https:\/\/adwokatura.krakow.pl\/adwokaci-i-aplikanci\/wp-json\/wp\/v2\/media?parent=6389"}],"wp:term":[{"taxonomy":"category","embeddable":true,"href":"https:\/\/adwokatura.krakow.pl\/adwokaci-i-aplikanci\/wp-json\/wp\/v2\/categories?post=6389"},{"taxonomy":"post_tag","embeddable":true,"href":"https:\/\/adwokatura.krakow.pl\/adwokaci-i-aplikanci\/wp-json\/wp\/v2\/tags?post=6389"}],"curies":[{"name":"wp","href":"https:\/\/api.w.org\/{rel}","templated":true}]}}