{"id":6392,"date":"2025-10-23T10:05:35","date_gmt":"2025-10-23T08:05:35","guid":{"rendered":"https:\/\/adwokatura.krakow.pl\/adwokaci-i-aplikanci\/?p=6392"},"modified":"2025-10-23T10:05:50","modified_gmt":"2025-10-23T08:05:50","slug":"europejski-dzien-prawnika-european-lawyers-day","status":"publish","type":"post","link":"https:\/\/adwokatura.krakow.pl\/adwokaci-i-aplikanci\/europejski-dzien-prawnika-european-lawyers-day\/","title":{"rendered":"Europejski Dzie\u0144 Prawnika (European Lawyers\u2019 Day)."},"content":{"rendered":"\n<figure class=\"wp-block-image size-full is-resized\"><img loading=\"lazy\" decoding=\"async\" width=\"595\" height=\"842\" src=\"https:\/\/adwokatura.krakow.pl\/adwokaci-i-aplikanci\/wp-content\/uploads\/sites\/2\/2025\/10\/Europejski-Dzien-Prawnika.jpg\" alt=\"\" class=\"wp-image-6393\" style=\"width:460px;height:auto\" srcset=\"https:\/\/adwokatura.krakow.pl\/adwokaci-i-aplikanci\/wp-content\/uploads\/sites\/2\/2025\/10\/Europejski-Dzien-Prawnika.jpg 595w, https:\/\/adwokatura.krakow.pl\/adwokaci-i-aplikanci\/wp-content\/uploads\/sites\/2\/2025\/10\/Europejski-Dzien-Prawnika-212x300.jpg 212w\" sizes=\"auto, (max-width: 595px) 100vw, 595px\" \/><\/figure>\n\n\n\n<p>25 pa\u017adziernika obchodzimy Europejski Dzie\u0144 Prawnika 2025<\/p>\n\n\n\n<p>Tegoroczny European Lawyers\u2019 Day (ELD) obchodzony jest pod has\u0142em: <em>\u201eThe Council of Europe Convention on the Protection of the Profession of Lawyer\u201d \u2013 \u201eKonwencja Rady Europy o ochronie zawodu prawnika\u201d.<\/em><\/p>\n\n\n\n<p>Celem inicjatywy jest upowszechnienie wiedzy o nowej Konwencji Rady Europy, kt\u00f3ra wzmacnia ochron\u0119 niezale\u017cno\u015bci i bezpiecze\u0144stwa prawnik\u00f3w w ca\u0142ej Europie.<\/p>\n\n\n\n<p><em>Wi\u0119cej informacji: <\/em><a href=\"https:\/\/www.ccbe.eu\"><em>https:\/\/www.ccbe.eu<\/em><\/a><em> oraz na <\/em><a href=\"http:\/\/www.adwokatura.pl\"><em>www.adwokatura.pl<\/em><\/a><\/p>\n\n\n\n<p><em>#EuropejskiDzie\u0144Prawnika #EuropeanLawyersDay #Adwokatura #RuleOfLaw #CCBE<\/em><\/p>\n\n\n\n<p><em>Z wyrazami szacunku,<\/em><\/p>\n\n\n\n<p><strong><em>Didar Issayeva-Skwarek<\/em><\/strong><\/p>\n\n\n\n<p><em>Specjalista ds. administracyjnych<\/em><\/p>\n","protected":false},"excerpt":{"rendered":"<p>25 pa\u017adziernika obchodzimy Europejski Dzie\u0144 Prawnika 2025 Tegoroczny European Lawyers\u2019 Day (ELD) obchodzony jest pod has\u0142em: \u201eThe Council of Europe Convention on the Protection of the Profession of Lawyer\u201d \u2013 \u201eKonwencja Rady Europy o ochronie zawodu prawnika\u201d. Celem inicjatywy jest upowszechnienie wiedzy o nowej Konwencji Rady Europy, kt\u00f3ra wzmacnia ochron\u0119 niezale\u017cno\u015bci i bezpiecze\u0144stwa prawnik\u00f3w w [&hellip;]<\/p>\n","protected":false},"author":9,"featured_media":0,"comment_status":"closed","ping_status":"closed","sticky":false,"template":"","format":"standard","meta":{"_acf_changed":false,"inline_featured_image":false,"footnotes":""},"categories":[6],"tags":[],"class_list":["post-6392","post","type-post","status-publish","format-standard","hentry","category-artykuly"],"acf":[],"_links":{"self":[{"href":"https:\/\/adwokatura.krakow.pl\/adwokaci-i-aplikanci\/wp-json\/wp\/v2\/posts\/6392","targetHints":{"allow":["GET"]}}],"collection":[{"href":"https:\/\/adwokatura.krakow.pl\/adwokaci-i-aplikanci\/wp-json\/wp\/v2\/posts"}],"about":[{"href":"https:\/\/adwokatura.krakow.pl\/adwokaci-i-aplikanci\/wp-json\/wp\/v2\/types\/post"}],"author":[{"embeddable":true,"href":"https:\/\/adwokatura.krakow.pl\/adwokaci-i-aplikanci\/wp-json\/wp\/v2\/users\/9"}],"replies":[{"embeddable":true,"href":"https:\/\/adwokatura.krakow.pl\/adwokaci-i-aplikanci\/wp-json\/wp\/v2\/comments?post=6392"}],"version-history":[{"count":1,"href":"https:\/\/adwokatura.krakow.pl\/adwokaci-i-aplikanci\/wp-json\/wp\/v2\/posts\/6392\/revisions"}],"predecessor-version":[{"id":6394,"href":"https:\/\/adwokatura.krakow.pl\/adwokaci-i-aplikanci\/wp-json\/wp\/v2\/posts\/6392\/revisions\/6394"}],"wp:attachment":[{"href":"https:\/\/adwokatura.krakow.pl\/adwokaci-i-aplikanci\/wp-json\/wp\/v2\/media?parent=6392"}],"wp:term":[{"taxonomy":"category","embeddable":true,"href":"https:\/\/adwokatura.krakow.pl\/adwokaci-i-aplikanci\/wp-json\/wp\/v2\/categories?post=6392"},{"taxonomy":"post_tag","embeddable":true,"href":"https:\/\/adwokatura.krakow.pl\/adwokaci-i-aplikanci\/wp-json\/wp\/v2\/tags?post=6392"}],"curies":[{"name":"wp","href":"https:\/\/api.w.org\/{rel}","templated":true}]}}