{"id":6395,"date":"2025-10-23T10:08:58","date_gmt":"2025-10-23T08:08:58","guid":{"rendered":"https:\/\/adwokatura.krakow.pl\/adwokaci-i-aplikanci\/?p=6395"},"modified":"2025-10-23T10:08:59","modified_gmt":"2025-10-23T08:08:59","slug":"14-kongres-prawa-medycznego","status":"publish","type":"post","link":"https:\/\/adwokatura.krakow.pl\/adwokaci-i-aplikanci\/14-kongres-prawa-medycznego\/","title":{"rendered":"14 Kongres Prawa Medycznego"},"content":{"rendered":"\n<p>W imieniu Polskiego Towarzystwa Prawa Medycznego mamy przyjemno\u015b\u0107 zaprosi\u0107 Pa\u0144stwa do udzia\u0142u w <strong>14. Kongresie Prawa Medycznego<\/strong>, kt\u00f3ry odb\u0119dzie si\u0119 w dniach <strong>4\u20135 grudnia 2025 roku<\/strong>\u00a0w Krakowie.<\/p>\n\n\n\n<p>Kongres to okazja do podsumowania tego, co wydarzy\u0142o si\u0119 w temacie prawa medycznego w ostatnim roku, zar\u00f3wno w Polsce, jak i na \u015bwiecie, oraz om\u00f3wienia perspektyw na przysz\u0142o\u015b\u0107.<\/p>\n\n\n\n<p><strong>ZAREJESTRUJ SI\u0118 JU\u017b DZISIAJ!<\/strong> Tylko do 31 pa\u017adziernika obowi\u0105zuje ni\u017csza op\u0142ata rejestracyjna za udzia\u0142.<\/p>\n\n\n<a class=\"button button--zielony-ze-strzalka\" href=\"https:\/\/prawomedyczne.edu.pl\/\">\n        Rejestracja<\/a>\n","protected":false},"excerpt":{"rendered":"<p>W imieniu Polskiego Towarzystwa Prawa Medycznego mamy przyjemno\u015b\u0107 zaprosi\u0107 Pa\u0144stwa do udzia\u0142u w 14. Kongresie Prawa Medycznego, kt\u00f3ry odb\u0119dzie si\u0119 w dniach 4\u20135 grudnia 2025 roku\u00a0w Krakowie. Kongres to okazja do podsumowania tego, co wydarzy\u0142o si\u0119 w temacie prawa medycznego w ostatnim roku, zar\u00f3wno w Polsce, jak i na \u015bwiecie, oraz om\u00f3wienia perspektyw na przysz\u0142o\u015b\u0107. [&hellip;]<\/p>\n","protected":false},"author":9,"featured_media":0,"comment_status":"closed","ping_status":"closed","sticky":false,"template":"","format":"standard","meta":{"_acf_changed":false,"inline_featured_image":false,"footnotes":""},"categories":[6],"tags":[],"class_list":["post-6395","post","type-post","status-publish","format-standard","hentry","category-artykuly"],"acf":[],"_links":{"self":[{"href":"https:\/\/adwokatura.krakow.pl\/adwokaci-i-aplikanci\/wp-json\/wp\/v2\/posts\/6395","targetHints":{"allow":["GET"]}}],"collection":[{"href":"https:\/\/adwokatura.krakow.pl\/adwokaci-i-aplikanci\/wp-json\/wp\/v2\/posts"}],"about":[{"href":"https:\/\/adwokatura.krakow.pl\/adwokaci-i-aplikanci\/wp-json\/wp\/v2\/types\/post"}],"author":[{"embeddable":true,"href":"https:\/\/adwokatura.krakow.pl\/adwokaci-i-aplikanci\/wp-json\/wp\/v2\/users\/9"}],"replies":[{"embeddable":true,"href":"https:\/\/adwokatura.krakow.pl\/adwokaci-i-aplikanci\/wp-json\/wp\/v2\/comments?post=6395"}],"version-history":[{"count":1,"href":"https:\/\/adwokatura.krakow.pl\/adwokaci-i-aplikanci\/wp-json\/wp\/v2\/posts\/6395\/revisions"}],"predecessor-version":[{"id":6396,"href":"https:\/\/adwokatura.krakow.pl\/adwokaci-i-aplikanci\/wp-json\/wp\/v2\/posts\/6395\/revisions\/6396"}],"wp:attachment":[{"href":"https:\/\/adwokatura.krakow.pl\/adwokaci-i-aplikanci\/wp-json\/wp\/v2\/media?parent=6395"}],"wp:term":[{"taxonomy":"category","embeddable":true,"href":"https:\/\/adwokatura.krakow.pl\/adwokaci-i-aplikanci\/wp-json\/wp\/v2\/categories?post=6395"},{"taxonomy":"post_tag","embeddable":true,"href":"https:\/\/adwokatura.krakow.pl\/adwokaci-i-aplikanci\/wp-json\/wp\/v2\/tags?post=6395"}],"curies":[{"name":"wp","href":"https:\/\/api.w.org\/{rel}","templated":true}]}}