{"id":6419,"date":"2025-10-24T10:51:00","date_gmt":"2025-10-24T08:51:00","guid":{"rendered":"https:\/\/adwokatura.krakow.pl\/adwokaci-i-aplikanci\/?p=6419"},"modified":"2025-10-24T10:52:42","modified_gmt":"2025-10-24T08:52:42","slug":"6419-2","status":"publish","type":"post","link":"https:\/\/adwokatura.krakow.pl\/adwokaci-i-aplikanci\/6419-2\/","title":{"rendered":"Relacja z DNI KULTURY ADWOKATURY"},"content":{"rendered":"\n<p><em>W ciep\u0142ej atmosferze krakowskiego Klubu Adwokat\u00f3w przy ul. Batorego 17 odby\u0142 si\u0119 wiecz\u00f3r, kt\u00f3ry po\u0142\u0105czy\u0142 s\u0142owo, muzyk\u0119 i sztuk\u0119.<\/em><\/p>\n\n\n\n<p><em> Spotkanie rozpocz\u0105\u0142 redaktor Grzegorz Teodor Gauden, prezentuj\u0105c swoj\u0105 ksi\u0105\u017ck\u0119 \u201ePolska sprawa Dreyfusa. Kto pr\u00f3bowa\u0142 zabi\u0107 prezydenta\u201d \u2014 opowie\u015b\u0107 o pasji, odwadze i sile s\u0142owa.<\/em><\/p>\n\n\n\n<p><em> Po refleksjach nad histori\u0105 przyszed\u0142 czas na muzyk\u0119. Adwokat dr Marek Pola\u0144ski (skrzypce) i prof. S\u0142awomir Cierpik (fortepian) zaprosili publiczno\u015b\u0107 w \u015bwiat d\u017awi\u0119k\u00f3w pe\u0142nych emocji i harmonii.<\/em><\/p>\n\n\n\n<p><em>Zwie\u0144czeniem wieczoru by\u0142 wernisa\u017c dr hab. prof. ASP Marty Bo\u017cyk z Akademii Sztuk Pi\u0119knych w Krakowie, artystki zwi\u0105zanej ze Stowarzyszeniem Mi\u0119dzynarodowe Triennale Grafiki w Krakowie. Jej prace dope\u0142ni\u0142y ca\u0142o\u015b\u0107 nastrojem subtelnego pi\u0119kna i artystycznej refleksji. <\/em><\/p>\n\n\n\n<p><em>To by\u0142 wiecz\u00f3r, w kt\u00f3rym s\u0142owo przenika\u0142o si\u0119 z muzyk\u0105, a obraz dope\u0142nia\u0142 ich znaczenia \u2014 harmonijna opowie\u015b\u0107 o tym, jak r\u00f3\u017cne dziedziny sztuki potrafi\u0105 wsp\u00f3lnie budowa\u0107 przestrze\u0144 spotkania\u2026 tak rozpocz\u0119li\u015bmy XIV Dni Kultury Adwokatury w Krakowie. <\/em><\/p>\n\n\n\n<p><em>Dzi\u0119kujemy, ze byli\u015bcie z nami\u2026<\/em><\/p>\n\n\n\n<div class=\"wp-block-columns is-layout-flex wp-container-core-columns-is-layout-9d6595d7 wp-block-columns-is-layout-flex\">\n<div class=\"wp-block-column is-layout-flow wp-block-column-is-layout-flow\">\n<figure class=\"wp-block-image size-large\"><img loading=\"lazy\" decoding=\"async\" width=\"768\" height=\"1024\" src=\"https:\/\/adwokatura.krakow.pl\/adwokaci-i-aplikanci\/wp-content\/uploads\/sites\/2\/2025\/10\/20251023_193415-1-768x1024.jpg\" alt=\"\" class=\"wp-image-6420\" srcset=\"https:\/\/adwokatura.krakow.pl\/adwokaci-i-aplikanci\/wp-content\/uploads\/sites\/2\/2025\/10\/20251023_193415-1-768x1024.jpg 768w, https:\/\/adwokatura.krakow.pl\/adwokaci-i-aplikanci\/wp-content\/uploads\/sites\/2\/2025\/10\/20251023_193415-1-225x300.jpg 225w, https:\/\/adwokatura.krakow.pl\/adwokaci-i-aplikanci\/wp-content\/uploads\/sites\/2\/2025\/10\/20251023_193415-1.jpg 900w\" sizes=\"auto, (max-width: 768px) 100vw, 768px\" \/><\/figure>\n<\/div>\n\n\n\n<div class=\"wp-block-column is-layout-flow wp-block-column-is-layout-flow\">\n<figure class=\"wp-block-image size-large\"><img loading=\"lazy\" decoding=\"async\" width=\"768\" height=\"1024\" src=\"https:\/\/adwokatura.krakow.pl\/adwokaci-i-aplikanci\/wp-content\/uploads\/sites\/2\/2025\/10\/20251023_191039-1-768x1024.jpg\" alt=\"\" class=\"wp-image-6421\" srcset=\"https:\/\/adwokatura.krakow.pl\/adwokaci-i-aplikanci\/wp-content\/uploads\/sites\/2\/2025\/10\/20251023_191039-1-768x1024.jpg 768w, https:\/\/adwokatura.krakow.pl\/adwokaci-i-aplikanci\/wp-content\/uploads\/sites\/2\/2025\/10\/20251023_191039-1-225x300.jpg 225w, https:\/\/adwokatura.krakow.pl\/adwokaci-i-aplikanci\/wp-content\/uploads\/sites\/2\/2025\/10\/20251023_191039-1.jpg 900w\" sizes=\"auto, (max-width: 768px) 100vw, 768px\" \/><\/figure>\n<\/div>\n\n\n\n<div class=\"wp-block-column is-layout-flow wp-block-column-is-layout-flow\">\n<figure class=\"wp-block-image size-large\"><img loading=\"lazy\" decoding=\"async\" width=\"768\" height=\"1024\" src=\"https:\/\/adwokatura.krakow.pl\/adwokaci-i-aplikanci\/wp-content\/uploads\/sites\/2\/2025\/10\/20251023_193247-1-768x1024.jpg\" alt=\"\" class=\"wp-image-6422\" srcset=\"https:\/\/adwokatura.krakow.pl\/adwokaci-i-aplikanci\/wp-content\/uploads\/sites\/2\/2025\/10\/20251023_193247-1-768x1024.jpg 768w, https:\/\/adwokatura.krakow.pl\/adwokaci-i-aplikanci\/wp-content\/uploads\/sites\/2\/2025\/10\/20251023_193247-1-225x300.jpg 225w, https:\/\/adwokatura.krakow.pl\/adwokaci-i-aplikanci\/wp-content\/uploads\/sites\/2\/2025\/10\/20251023_193247-1.jpg 900w\" sizes=\"auto, (max-width: 768px) 100vw, 768px\" \/><\/figure>\n<\/div>\n<\/div>\n\n\n\n<p><\/p>\n\n\n<a class=\"button button--zielony-ze-strzalka\" href=\"https:\/\/adwokatura.krakow.pl\/adwokaci-i-aplikanci\/galeria\/dni-kultury-adwokatury-krakow-2025\/\">\n        GALERIA ZDJ\u0118\u0106<\/a>\n","protected":false},"excerpt":{"rendered":"<p>W ciep\u0142ej atmosferze krakowskiego Klubu Adwokat\u00f3w przy ul. Batorego 17 odby\u0142 si\u0119 wiecz\u00f3r, kt\u00f3ry po\u0142\u0105czy\u0142 s\u0142owo, muzyk\u0119 i sztuk\u0119. Spotkanie rozpocz\u0105\u0142 redaktor Grzegorz Teodor Gauden, prezentuj\u0105c swoj\u0105 ksi\u0105\u017ck\u0119 \u201ePolska sprawa Dreyfusa. Kto pr\u00f3bowa\u0142 zabi\u0107 prezydenta\u201d \u2014 opowie\u015b\u0107 o pasji, odwadze i sile s\u0142owa. Po refleksjach nad histori\u0105 przyszed\u0142 czas na muzyk\u0119. Adwokat dr Marek Pola\u0144ski [&hellip;]<\/p>\n","protected":false},"author":9,"featured_media":0,"comment_status":"closed","ping_status":"closed","sticky":false,"template":"","format":"standard","meta":{"_acf_changed":false,"inline_featured_image":false,"footnotes":""},"categories":[6],"tags":[],"class_list":["post-6419","post","type-post","status-publish","format-standard","hentry","category-artykuly"],"acf":[],"_links":{"self":[{"href":"https:\/\/adwokatura.krakow.pl\/adwokaci-i-aplikanci\/wp-json\/wp\/v2\/posts\/6419","targetHints":{"allow":["GET"]}}],"collection":[{"href":"https:\/\/adwokatura.krakow.pl\/adwokaci-i-aplikanci\/wp-json\/wp\/v2\/posts"}],"about":[{"href":"https:\/\/adwokatura.krakow.pl\/adwokaci-i-aplikanci\/wp-json\/wp\/v2\/types\/post"}],"author":[{"embeddable":true,"href":"https:\/\/adwokatura.krakow.pl\/adwokaci-i-aplikanci\/wp-json\/wp\/v2\/users\/9"}],"replies":[{"embeddable":true,"href":"https:\/\/adwokatura.krakow.pl\/adwokaci-i-aplikanci\/wp-json\/wp\/v2\/comments?post=6419"}],"version-history":[{"count":3,"href":"https:\/\/adwokatura.krakow.pl\/adwokaci-i-aplikanci\/wp-json\/wp\/v2\/posts\/6419\/revisions"}],"predecessor-version":[{"id":6425,"href":"https:\/\/adwokatura.krakow.pl\/adwokaci-i-aplikanci\/wp-json\/wp\/v2\/posts\/6419\/revisions\/6425"}],"wp:attachment":[{"href":"https:\/\/adwokatura.krakow.pl\/adwokaci-i-aplikanci\/wp-json\/wp\/v2\/media?parent=6419"}],"wp:term":[{"taxonomy":"category","embeddable":true,"href":"https:\/\/adwokatura.krakow.pl\/adwokaci-i-aplikanci\/wp-json\/wp\/v2\/categories?post=6419"},{"taxonomy":"post_tag","embeddable":true,"href":"https:\/\/adwokatura.krakow.pl\/adwokaci-i-aplikanci\/wp-json\/wp\/v2\/tags?post=6419"}],"curies":[{"name":"wp","href":"https:\/\/api.w.org\/{rel}","templated":true}]}}