{"id":6429,"date":"2025-10-28T08:49:44","date_gmt":"2025-10-28T07:49:44","guid":{"rendered":"https:\/\/adwokatura.krakow.pl\/adwokaci-i-aplikanci\/?p=6429"},"modified":"2025-11-05T09:52:48","modified_gmt":"2025-11-05T08:52:48","slug":"dka-2025r-relacja","status":"publish","type":"post","link":"https:\/\/adwokatura.krakow.pl\/adwokaci-i-aplikanci\/dka-2025r-relacja\/","title":{"rendered":"DKA 2025r. &#8211; Relacja"},"content":{"rendered":"\n<div class=\"wp-block-columns is-layout-flex wp-container-core-columns-is-layout-9d6595d7 wp-block-columns-is-layout-flex\">\n<div class=\"wp-block-column is-layout-flow wp-block-column-is-layout-flow\">\n<figure class=\"wp-block-image size-large\"><img loading=\"lazy\" decoding=\"async\" width=\"768\" height=\"1024\" src=\"https:\/\/adwokatura.krakow.pl\/adwokaci-i-aplikanci\/wp-content\/uploads\/sites\/2\/2025\/10\/573329016_1446129764182475_7966068855694884775_n-768x1024.jpg\" alt=\"\" class=\"wp-image-6430\" srcset=\"https:\/\/adwokatura.krakow.pl\/adwokaci-i-aplikanci\/wp-content\/uploads\/sites\/2\/2025\/10\/573329016_1446129764182475_7966068855694884775_n-768x1024.jpg 768w, https:\/\/adwokatura.krakow.pl\/adwokaci-i-aplikanci\/wp-content\/uploads\/sites\/2\/2025\/10\/573329016_1446129764182475_7966068855694884775_n-225x300.jpg 225w, https:\/\/adwokatura.krakow.pl\/adwokaci-i-aplikanci\/wp-content\/uploads\/sites\/2\/2025\/10\/573329016_1446129764182475_7966068855694884775_n-1152x1536.jpg 1152w, https:\/\/adwokatura.krakow.pl\/adwokaci-i-aplikanci\/wp-content\/uploads\/sites\/2\/2025\/10\/573329016_1446129764182475_7966068855694884775_n.jpg 1536w\" sizes=\"auto, (max-width: 768px) 100vw, 768px\" \/><\/figure>\n<\/div>\n\n\n\n<div class=\"wp-block-column is-layout-flow wp-block-column-is-layout-flow\">\n<figure class=\"wp-block-image size-large\"><img loading=\"lazy\" decoding=\"async\" width=\"768\" height=\"1024\" src=\"https:\/\/adwokatura.krakow.pl\/adwokaci-i-aplikanci\/wp-content\/uploads\/sites\/2\/2025\/10\/572753390_1446125304182921_5789757905392877734_n-768x1024.jpg\" alt=\"\" class=\"wp-image-6433\" srcset=\"https:\/\/adwokatura.krakow.pl\/adwokaci-i-aplikanci\/wp-content\/uploads\/sites\/2\/2025\/10\/572753390_1446125304182921_5789757905392877734_n-768x1024.jpg 768w, https:\/\/adwokatura.krakow.pl\/adwokaci-i-aplikanci\/wp-content\/uploads\/sites\/2\/2025\/10\/572753390_1446125304182921_5789757905392877734_n-225x300.jpg 225w, https:\/\/adwokatura.krakow.pl\/adwokaci-i-aplikanci\/wp-content\/uploads\/sites\/2\/2025\/10\/572753390_1446125304182921_5789757905392877734_n-1152x1536.jpg 1152w, https:\/\/adwokatura.krakow.pl\/adwokaci-i-aplikanci\/wp-content\/uploads\/sites\/2\/2025\/10\/572753390_1446125304182921_5789757905392877734_n.jpg 1200w\" sizes=\"auto, (max-width: 768px) 100vw, 768px\" \/><\/figure>\n<\/div>\n\n\n\n<div class=\"wp-block-column is-layout-flow wp-block-column-is-layout-flow\">\n<figure class=\"wp-block-image size-large\"><img loading=\"lazy\" decoding=\"async\" width=\"768\" height=\"1024\" src=\"https:\/\/adwokatura.krakow.pl\/adwokaci-i-aplikanci\/wp-content\/uploads\/sites\/2\/2025\/10\/573618720_1446125450849573_8119553392711712464_n-768x1024.jpg\" alt=\"\" class=\"wp-image-6432\" srcset=\"https:\/\/adwokatura.krakow.pl\/adwokaci-i-aplikanci\/wp-content\/uploads\/sites\/2\/2025\/10\/573618720_1446125450849573_8119553392711712464_n-768x1024.jpg 768w, https:\/\/adwokatura.krakow.pl\/adwokaci-i-aplikanci\/wp-content\/uploads\/sites\/2\/2025\/10\/573618720_1446125450849573_8119553392711712464_n-225x300.jpg 225w, https:\/\/adwokatura.krakow.pl\/adwokaci-i-aplikanci\/wp-content\/uploads\/sites\/2\/2025\/10\/573618720_1446125450849573_8119553392711712464_n-1152x1536.jpg 1152w, https:\/\/adwokatura.krakow.pl\/adwokaci-i-aplikanci\/wp-content\/uploads\/sites\/2\/2025\/10\/573618720_1446125450849573_8119553392711712464_n.jpg 1536w\" sizes=\"auto, (max-width: 768px) 100vw, 768px\" \/><\/figure>\n<\/div>\n<\/div>\n\n\n\n<p><strong>XIV Dni Kultury Adwokatury \u2013 \u015awi\u0119to S\u0142owa, Sztuki i Tradycji<\/strong><\/p>\n\n\n\n<p>Za nami czternaste Dni Kultury Adwokatury \u2013 wydarzenie, kt\u00f3re po raz kolejny udowodni\u0142o, \u017ce \u015brodowisko adwokackie to nie tylko pasja do prawa, ale r\u00f3wnie\u017c g\u0142\u0119boka wra\u017cliwo\u015b\u0107 na pi\u0119kno i sztuk\u0119. Przez cztery dni, od 23 do 26 pa\u017adziernika br., Krak\u00f3w sta\u0142 si\u0119 miejscem niezwyk\u0142ych spotka\u0144, koncert\u00f3w, wyk\u0142ad\u00f3w i wystaw, kt\u00f3re zachwyci\u0142y publiczno\u015b\u0107 r\u00f3\u017cnorodno\u015bci\u0105 i poziomem artystycznym.<\/p>\n\n\n\n<p>W czwartek, 23 pa\u017adziernika w krakowskim Klubie Adwokat\u00f3w przy ul. Batorego nasta\u0142 wiecz\u00f3r pe\u0142en intelektualnych i artystycznych dozna\u0144.<\/p>\n\n\n\n<p>Redaktor Grzegorz Teodor Gauden zaprezentowa\u0142 swoj\u0105 najnowsz\u0105 ksi\u0105\u017ck\u0119 \u201ePolska sprawa Dreyfusa. Kto pr\u00f3bowa\u0142 zabi\u0107 prezydenta\u201d, wprowadzaj\u0105c uczestnik\u00f3w w refleksj\u0119 nad histori\u0105 i wsp\u00f3\u0142czesno\u015bci\u0105.<\/p>\n\n\n\n<p>Nast\u0119pnie odby\u0142 si\u0119 koncert muzyki kameralnej w wykonaniu adw. dr. Marka Pola\u0144skiego (skrzypce) i prof. S\u0142awomira Cierpika (fortepian), kt\u00f3ry oczarowa\u0142 publiczno\u015b\u0107 subtelno\u015bci\u0105 i energi\u0105 interpretacji.<\/p>\n\n\n\n<p>Wiecz\u00f3r zako\u0144czy\u0142 wernisa\u017c Profesor Marty Bo\u017cyk z Akademii Sztuk Pi\u0119knych w Krakowie \u2013 wystawa pe\u0142na koloru, emocji i g\u0142\u0119bi, b\u0119d\u0105ca pi\u0119knym dope\u0142nieniem artystycznej cz\u0119\u015bci dnia.<\/p>\n\n\n\n<p>Drugi dzie\u0144 DKA mia\u0142 charakter naukowo-artystyczny.<\/p>\n\n\n\n<p>Rano, w Auli Wydzia\u0142u Prawa i Administracji UJ, odby\u0142o si\u0119 sympozjum naukowe \u201e60 lat obowi\u0105zywania kodeksu cywilnego w Polsce\u201d, zorganizowane z inicjatywy prof. Jerzego Pisuli\u0144skiego.<\/p>\n\n\n\n<p>Uczestnicy DKA mieli mo\u017cliwo\u015b\u0107 podziwia\u0107 wystaw\u0119 malarstwa J\u00f3zefa Che\u0142mo\u0144skiego w Muzeum Narodowym w Krakowie oraz wys\u0142ucha\u0107 s\u0142\u00f3w wst\u0119pu od Dyrektora Muzeum Pana Andrzeja Szczerskiego.<\/p>\n\n\n\n<p>Wiecz\u00f3r przyni\u00f3s\u0142 prawdziwe muzyczne uniesienia \u2013 podczas koncertu profesorskiego w Sali Poselskiej na Zamku Kr\u00f3lewskim na Wawelu wyst\u0105pili wybitni arty\u015bci: Katarzyna Ole\u015b-Blacha (sopran), Mariola Cieniawa (fortepian), Robert Kabara (skrzypce) i Piotr Lato (klarnet). Ich wsp\u00f3lny wyst\u0119p pozostanie w pami\u0119ci s\u0142uchaczy na d\u0142ugo.<\/p>\n\n\n\n<p>Trzeci dzie\u0144 przyni\u00f3s\u0142 podr\u00f3\u017c w niezwyk\u0142e miejsce \u2013 Muzeum \u017bup Solnych w Wieliczce, gdzie uczestnicy mogli podziwia\u0107 bogactwo dziedzictwa materialnego i historycznego regionu, a wieczorem nadszed\u0142 czas na rado\u015b\u0107 i humor w najlepszym wydaniu \u2013 kabaret \u201ePiwnica pod Baranami\u201d jak zawsze rozbawi\u0142, wzruszy\u0142 i przypomnia\u0142, jak wa\u017cny jest dystans i u\u015bmiech w codziennym \u017cyciu. Zwie\u0144czeniem XIV Dni Kultury Adwokatury by\u0142a niedzielna Msza \u015awi\u0119ta w intencji Adwokatury Polskiej. To by\u0142y cztery dni pe\u0142ne sztuki, wiedzy, emocji i wsp\u00f3lnoty.<\/p>\n\n\n\n<p>Organizatorem Dni by\u0142a Komisja Integracji \u015arodowiskowej, Kultury, Sportu i Turystyki Naczelnej Rady Adwokackiej z przewodnicz\u0105cym adw. Stanis\u0142awem Estreichem, a wsp\u00f3\u0142organizatorem &#8211; Krakowska Izba Adwokacka. Prowadzenie i scenariusz stworzy\u0142 adw. Stanis\u0142aw K\u0142ys<\/p>\n\n\n\n<p> Dzi\u0119kujemy wszystkim Go\u015bciom, Prelegentom, Artystom i Organizatorom, kt\u00f3rzy swoim zaanga\u017cowaniem i talentem uczynili tegoroczn\u0105 edycj\u0119 wydarzenia tak wyj\u0105tkow\u0105.<\/p>\n\n\n\n<div class=\"wp-block-columns is-layout-flex wp-container-core-columns-is-layout-9d6595d7 wp-block-columns-is-layout-flex\">\n<div class=\"wp-block-column is-layout-flow wp-block-column-is-layout-flow\">\n<figure class=\"wp-block-image size-large\"><img loading=\"lazy\" decoding=\"async\" width=\"791\" height=\"1024\" src=\"http:\/\/adwokatura.krakow.pl\/adwokaci-i-aplikanci\/wp-content\/uploads\/sites\/2\/2025\/10\/r1-791x1024.jpg\" alt=\"\" class=\"wp-image-6489\" srcset=\"https:\/\/adwokatura.krakow.pl\/adwokaci-i-aplikanci\/wp-content\/uploads\/sites\/2\/2025\/10\/r1-791x1024.jpg 791w, https:\/\/adwokatura.krakow.pl\/adwokaci-i-aplikanci\/wp-content\/uploads\/sites\/2\/2025\/10\/r1-232x300.jpg 232w, https:\/\/adwokatura.krakow.pl\/adwokaci-i-aplikanci\/wp-content\/uploads\/sites\/2\/2025\/10\/r1-768x994.jpg 768w, https:\/\/adwokatura.krakow.pl\/adwokaci-i-aplikanci\/wp-content\/uploads\/sites\/2\/2025\/10\/r1-1187x1536.jpg 1187w, https:\/\/adwokatura.krakow.pl\/adwokaci-i-aplikanci\/wp-content\/uploads\/sites\/2\/2025\/10\/r1-1583x2048.jpg 1583w, https:\/\/adwokatura.krakow.pl\/adwokaci-i-aplikanci\/wp-content\/uploads\/sites\/2\/2025\/10\/r1.jpg 1700w\" sizes=\"auto, (max-width: 791px) 100vw, 791px\" \/><\/figure>\n<\/div>\n\n\n\n<div class=\"wp-block-column is-layout-flow wp-block-column-is-layout-flow\">\n<figure class=\"wp-block-image size-large\"><img loading=\"lazy\" decoding=\"async\" width=\"791\" height=\"1024\" src=\"http:\/\/adwokatura.krakow.pl\/adwokaci-i-aplikanci\/wp-content\/uploads\/sites\/2\/2025\/10\/r2-791x1024.jpg\" alt=\"\" class=\"wp-image-6490\" srcset=\"https:\/\/adwokatura.krakow.pl\/adwokaci-i-aplikanci\/wp-content\/uploads\/sites\/2\/2025\/10\/r2-791x1024.jpg 791w, https:\/\/adwokatura.krakow.pl\/adwokaci-i-aplikanci\/wp-content\/uploads\/sites\/2\/2025\/10\/r2-232x300.jpg 232w, https:\/\/adwokatura.krakow.pl\/adwokaci-i-aplikanci\/wp-content\/uploads\/sites\/2\/2025\/10\/r2-768x994.jpg 768w, https:\/\/adwokatura.krakow.pl\/adwokaci-i-aplikanci\/wp-content\/uploads\/sites\/2\/2025\/10\/r2-1187x1536.jpg 1187w, https:\/\/adwokatura.krakow.pl\/adwokaci-i-aplikanci\/wp-content\/uploads\/sites\/2\/2025\/10\/r2-1583x2048.jpg 1583w, https:\/\/adwokatura.krakow.pl\/adwokaci-i-aplikanci\/wp-content\/uploads\/sites\/2\/2025\/10\/r2.jpg 1700w\" sizes=\"auto, (max-width: 791px) 100vw, 791px\" \/><\/figure>\n<\/div>\n<\/div>\n\n\n\n<div class=\"wp-block-columns is-layout-flex wp-container-core-columns-is-layout-9d6595d7 wp-block-columns-is-layout-flex\">\n<div class=\"wp-block-column is-layout-flow wp-block-column-is-layout-flow\">\n<figure class=\"wp-block-image size-large\"><img loading=\"lazy\" decoding=\"async\" width=\"791\" height=\"1024\" src=\"http:\/\/adwokatura.krakow.pl\/adwokaci-i-aplikanci\/wp-content\/uploads\/sites\/2\/2025\/10\/r3-791x1024.jpg\" alt=\"\" class=\"wp-image-6491\" srcset=\"https:\/\/adwokatura.krakow.pl\/adwokaci-i-aplikanci\/wp-content\/uploads\/sites\/2\/2025\/10\/r3-791x1024.jpg 791w, https:\/\/adwokatura.krakow.pl\/adwokaci-i-aplikanci\/wp-content\/uploads\/sites\/2\/2025\/10\/r3-232x300.jpg 232w, https:\/\/adwokatura.krakow.pl\/adwokaci-i-aplikanci\/wp-content\/uploads\/sites\/2\/2025\/10\/r3-768x994.jpg 768w, https:\/\/adwokatura.krakow.pl\/adwokaci-i-aplikanci\/wp-content\/uploads\/sites\/2\/2025\/10\/r3-1187x1536.jpg 1187w, https:\/\/adwokatura.krakow.pl\/adwokaci-i-aplikanci\/wp-content\/uploads\/sites\/2\/2025\/10\/r3-1583x2048.jpg 1583w, https:\/\/adwokatura.krakow.pl\/adwokaci-i-aplikanci\/wp-content\/uploads\/sites\/2\/2025\/10\/r3.jpg 1700w\" sizes=\"auto, (max-width: 791px) 100vw, 791px\" \/><\/figure>\n<\/div>\n\n\n\n<div class=\"wp-block-column is-layout-flow wp-block-column-is-layout-flow\">\n<figure class=\"wp-block-image size-large\"><img loading=\"lazy\" decoding=\"async\" width=\"791\" height=\"1024\" src=\"http:\/\/adwokatura.krakow.pl\/adwokaci-i-aplikanci\/wp-content\/uploads\/sites\/2\/2025\/10\/r4-791x1024.jpg\" alt=\"\" class=\"wp-image-6492\" srcset=\"https:\/\/adwokatura.krakow.pl\/adwokaci-i-aplikanci\/wp-content\/uploads\/sites\/2\/2025\/10\/r4-791x1024.jpg 791w, https:\/\/adwokatura.krakow.pl\/adwokaci-i-aplikanci\/wp-content\/uploads\/sites\/2\/2025\/10\/r4-232x300.jpg 232w, https:\/\/adwokatura.krakow.pl\/adwokaci-i-aplikanci\/wp-content\/uploads\/sites\/2\/2025\/10\/r4-768x994.jpg 768w, https:\/\/adwokatura.krakow.pl\/adwokaci-i-aplikanci\/wp-content\/uploads\/sites\/2\/2025\/10\/r4-1187x1536.jpg 1187w, https:\/\/adwokatura.krakow.pl\/adwokaci-i-aplikanci\/wp-content\/uploads\/sites\/2\/2025\/10\/r4-1583x2048.jpg 1583w, https:\/\/adwokatura.krakow.pl\/adwokaci-i-aplikanci\/wp-content\/uploads\/sites\/2\/2025\/10\/r4.jpg 1700w\" sizes=\"auto, (max-width: 791px) 100vw, 791px\" \/><\/figure>\n<\/div>\n<\/div>\n","protected":false},"excerpt":{"rendered":"<p>XIV Dni Kultury Adwokatury \u2013 \u015awi\u0119to S\u0142owa, Sztuki i Tradycji Za nami czternaste Dni Kultury Adwokatury \u2013 wydarzenie, kt\u00f3re po raz kolejny udowodni\u0142o, \u017ce \u015brodowisko adwokackie to nie tylko pasja do prawa, ale r\u00f3wnie\u017c g\u0142\u0119boka wra\u017cliwo\u015b\u0107 na pi\u0119kno i sztuk\u0119. Przez cztery dni, od 23 do 26 pa\u017adziernika br., Krak\u00f3w sta\u0142 si\u0119 miejscem niezwyk\u0142ych spotka\u0144, [&hellip;]<\/p>\n","protected":false},"author":9,"featured_media":0,"comment_status":"closed","ping_status":"closed","sticky":false,"template":"","format":"standard","meta":{"_acf_changed":false,"inline_featured_image":false,"footnotes":""},"categories":[6],"tags":[],"class_list":["post-6429","post","type-post","status-publish","format-standard","hentry","category-artykuly"],"acf":[],"_links":{"self":[{"href":"https:\/\/adwokatura.krakow.pl\/adwokaci-i-aplikanci\/wp-json\/wp\/v2\/posts\/6429","targetHints":{"allow":["GET"]}}],"collection":[{"href":"https:\/\/adwokatura.krakow.pl\/adwokaci-i-aplikanci\/wp-json\/wp\/v2\/posts"}],"about":[{"href":"https:\/\/adwokatura.krakow.pl\/adwokaci-i-aplikanci\/wp-json\/wp\/v2\/types\/post"}],"author":[{"embeddable":true,"href":"https:\/\/adwokatura.krakow.pl\/adwokaci-i-aplikanci\/wp-json\/wp\/v2\/users\/9"}],"replies":[{"embeddable":true,"href":"https:\/\/adwokatura.krakow.pl\/adwokaci-i-aplikanci\/wp-json\/wp\/v2\/comments?post=6429"}],"version-history":[{"count":4,"href":"https:\/\/adwokatura.krakow.pl\/adwokaci-i-aplikanci\/wp-json\/wp\/v2\/posts\/6429\/revisions"}],"predecessor-version":[{"id":6500,"href":"https:\/\/adwokatura.krakow.pl\/adwokaci-i-aplikanci\/wp-json\/wp\/v2\/posts\/6429\/revisions\/6500"}],"wp:attachment":[{"href":"https:\/\/adwokatura.krakow.pl\/adwokaci-i-aplikanci\/wp-json\/wp\/v2\/media?parent=6429"}],"wp:term":[{"taxonomy":"category","embeddable":true,"href":"https:\/\/adwokatura.krakow.pl\/adwokaci-i-aplikanci\/wp-json\/wp\/v2\/categories?post=6429"},{"taxonomy":"post_tag","embeddable":true,"href":"https:\/\/adwokatura.krakow.pl\/adwokaci-i-aplikanci\/wp-json\/wp\/v2\/tags?post=6429"}],"curies":[{"name":"wp","href":"https:\/\/api.w.org\/{rel}","templated":true}]}}