{"id":6450,"date":"2025-10-28T12:50:33","date_gmt":"2025-10-28T11:50:33","guid":{"rendered":"https:\/\/adwokatura.krakow.pl\/adwokaci-i-aplikanci\/?p=6450"},"modified":"2025-10-28T12:51:43","modified_gmt":"2025-10-28T11:51:43","slug":"klauzula-zmiennego-oprocentowania-odsylajacego-do-wibor","status":"publish","type":"post","link":"https:\/\/adwokatura.krakow.pl\/adwokaci-i-aplikanci\/klauzula-zmiennego-oprocentowania-odsylajacego-do-wibor\/","title":{"rendered":"Klauzula zmiennego oprocentowania\u00a0odsy\u0142aj\u0105cego do WIBOR\u00a0"},"content":{"rendered":"\n<h2 class=\"wp-block-heading\">Klauzula zmiennego oprocentowania&nbsp;odsy\u0142aj\u0105cego do WIBOR&nbsp;<\/h2>\n\n\n\n<p><strong>Wybrane zagadnienia prawne i orzecznicze<\/strong><\/p>\n\n\n\n<figure class=\"wp-block-image size-large is-resized\"><img loading=\"lazy\" decoding=\"async\" width=\"724\" height=\"1024\" src=\"https:\/\/adwokatura.krakow.pl\/adwokaci-i-aplikanci\/wp-content\/uploads\/sites\/2\/2025\/10\/WIBOR-4.11.2025-724x1024.png\" alt=\"\" class=\"wp-image-6451\" style=\"width:524px;height:auto\" srcset=\"https:\/\/adwokatura.krakow.pl\/adwokaci-i-aplikanci\/wp-content\/uploads\/sites\/2\/2025\/10\/WIBOR-4.11.2025-724x1024.png 724w, https:\/\/adwokatura.krakow.pl\/adwokaci-i-aplikanci\/wp-content\/uploads\/sites\/2\/2025\/10\/WIBOR-4.11.2025-212x300.png 212w, https:\/\/adwokatura.krakow.pl\/adwokaci-i-aplikanci\/wp-content\/uploads\/sites\/2\/2025\/10\/WIBOR-4.11.2025-768x1086.png 768w, https:\/\/adwokatura.krakow.pl\/adwokaci-i-aplikanci\/wp-content\/uploads\/sites\/2\/2025\/10\/WIBOR-4.11.2025-1086x1536.png 1086w, https:\/\/adwokatura.krakow.pl\/adwokaci-i-aplikanci\/wp-content\/uploads\/sites\/2\/2025\/10\/WIBOR-4.11.2025-1448x2048.png 1448w, https:\/\/adwokatura.krakow.pl\/adwokaci-i-aplikanci\/wp-content\/uploads\/sites\/2\/2025\/10\/WIBOR-4.11.2025.png 1587w\" sizes=\"auto, (max-width: 724px) 100vw, 724px\" \/><\/figure>\n\n\n\n<p>Szanowni Pa\u0144stwo<\/p>\n\n\n\n<p><a href=\"https:\/\/preview.mailerlite.io\/preview\/1289164\/emails\/169503436267586991\"><\/a>zapraszamy na wyk\u0142ad w ramach doskonalenia zawodowego<\/p>\n\n\n\n<p>link do wyk\u0142adu<\/p>\n\n\n\n<p>&nbsp;Zoom<a href=\"https:\/\/us02web.zoom.us\/j\/82988941894?pwd=cnhsW9wlCTO1Di7om8wCN0UQAv8FAE.1&amp;fbclid=IwZXh0bgNhZW0CMTAAYnJpZBEwRTc0VGxZZXVyMm1ScXlaZAEe025PkchViDT0Y5qqxzmvOP8GWC_91_xCrTmhync00s-KWTCiiuGV7z6uC-w_aem_1qrvKQnsN9A5rJumd7PUMg\" rel=\"noreferrer noopener\" target=\"_blank\">https:\/\/us02web.zoom.us\/j\/82988941894&#8230;<\/a><\/p>\n\n\n\n<p>Identyfikator spotkania: 829 8894 1894<\/p>\n\n\n\n<p>Kod dost\u0119pu: 193792<\/p>\n","protected":false},"excerpt":{"rendered":"<p>Klauzula zmiennego oprocentowania&nbsp;odsy\u0142aj\u0105cego do WIBOR&nbsp; Wybrane zagadnienia prawne i orzecznicze Szanowni Pa\u0144stwo zapraszamy na wyk\u0142ad w ramach doskonalenia zawodowego link do wyk\u0142adu &nbsp;Zoomhttps:\/\/us02web.zoom.us\/j\/82988941894&#8230; Identyfikator spotkania: 829 8894 1894 Kod dost\u0119pu: 193792<\/p>\n","protected":false},"author":9,"featured_media":0,"comment_status":"closed","ping_status":"closed","sticky":false,"template":"","format":"standard","meta":{"_acf_changed":false,"inline_featured_image":false,"footnotes":""},"categories":[6],"tags":[],"class_list":["post-6450","post","type-post","status-publish","format-standard","hentry","category-artykuly"],"acf":[],"_links":{"self":[{"href":"https:\/\/adwokatura.krakow.pl\/adwokaci-i-aplikanci\/wp-json\/wp\/v2\/posts\/6450","targetHints":{"allow":["GET"]}}],"collection":[{"href":"https:\/\/adwokatura.krakow.pl\/adwokaci-i-aplikanci\/wp-json\/wp\/v2\/posts"}],"about":[{"href":"https:\/\/adwokatura.krakow.pl\/adwokaci-i-aplikanci\/wp-json\/wp\/v2\/types\/post"}],"author":[{"embeddable":true,"href":"https:\/\/adwokatura.krakow.pl\/adwokaci-i-aplikanci\/wp-json\/wp\/v2\/users\/9"}],"replies":[{"embeddable":true,"href":"https:\/\/adwokatura.krakow.pl\/adwokaci-i-aplikanci\/wp-json\/wp\/v2\/comments?post=6450"}],"version-history":[{"count":3,"href":"https:\/\/adwokatura.krakow.pl\/adwokaci-i-aplikanci\/wp-json\/wp\/v2\/posts\/6450\/revisions"}],"predecessor-version":[{"id":6454,"href":"https:\/\/adwokatura.krakow.pl\/adwokaci-i-aplikanci\/wp-json\/wp\/v2\/posts\/6450\/revisions\/6454"}],"wp:attachment":[{"href":"https:\/\/adwokatura.krakow.pl\/adwokaci-i-aplikanci\/wp-json\/wp\/v2\/media?parent=6450"}],"wp:term":[{"taxonomy":"category","embeddable":true,"href":"https:\/\/adwokatura.krakow.pl\/adwokaci-i-aplikanci\/wp-json\/wp\/v2\/categories?post=6450"},{"taxonomy":"post_tag","embeddable":true,"href":"https:\/\/adwokatura.krakow.pl\/adwokaci-i-aplikanci\/wp-json\/wp\/v2\/tags?post=6450"}],"curies":[{"name":"wp","href":"https:\/\/api.w.org\/{rel}","templated":true}]}}