{"id":6473,"date":"2025-10-28T14:50:58","date_gmt":"2025-10-28T13:50:58","guid":{"rendered":"https:\/\/adwokatura.krakow.pl\/adwokaci-i-aplikanci\/?p=6473"},"modified":"2025-10-29T10:55:52","modified_gmt":"2025-10-29T09:55:52","slug":"mikolajki-jak-z-bajki-2025","status":"publish","type":"post","link":"https:\/\/adwokatura.krakow.pl\/adwokaci-i-aplikanci\/mikolajki-jak-z-bajki-2025\/","title":{"rendered":"MIKO\u0141AJKI JAK Z BAJKI 2025"},"content":{"rendered":"\n<figure class=\"wp-block-image size-full\"><img loading=\"lazy\" decoding=\"async\" width=\"1000\" height=\"707\" src=\"http:\/\/adwokatura.krakow.pl\/adwokaci-i-aplikanci\/wp-content\/uploads\/sites\/2\/2025\/10\/1-10.png\" alt=\"\" class=\"wp-image-6481\" srcset=\"https:\/\/adwokatura.krakow.pl\/adwokaci-i-aplikanci\/wp-content\/uploads\/sites\/2\/2025\/10\/1-10.png 1000w, https:\/\/adwokatura.krakow.pl\/adwokaci-i-aplikanci\/wp-content\/uploads\/sites\/2\/2025\/10\/1-10-300x212.png 300w\" sizes=\"auto, (max-width: 1000px) 100vw, 1000px\" \/><\/figure>\n\n\n\n<figure class=\"wp-block-image size-full\"><img loading=\"lazy\" decoding=\"async\" width=\"1000\" height=\"707\" src=\"http:\/\/adwokatura.krakow.pl\/adwokaci-i-aplikanci\/wp-content\/uploads\/sites\/2\/2025\/10\/2-3.png\" alt=\"\" class=\"wp-image-6463\" srcset=\"https:\/\/adwokatura.krakow.pl\/adwokaci-i-aplikanci\/wp-content\/uploads\/sites\/2\/2025\/10\/2-3.png 1000w, https:\/\/adwokatura.krakow.pl\/adwokaci-i-aplikanci\/wp-content\/uploads\/sites\/2\/2025\/10\/2-3-300x212.png 300w\" sizes=\"auto, (max-width: 1000px) 100vw, 1000px\" \/><\/figure>\n\n\n\n<p>MIKO\u0141AJKI JAK Z BAJKI 2025<\/p>\n\n\n\n<p>DRODZY RODZICE<img loading=\"lazy\" decoding=\"async\" height=\"16\" width=\"16\" src=\"https:\/\/static.xx.fbcdn.net\/images\/emoji.php\/v9\/t4e\/1\/16\/2755.png\" alt=\"\u2755\"><\/p>\n\n\n\n<p>W imieniu Pa\u0144stwa Pociech chcieliby\u015bmy zaprosi\u0107 \u015bw. Miko\u0142aja na coroczne &#8211; MIKO\u0141AJKI JAK Z BAJKI<\/p>\n\n\n\n<p>w Klubie Adwokat\u00f3w przy Batorego 17.<\/p>\n\n\n\n<p>3 GRUDNIA 2025R.<\/p>\n\n\n\n<p>GODZ. 17:00<\/p>\n\n\n\n<p>Nasze Elfy z Kokardkowej Krainy zdeklarowa\u0142y si\u0119 pom\u00f3c przygotowa\u0107 szereg atrakcji oraz przek\u0105sek, aby Miko\u0142aj poczu\u0142 \u015bwi\u0105teczny klimat i odwdzi\u0119czy\u0142 si\u0119 prezentami*.<\/p>\n\n\n\n<p>*KOSZT UCZESTNICWA 100 Z\u0141 P\u0141ATNO\u015a\u0106 GOT\u00d3WK\u0104 W SIEDZIBIE ORA DO DNIA 14 LISTOPADA 2025<\/p>\n\n\n\n<p>Prosimy o zapisy poprzez poni\u017csz\u0105 ankiet\u0119 oraz oczekiwanie wiadomo\u015bci zwrotnej potwierdzaj\u0105cej uczestnictwo.<\/p>\n\n\n<a class=\"button button--zielony-ze-strzalka\" href=\"https:\/\/docs.google.com\/forms\/d\/1Hn3VHC8qPrGGmzH4MDUvKiOUuyHdeD-_-sMsma_Tjbs\/preview\">\n        ZAPISY<\/a>\n","protected":false},"excerpt":{"rendered":"<p>MIKO\u0141AJKI JAK Z BAJKI 2025 DRODZY RODZICE W imieniu Pa\u0144stwa Pociech chcieliby\u015bmy zaprosi\u0107 \u015bw. Miko\u0142aja na coroczne &#8211; MIKO\u0141AJKI JAK Z BAJKI w Klubie Adwokat\u00f3w przy Batorego 17. 3 GRUDNIA 2025R. GODZ. 17:00 Nasze Elfy z Kokardkowej Krainy zdeklarowa\u0142y si\u0119 pom\u00f3c przygotowa\u0107 szereg atrakcji oraz przek\u0105sek, aby Miko\u0142aj poczu\u0142 \u015bwi\u0105teczny klimat i odwdzi\u0119czy\u0142 si\u0119 prezentami*. [&hellip;]<\/p>\n","protected":false},"author":9,"featured_media":0,"comment_status":"closed","ping_status":"closed","sticky":false,"template":"","format":"standard","meta":{"_acf_changed":false,"inline_featured_image":false,"footnotes":""},"categories":[6],"tags":[],"class_list":["post-6473","post","type-post","status-publish","format-standard","hentry","category-artykuly"],"acf":[],"_links":{"self":[{"href":"https:\/\/adwokatura.krakow.pl\/adwokaci-i-aplikanci\/wp-json\/wp\/v2\/posts\/6473","targetHints":{"allow":["GET"]}}],"collection":[{"href":"https:\/\/adwokatura.krakow.pl\/adwokaci-i-aplikanci\/wp-json\/wp\/v2\/posts"}],"about":[{"href":"https:\/\/adwokatura.krakow.pl\/adwokaci-i-aplikanci\/wp-json\/wp\/v2\/types\/post"}],"author":[{"embeddable":true,"href":"https:\/\/adwokatura.krakow.pl\/adwokaci-i-aplikanci\/wp-json\/wp\/v2\/users\/9"}],"replies":[{"embeddable":true,"href":"https:\/\/adwokatura.krakow.pl\/adwokaci-i-aplikanci\/wp-json\/wp\/v2\/comments?post=6473"}],"version-history":[{"count":3,"href":"https:\/\/adwokatura.krakow.pl\/adwokaci-i-aplikanci\/wp-json\/wp\/v2\/posts\/6473\/revisions"}],"predecessor-version":[{"id":6484,"href":"https:\/\/adwokatura.krakow.pl\/adwokaci-i-aplikanci\/wp-json\/wp\/v2\/posts\/6473\/revisions\/6484"}],"wp:attachment":[{"href":"https:\/\/adwokatura.krakow.pl\/adwokaci-i-aplikanci\/wp-json\/wp\/v2\/media?parent=6473"}],"wp:term":[{"taxonomy":"category","embeddable":true,"href":"https:\/\/adwokatura.krakow.pl\/adwokaci-i-aplikanci\/wp-json\/wp\/v2\/categories?post=6473"},{"taxonomy":"post_tag","embeddable":true,"href":"https:\/\/adwokatura.krakow.pl\/adwokaci-i-aplikanci\/wp-json\/wp\/v2\/tags?post=6473"}],"curies":[{"name":"wp","href":"https:\/\/api.w.org\/{rel}","templated":true}]}}