{"id":6505,"date":"2025-11-06T13:06:24","date_gmt":"2025-11-06T12:06:24","guid":{"rendered":"https:\/\/adwokatura.krakow.pl\/adwokaci-i-aplikanci\/?p=6505"},"modified":"2025-11-06T13:06:25","modified_gmt":"2025-11-06T12:06:25","slug":"adwokatura-przeciwko-przemocy","status":"publish","type":"post","link":"https:\/\/adwokatura.krakow.pl\/adwokaci-i-aplikanci\/adwokatura-przeciwko-przemocy\/","title":{"rendered":"Adwokatura przeciwko przemocy!"},"content":{"rendered":"\n<figure class=\"wp-block-image size-large\"><img loading=\"lazy\" decoding=\"async\" width=\"1024\" height=\"1024\" src=\"https:\/\/adwokatura.krakow.pl\/adwokaci-i-aplikanci\/wp-content\/uploads\/sites\/2\/2025\/11\/APP13-k.jpg-1024x1024.jpeg\" alt=\"\" class=\"wp-image-6506\" srcset=\"https:\/\/adwokatura.krakow.pl\/adwokaci-i-aplikanci\/wp-content\/uploads\/sites\/2\/2025\/11\/APP13-k.jpg-1024x1024.jpeg 1024w, https:\/\/adwokatura.krakow.pl\/adwokaci-i-aplikanci\/wp-content\/uploads\/sites\/2\/2025\/11\/APP13-k.jpg-300x300.jpeg 300w, https:\/\/adwokatura.krakow.pl\/adwokaci-i-aplikanci\/wp-content\/uploads\/sites\/2\/2025\/11\/APP13-k.jpg-150x150.jpeg 150w, https:\/\/adwokatura.krakow.pl\/adwokaci-i-aplikanci\/wp-content\/uploads\/sites\/2\/2025\/11\/APP13-k.jpg-768x768.jpeg 768w, https:\/\/adwokatura.krakow.pl\/adwokaci-i-aplikanci\/wp-content\/uploads\/sites\/2\/2025\/11\/APP13-k.jpg.jpeg 1080w\" sizes=\"auto, (max-width: 1024px) 100vw, 1024px\" \/><\/figure>\n\n\n\n<p>Naczelna Rada Adwokacka wraz Komisj\u0105 Praw Cz\u0142owieka przy NRA zaprasza do udzia\u0142u w trzeciej edycji akcji <a href=\"https:\/\/www.facebook.com\/hashtag\/adwokaturaprzeciwkoprzemocy?__eep__=6&amp;__cft__[0]=AZXE44bbbDQaqdUWZ8_n1V9H9pDbzFbvBhNTizkLApUxY5cPBnXc8EQFV5ZgCiKorsAvYwzuQ-ij_PTJuPIF8S7MaGbAMDW5FJzxVdYRbeKpQcn99LlKN4XXjYqrJdsrqh1YxhmnIjDiWCgKbRinZiCg&amp;__tn__=*NK-R\">#AdwokaturaPrzeciwkoPrzemocy<\/a>, organizowanej w ramach mi\u0119dzynarodowej kampanii \u201e16 Dni Akcji przeciwko przemocy ze wzgl\u0119du na p\u0142e\u0107\u201d trwaj\u0105cej od 25 listopada do 10 grudnia.<\/p>\n\n\n\n<p>W tym roku skupiamy si\u0119 na cyberprzemocy &#8211; jej przejawach, skutkach i sposobach przeciwdzia\u0142ania. Podczas spotka\u0144 uczestnicy i uczestniczki porozmawiaj\u0105 r\u00f3wnie\u017c o innych przejawach przemocy, takich jak przemoc w rodzinie czy przemoc seksualna.<\/p>\n\n\n\n<p>Naszym celem jest kszta\u0142towanie \u015bwiadomo\u015bci prawnej m\u0142odych ludzi i pokazanie, \u017ce Adwokatura stoi po stronie tych, kt\u00f3rzy potrzebuj\u0105 wsparcia.<\/p>\n\n\n\n<p>Wydarzenie zosta\u0142o obj\u0119te honorowym patronatem Rzecznika Praw Dziecka Moniki Horna-Cie\u015blak. Z ramienia Komisji Praw Cz\u0142owieka przy NRA akcj\u0119 koordynuje adw. Natalia Klima-Piotrowska.<\/p>\n\n\n\n<p>Dla prowadz\u0105cych przygotowane zosta\u0142y scenariusze zaj\u0119\u0107, prezentacje oraz tematyczne szkolenia dost\u0119pne w e-Palestrze.<\/p>\n\n\n\n<p>Jeste\u015b aplikantk\u0105 albo aplikantem adwokackim? Adwokatk\u0105 lub adwokatem? Chcesz zg\u0142osi\u0107 szko\u0142\u0119 do udzia\u0142u w akcji? Zg\u0142o\u015b si\u0119 do dnia 15 listopada 2025 r. do koordynatora izbowego: adw. Patrycja Dylu\u015b-Borcz, E: patrycja.dylus@adwokatura.pl, T: 607282829.<\/p>\n","protected":false},"excerpt":{"rendered":"<p>Naczelna Rada Adwokacka wraz Komisj\u0105 Praw Cz\u0142owieka przy NRA zaprasza do udzia\u0142u w trzeciej edycji akcji #AdwokaturaPrzeciwkoPrzemocy, organizowanej w ramach mi\u0119dzynarodowej kampanii \u201e16 Dni Akcji przeciwko przemocy ze wzgl\u0119du na p\u0142e\u0107\u201d trwaj\u0105cej od 25 listopada do 10 grudnia. W tym roku skupiamy si\u0119 na cyberprzemocy &#8211; jej przejawach, skutkach i sposobach przeciwdzia\u0142ania. Podczas spotka\u0144 uczestnicy [&hellip;]<\/p>\n","protected":false},"author":9,"featured_media":0,"comment_status":"closed","ping_status":"closed","sticky":false,"template":"","format":"standard","meta":{"_acf_changed":false,"inline_featured_image":false,"footnotes":""},"categories":[6],"tags":[],"class_list":["post-6505","post","type-post","status-publish","format-standard","hentry","category-artykuly"],"acf":[],"_links":{"self":[{"href":"https:\/\/adwokatura.krakow.pl\/adwokaci-i-aplikanci\/wp-json\/wp\/v2\/posts\/6505","targetHints":{"allow":["GET"]}}],"collection":[{"href":"https:\/\/adwokatura.krakow.pl\/adwokaci-i-aplikanci\/wp-json\/wp\/v2\/posts"}],"about":[{"href":"https:\/\/adwokatura.krakow.pl\/adwokaci-i-aplikanci\/wp-json\/wp\/v2\/types\/post"}],"author":[{"embeddable":true,"href":"https:\/\/adwokatura.krakow.pl\/adwokaci-i-aplikanci\/wp-json\/wp\/v2\/users\/9"}],"replies":[{"embeddable":true,"href":"https:\/\/adwokatura.krakow.pl\/adwokaci-i-aplikanci\/wp-json\/wp\/v2\/comments?post=6505"}],"version-history":[{"count":1,"href":"https:\/\/adwokatura.krakow.pl\/adwokaci-i-aplikanci\/wp-json\/wp\/v2\/posts\/6505\/revisions"}],"predecessor-version":[{"id":6507,"href":"https:\/\/adwokatura.krakow.pl\/adwokaci-i-aplikanci\/wp-json\/wp\/v2\/posts\/6505\/revisions\/6507"}],"wp:attachment":[{"href":"https:\/\/adwokatura.krakow.pl\/adwokaci-i-aplikanci\/wp-json\/wp\/v2\/media?parent=6505"}],"wp:term":[{"taxonomy":"category","embeddable":true,"href":"https:\/\/adwokatura.krakow.pl\/adwokaci-i-aplikanci\/wp-json\/wp\/v2\/categories?post=6505"},{"taxonomy":"post_tag","embeddable":true,"href":"https:\/\/adwokatura.krakow.pl\/adwokaci-i-aplikanci\/wp-json\/wp\/v2\/tags?post=6505"}],"curies":[{"name":"wp","href":"https:\/\/api.w.org\/{rel}","templated":true}]}}