{"id":6533,"date":"2025-11-12T13:37:47","date_gmt":"2025-11-12T12:37:47","guid":{"rendered":"https:\/\/adwokatura.krakow.pl\/adwokaci-i-aplikanci\/?p=6533"},"modified":"2025-11-12T13:37:47","modified_gmt":"2025-11-12T12:37:47","slug":"spotkanie-z-mec-wojciechem-bergierem-premiera-ksiazki-listy-do-mlodego-prawnika-a-dershowitza","status":"publish","type":"post","link":"https:\/\/adwokatura.krakow.pl\/adwokaci-i-aplikanci\/spotkanie-z-mec-wojciechem-bergierem-premiera-ksiazki-listy-do-mlodego-prawnika-a-dershowitza\/","title":{"rendered":"Spotkanie z mec. Wojciechem Bergierem &#8211; premiera ksi\u0105\u017cki \u201eListy do m\u0142odego prawnika\u201d A. Dershowitza"},"content":{"rendered":"\n<figure class=\"wp-block-image size-large\"><img loading=\"lazy\" decoding=\"async\" width=\"1024\" height=\"576\" src=\"https:\/\/adwokatura.krakow.pl\/adwokaci-i-aplikanci\/wp-content\/uploads\/sites\/2\/2025\/11\/ZAPROSZENIE_Listy_do_mlodego_prawnika_Dershowitz_3_12_2025-1024x576.jpg\" alt=\"\" class=\"wp-image-6534\" srcset=\"https:\/\/adwokatura.krakow.pl\/adwokaci-i-aplikanci\/wp-content\/uploads\/sites\/2\/2025\/11\/ZAPROSZENIE_Listy_do_mlodego_prawnika_Dershowitz_3_12_2025-1024x576.jpg 1024w, https:\/\/adwokatura.krakow.pl\/adwokaci-i-aplikanci\/wp-content\/uploads\/sites\/2\/2025\/11\/ZAPROSZENIE_Listy_do_mlodego_prawnika_Dershowitz_3_12_2025-300x169.jpg 300w, https:\/\/adwokatura.krakow.pl\/adwokaci-i-aplikanci\/wp-content\/uploads\/sites\/2\/2025\/11\/ZAPROSZENIE_Listy_do_mlodego_prawnika_Dershowitz_3_12_2025-768x432.jpg 768w, https:\/\/adwokatura.krakow.pl\/adwokaci-i-aplikanci\/wp-content\/uploads\/sites\/2\/2025\/11\/ZAPROSZENIE_Listy_do_mlodego_prawnika_Dershowitz_3_12_2025-1536x864.jpg 1536w, https:\/\/adwokatura.krakow.pl\/adwokaci-i-aplikanci\/wp-content\/uploads\/sites\/2\/2025\/11\/ZAPROSZENIE_Listy_do_mlodego_prawnika_Dershowitz_3_12_2025.jpg 2000w\" sizes=\"auto, (max-width: 1024px) 100vw, 1024px\" \/><\/figure>\n\n\n\n<p>Szanowni Pa\u0144stwo,<\/p>\n\n\n\n<p>Wydawnictwo C.H.Beck <a>ma zaszczyt zaprosi\u0107 na spotkanie <strong>z mec. Wojciechem Bergierem <\/strong>z okazji premiery ksi\u0105\u017cki Alana Dershowitza \u201e<strong>Listy do m\u0142odego prawnika<\/strong>\u201d.<\/a><\/p>\n\n\n\n<p>Spotkanie odb\u0119dzie si\u0119 <strong>3 grudnia 2025 r<\/strong>. (\u015broda) <strong>o<\/strong> <strong>godz. 16.00<\/strong> w ksi\u0119garni prawniczej C.H.Beck na <strong>ul. Brackiej 2 <\/strong>w<strong> Krakowie.<\/strong><\/p>\n\n\n\n<p>Wst\u0119p na spotkanie jest wolny, ale ze wzgl\u0119du na ograniczon\u0105 liczb\u0119 miejsc w ksi\u0119garni, prosimy o potwierdzenie przybycia na adres e-mail: <a href=\"mailto:olga.blachnio@beck.pl\" target=\"_blank\" rel=\"noreferrer noopener\">olga.blachnio@beck.pl<\/a><\/p>\n","protected":false},"excerpt":{"rendered":"<p>Szanowni Pa\u0144stwo, Wydawnictwo C.H.Beck ma zaszczyt zaprosi\u0107 na spotkanie z mec. Wojciechem Bergierem z okazji premiery ksi\u0105\u017cki Alana Dershowitza \u201eListy do m\u0142odego prawnika\u201d. Spotkanie odb\u0119dzie si\u0119 3 grudnia 2025 r. (\u015broda) o godz. 16.00 w ksi\u0119garni prawniczej C.H.Beck na ul. Brackiej 2 w Krakowie. Wst\u0119p na spotkanie jest wolny, ale ze wzgl\u0119du na ograniczon\u0105 liczb\u0119 [&hellip;]<\/p>\n","protected":false},"author":9,"featured_media":0,"comment_status":"closed","ping_status":"closed","sticky":false,"template":"","format":"standard","meta":{"_acf_changed":false,"inline_featured_image":false,"footnotes":""},"categories":[6],"tags":[],"class_list":["post-6533","post","type-post","status-publish","format-standard","hentry","category-artykuly"],"acf":[],"_links":{"self":[{"href":"https:\/\/adwokatura.krakow.pl\/adwokaci-i-aplikanci\/wp-json\/wp\/v2\/posts\/6533","targetHints":{"allow":["GET"]}}],"collection":[{"href":"https:\/\/adwokatura.krakow.pl\/adwokaci-i-aplikanci\/wp-json\/wp\/v2\/posts"}],"about":[{"href":"https:\/\/adwokatura.krakow.pl\/adwokaci-i-aplikanci\/wp-json\/wp\/v2\/types\/post"}],"author":[{"embeddable":true,"href":"https:\/\/adwokatura.krakow.pl\/adwokaci-i-aplikanci\/wp-json\/wp\/v2\/users\/9"}],"replies":[{"embeddable":true,"href":"https:\/\/adwokatura.krakow.pl\/adwokaci-i-aplikanci\/wp-json\/wp\/v2\/comments?post=6533"}],"version-history":[{"count":1,"href":"https:\/\/adwokatura.krakow.pl\/adwokaci-i-aplikanci\/wp-json\/wp\/v2\/posts\/6533\/revisions"}],"predecessor-version":[{"id":6535,"href":"https:\/\/adwokatura.krakow.pl\/adwokaci-i-aplikanci\/wp-json\/wp\/v2\/posts\/6533\/revisions\/6535"}],"wp:attachment":[{"href":"https:\/\/adwokatura.krakow.pl\/adwokaci-i-aplikanci\/wp-json\/wp\/v2\/media?parent=6533"}],"wp:term":[{"taxonomy":"category","embeddable":true,"href":"https:\/\/adwokatura.krakow.pl\/adwokaci-i-aplikanci\/wp-json\/wp\/v2\/categories?post=6533"},{"taxonomy":"post_tag","embeddable":true,"href":"https:\/\/adwokatura.krakow.pl\/adwokaci-i-aplikanci\/wp-json\/wp\/v2\/tags?post=6533"}],"curies":[{"name":"wp","href":"https:\/\/api.w.org\/{rel}","templated":true}]}}