{"id":6536,"date":"2025-11-13T10:43:49","date_gmt":"2025-11-13T09:43:49","guid":{"rendered":"https:\/\/adwokatura.krakow.pl\/adwokaci-i-aplikanci\/?p=6536"},"modified":"2025-11-13T10:43:49","modified_gmt":"2025-11-13T09:43:49","slug":"andrzejki-2025","status":"publish","type":"post","link":"https:\/\/adwokatura.krakow.pl\/adwokaci-i-aplikanci\/andrzejki-2025\/","title":{"rendered":"Andrzejki 2025"},"content":{"rendered":"\n<figure class=\"wp-block-image size-large is-resized\"><img loading=\"lazy\" decoding=\"async\" width=\"724\" height=\"1024\" src=\"https:\/\/adwokatura.krakow.pl\/adwokaci-i-aplikanci\/wp-content\/uploads\/sites\/2\/2025\/11\/ANDRZEJKI-W-KLUBIE-ADWOKATOW-724x1024.jpeg\" alt=\"\" class=\"wp-image-6537\" style=\"width:547px;height:auto\" srcset=\"https:\/\/adwokatura.krakow.pl\/adwokaci-i-aplikanci\/wp-content\/uploads\/sites\/2\/2025\/11\/ANDRZEJKI-W-KLUBIE-ADWOKATOW-724x1024.jpeg 724w, https:\/\/adwokatura.krakow.pl\/adwokaci-i-aplikanci\/wp-content\/uploads\/sites\/2\/2025\/11\/ANDRZEJKI-W-KLUBIE-ADWOKATOW-212x300.jpeg 212w, https:\/\/adwokatura.krakow.pl\/adwokaci-i-aplikanci\/wp-content\/uploads\/sites\/2\/2025\/11\/ANDRZEJKI-W-KLUBIE-ADWOKATOW-768x1086.jpeg 768w, https:\/\/adwokatura.krakow.pl\/adwokaci-i-aplikanci\/wp-content\/uploads\/sites\/2\/2025\/11\/ANDRZEJKI-W-KLUBIE-ADWOKATOW-1086x1536.jpeg 1086w, https:\/\/adwokatura.krakow.pl\/adwokaci-i-aplikanci\/wp-content\/uploads\/sites\/2\/2025\/11\/ANDRZEJKI-W-KLUBIE-ADWOKATOW-1448x2048.jpeg 1448w, https:\/\/adwokatura.krakow.pl\/adwokaci-i-aplikanci\/wp-content\/uploads\/sites\/2\/2025\/11\/ANDRZEJKI-W-KLUBIE-ADWOKATOW.jpeg 1587w\" sizes=\"auto, (max-width: 724px) 100vw, 724px\" \/><\/figure>\n\n\n\n<p>Aplikanci adwokaccy maj\u0105 przyjemno\u015b\u0107 zaprosi\u0107 na <strong>Andrzejki<\/strong>, kt\u00f3re odb\u0119d\u0105 si\u0119 w<strong> sobot\u0119, dnia 29 listopada 2025 roku o godz. 20:00 w Klubie Adwokat\u00f3w\u00a0<\/strong>przy ul. Stefana Batorego 17 w Krakowie.<\/p>\n\n\n\n<p>Wydarzenie stanowi\u0107 b\u0119dzie doskona\u0142\u0105 okazj\u0119 do wsp\u00f3lnej integracji, wymiany do\u015bwiadcze\u0144 oraz mi\u0142ego sp\u0119dzenia czasu w mniej formalnej atmosferze dobrej zabawy.<\/p>\n\n\n\n<p>Dla aplikant\u00f3w (i nie tylko) przewidziane jest szkolenie poprzedzaj\u0105ce cz\u0119\u015b\u0107 integracyjn\u0105. Szczeg\u00f3\u0142y b\u0119d\u0105 podane wkr\u00f3tce. \u00a0<\/p>\n\n\n\n<p>Udzia\u0142 w Wydarzeniu jest odp\u0142atny. \u00a0<\/p>\n\n\n\n<p>Szczeg\u00f3\u0142owe informacje dotycz\u0105ce Wydarzenia i warunk\u00f3w uczestnictwa znajduj\u0105 si\u0119 na afiszu<\/p>\n\n\n\n<p>\ud83d\udcddZapisy prowadzone s\u0105 przy u\u017cyciu formularza:<\/p>\n\n\n<a class=\"button button--zielony-ze-strzalka\" href=\"https:\/\/forms.cloud.microsoft\/pages\/responsepage.aspx?id=6yYO676_0keekOvSQm286wPFEddp5MRMhN99bpBnyZtURVlBVjJFRzMxSzJCUVc1OFZWM0RRQkNUTC4u&amp;route=shorturl\">\n        ZAPISY<\/a>\n\n\n\n<p>\ud83c\udf89Serdecznie zach\u0119camy wszystkich do licznego udzia\u0142u i wsp\u00f3lnego \u015bwi\u0119towania tegorocznych Andrzejek w Klubie Adwokat\u00f3w B17!&nbsp;<\/p>\n\n\n\n<p><\/p>\n","protected":false},"excerpt":{"rendered":"<p>Aplikanci adwokaccy maj\u0105 przyjemno\u015b\u0107 zaprosi\u0107 na Andrzejki, kt\u00f3re odb\u0119d\u0105 si\u0119 w sobot\u0119, dnia 29 listopada 2025 roku o godz. 20:00 w Klubie Adwokat\u00f3w\u00a0przy ul. Stefana Batorego 17 w Krakowie. Wydarzenie stanowi\u0107 b\u0119dzie doskona\u0142\u0105 okazj\u0119 do wsp\u00f3lnej integracji, wymiany do\u015bwiadcze\u0144 oraz mi\u0142ego sp\u0119dzenia czasu w mniej formalnej atmosferze dobrej zabawy. Dla aplikant\u00f3w (i nie tylko) przewidziane [&hellip;]<\/p>\n","protected":false},"author":9,"featured_media":0,"comment_status":"closed","ping_status":"closed","sticky":false,"template":"","format":"standard","meta":{"_acf_changed":false,"inline_featured_image":false,"footnotes":""},"categories":[6],"tags":[],"class_list":["post-6536","post","type-post","status-publish","format-standard","hentry","category-artykuly"],"acf":[],"_links":{"self":[{"href":"https:\/\/adwokatura.krakow.pl\/adwokaci-i-aplikanci\/wp-json\/wp\/v2\/posts\/6536","targetHints":{"allow":["GET"]}}],"collection":[{"href":"https:\/\/adwokatura.krakow.pl\/adwokaci-i-aplikanci\/wp-json\/wp\/v2\/posts"}],"about":[{"href":"https:\/\/adwokatura.krakow.pl\/adwokaci-i-aplikanci\/wp-json\/wp\/v2\/types\/post"}],"author":[{"embeddable":true,"href":"https:\/\/adwokatura.krakow.pl\/adwokaci-i-aplikanci\/wp-json\/wp\/v2\/users\/9"}],"replies":[{"embeddable":true,"href":"https:\/\/adwokatura.krakow.pl\/adwokaci-i-aplikanci\/wp-json\/wp\/v2\/comments?post=6536"}],"version-history":[{"count":1,"href":"https:\/\/adwokatura.krakow.pl\/adwokaci-i-aplikanci\/wp-json\/wp\/v2\/posts\/6536\/revisions"}],"predecessor-version":[{"id":6538,"href":"https:\/\/adwokatura.krakow.pl\/adwokaci-i-aplikanci\/wp-json\/wp\/v2\/posts\/6536\/revisions\/6538"}],"wp:attachment":[{"href":"https:\/\/adwokatura.krakow.pl\/adwokaci-i-aplikanci\/wp-json\/wp\/v2\/media?parent=6536"}],"wp:term":[{"taxonomy":"category","embeddable":true,"href":"https:\/\/adwokatura.krakow.pl\/adwokaci-i-aplikanci\/wp-json\/wp\/v2\/categories?post=6536"},{"taxonomy":"post_tag","embeddable":true,"href":"https:\/\/adwokatura.krakow.pl\/adwokaci-i-aplikanci\/wp-json\/wp\/v2\/tags?post=6536"}],"curies":[{"name":"wp","href":"https:\/\/api.w.org\/{rel}","templated":true}]}}