{"id":6559,"date":"2025-11-21T13:47:51","date_gmt":"2025-11-21T12:47:51","guid":{"rendered":"https:\/\/adwokatura.krakow.pl\/adwokaci-i-aplikanci\/?p=6559"},"modified":"2025-11-21T13:55:32","modified_gmt":"2025-11-21T12:55:32","slug":"szkolenie-z-krajowego-systemu-e-faktur-ksef","status":"publish","type":"post","link":"https:\/\/adwokatura.krakow.pl\/adwokaci-i-aplikanci\/szkolenie-z-krajowego-systemu-e-faktur-ksef\/","title":{"rendered":"szkolenie z Krajowego Systemu e-Faktur (KSeF)"},"content":{"rendered":"\n<figure class=\"wp-block-image size-full is-resized\"><img loading=\"lazy\" decoding=\"async\" width=\"940\" height=\"788\" src=\"https:\/\/adwokatura.krakow.pl\/adwokaci-i-aplikanci\/wp-content\/uploads\/sites\/2\/2025\/11\/White-and-Black-Modern-Tax-Prep-Service-Facebook-Post.png\" alt=\"\" class=\"wp-image-6560\" style=\"width:704px;height:auto\" srcset=\"https:\/\/adwokatura.krakow.pl\/adwokaci-i-aplikanci\/wp-content\/uploads\/sites\/2\/2025\/11\/White-and-Black-Modern-Tax-Prep-Service-Facebook-Post.png 940w, https:\/\/adwokatura.krakow.pl\/adwokaci-i-aplikanci\/wp-content\/uploads\/sites\/2\/2025\/11\/White-and-Black-Modern-Tax-Prep-Service-Facebook-Post-300x251.png 300w, https:\/\/adwokatura.krakow.pl\/adwokaci-i-aplikanci\/wp-content\/uploads\/sites\/2\/2025\/11\/White-and-Black-Modern-Tax-Prep-Service-Facebook-Post-768x644.png 768w\" sizes=\"auto, (max-width: 940px) 100vw, 940px\" \/><\/figure>\n\n\n\n<p>Zapraszamy na szkolenie dotycz\u0105ce Krajowego Systemu e-Faktur (KSeF)<\/p>\n\n\n\n<p><strong>DATA: 9 grudnia 2025<\/strong><\/p>\n\n\n\n<p><strong>GODZ. 18:00<\/strong><\/p>\n\n\n\n<p><strong>MIEJSCE: ul. Batorego 17, oraz online<\/strong><\/p>\n\n\n\n<p>W programie m.in.:<\/p>\n\n\n\n<ul class=\"wp-block-list\">\n<li>Og\u00f3lne om\u00f3wienie zasad funkcjonowania Krajowego Systemu e-Faktur (KSeF),<\/li>\n<\/ul>\n\n\n\n<ul class=\"wp-block-list\">\n<li>Zasady nadawania uprawnie\u0144 (w tym tokeny i certyfikaty),<\/li>\n<\/ul>\n\n\n\n<ul class=\"wp-block-list\">\n<li>Zasady wystawiania faktur,<\/li>\n<\/ul>\n\n\n\n<ul class=\"wp-block-list\">\n<li>Zasady otrzymywania faktur,<\/li>\n<\/ul>\n\n\n\n<ul class=\"wp-block-list\">\n<li>Tryby szczeg\u00f3lne w KSeF,<\/li>\n<\/ul>\n\n\n\n<ul class=\"wp-block-list\">\n<li>Sankcje zwi\u0105zane z nieprawid\u0142owym korzystaniem z KSeF.<\/li>\n\n\n\n<li><\/li>\n<\/ul>\n\n\n\n<p>Szkolenie poprowadzi do\u015bwiadczony doradca podatkowy &#8211; Wojciech Ha\u0142ucha<\/p>\n\n\n\n<p>o prowadz\u0105cym:<\/p>\n\n\n\n<p>Wojciech Ha\u0142ucha, doradca podatkowy nr 14494. Do\u015bwiadczenie zdobywa\u0142 w najwi\u0119kszych polskich i mi\u0119dzynarodowych sp\u00f3\u0142kach doradztwa podatkowego (m. in. Wielka Czw\u00f3rka). Wsp\u00f3\u0142pracuje z przedsi\u0119biorcami, biurami rachunkowymi, prawnikami in-house oraz dyrektorami finansowymi. Specjalizuje si\u0119 w optymalizacji podatkowej oraz bie\u017c\u0105cym doradztwie podatkowym dla polskich M\u015aP.<\/p>\n\n\n\n<p>Od blisko 2 lat prowadzi jeden z najwi\u0119kszych w Polsce podcast\u00f3w o podatkach: &#8222;Podatki dla przedsi\u0119biorc\u00f3w&#8221;, w kt\u00f3rym dzieli si\u0119 praktyczn\u0105 wiedz\u0105 zwi\u0105zan\u0105 z podatkami bazuj\u0105c na prawdziwych biznesowych przyk\u0142adach.<\/p>\n\n\n\n<p>Serdecznie zapraszamy<\/p>\n","protected":false},"excerpt":{"rendered":"<p>Zapraszamy na szkolenie dotycz\u0105ce Krajowego Systemu e-Faktur (KSeF) DATA: 9 grudnia 2025 GODZ. 18:00 MIEJSCE: ul. Batorego 17, oraz online W programie m.in.: Szkolenie poprowadzi do\u015bwiadczony doradca podatkowy &#8211; Wojciech Ha\u0142ucha o prowadz\u0105cym: Wojciech Ha\u0142ucha, doradca podatkowy nr 14494. Do\u015bwiadczenie zdobywa\u0142 w najwi\u0119kszych polskich i mi\u0119dzynarodowych sp\u00f3\u0142kach doradztwa podatkowego (m. in. Wielka Czw\u00f3rka). Wsp\u00f3\u0142pracuje z [&hellip;]<\/p>\n","protected":false},"author":9,"featured_media":0,"comment_status":"closed","ping_status":"closed","sticky":false,"template":"","format":"standard","meta":{"_acf_changed":false,"inline_featured_image":false,"footnotes":""},"categories":[6],"tags":[],"class_list":["post-6559","post","type-post","status-publish","format-standard","hentry","category-artykuly"],"acf":[],"_links":{"self":[{"href":"https:\/\/adwokatura.krakow.pl\/adwokaci-i-aplikanci\/wp-json\/wp\/v2\/posts\/6559","targetHints":{"allow":["GET"]}}],"collection":[{"href":"https:\/\/adwokatura.krakow.pl\/adwokaci-i-aplikanci\/wp-json\/wp\/v2\/posts"}],"about":[{"href":"https:\/\/adwokatura.krakow.pl\/adwokaci-i-aplikanci\/wp-json\/wp\/v2\/types\/post"}],"author":[{"embeddable":true,"href":"https:\/\/adwokatura.krakow.pl\/adwokaci-i-aplikanci\/wp-json\/wp\/v2\/users\/9"}],"replies":[{"embeddable":true,"href":"https:\/\/adwokatura.krakow.pl\/adwokaci-i-aplikanci\/wp-json\/wp\/v2\/comments?post=6559"}],"version-history":[{"count":4,"href":"https:\/\/adwokatura.krakow.pl\/adwokaci-i-aplikanci\/wp-json\/wp\/v2\/posts\/6559\/revisions"}],"predecessor-version":[{"id":6568,"href":"https:\/\/adwokatura.krakow.pl\/adwokaci-i-aplikanci\/wp-json\/wp\/v2\/posts\/6559\/revisions\/6568"}],"wp:attachment":[{"href":"https:\/\/adwokatura.krakow.pl\/adwokaci-i-aplikanci\/wp-json\/wp\/v2\/media?parent=6559"}],"wp:term":[{"taxonomy":"category","embeddable":true,"href":"https:\/\/adwokatura.krakow.pl\/adwokaci-i-aplikanci\/wp-json\/wp\/v2\/categories?post=6559"},{"taxonomy":"post_tag","embeddable":true,"href":"https:\/\/adwokatura.krakow.pl\/adwokaci-i-aplikanci\/wp-json\/wp\/v2\/tags?post=6559"}],"curies":[{"name":"wp","href":"https:\/\/api.w.org\/{rel}","templated":true}]}}