{"id":6570,"date":"2025-11-25T12:33:02","date_gmt":"2025-11-25T11:33:02","guid":{"rendered":"https:\/\/adwokatura.krakow.pl\/adwokaci-i-aplikanci\/?p=6570"},"modified":"2025-11-25T12:33:56","modified_gmt":"2025-11-25T11:33:56","slug":"praktyczne-aspekty-podzialu-majatku-wspolnego-malzonkow","status":"publish","type":"post","link":"https:\/\/adwokatura.krakow.pl\/adwokaci-i-aplikanci\/praktyczne-aspekty-podzialu-majatku-wspolnego-malzonkow\/","title":{"rendered":"PRAKTYCZNE ASPEKTY PODZIA\u0141U MAJ\u0104TKU WSP\u00d3LNEGO MA\u0141\u017bONK\u00d3W"},"content":{"rendered":"\n<figure class=\"wp-block-image size-full is-resized\"><img loading=\"lazy\" decoding=\"async\" width=\"707\" height=\"1000\" src=\"https:\/\/adwokatura.krakow.pl\/adwokaci-i-aplikanci\/wp-content\/uploads\/sites\/2\/2025\/11\/Praktyczne-aspekty-podzialu-majatku-wspolnego-malzonkow.png\" alt=\"\" class=\"wp-image-6571\" style=\"width:472px;height:auto\" srcset=\"https:\/\/adwokatura.krakow.pl\/adwokaci-i-aplikanci\/wp-content\/uploads\/sites\/2\/2025\/11\/Praktyczne-aspekty-podzialu-majatku-wspolnego-malzonkow.png 707w, https:\/\/adwokatura.krakow.pl\/adwokaci-i-aplikanci\/wp-content\/uploads\/sites\/2\/2025\/11\/Praktyczne-aspekty-podzialu-majatku-wspolnego-malzonkow-212x300.png 212w\" sizes=\"auto, (max-width: 707px) 100vw, 707px\" \/><\/figure>\n\n\n\n<p>Do\u0142\u0105cz do spotkania Zoom<\/p>\n\n\n<a class=\"button button--zielony-ze-strzalka\" href=\"https:\/\/us06web.zoom.us\/j\/82618805890?pwd=PcYI8Wg8kdbosxRRQU8QFC5EbemVPE.1&amp;fbclid=IwY2xjawOSc1tleHRuA2FlbQIxMABicmlkETBOMk14VTIyWkM4QTJBcm5Ic3J0YwZhcHBfaWQQMjIyMDM5MTc4ODIwMDg5MgABHmX7oFXnP_0CRJ8BA2cI_u_vkV1n1mU0GLOXefCjKN_oDKDuVLkyH5mF-MUW_aem_ag11E4-QQrq_kuatPzHvSQ&amp;brid=04MY0iMqtv3xvvi_OpNiiA#success\">\n        ZOOM<\/a>\n\n\n\n<p>Identyfikator spotkania: 826 1880 5890<\/p>\n\n\n\n<p>Kod dost\u0119pu: TarADW25<\/p>\n\n\n\n<p><\/p>\n","protected":false},"excerpt":{"rendered":"<p>Do\u0142\u0105cz do spotkania Zoom Identyfikator spotkania: 826 1880 5890 Kod dost\u0119pu: TarADW25<\/p>\n","protected":false},"author":9,"featured_media":0,"comment_status":"closed","ping_status":"closed","sticky":false,"template":"","format":"standard","meta":{"_acf_changed":false,"inline_featured_image":false,"footnotes":""},"categories":[6],"tags":[],"class_list":["post-6570","post","type-post","status-publish","format-standard","hentry","category-artykuly"],"acf":[],"_links":{"self":[{"href":"https:\/\/adwokatura.krakow.pl\/adwokaci-i-aplikanci\/wp-json\/wp\/v2\/posts\/6570","targetHints":{"allow":["GET"]}}],"collection":[{"href":"https:\/\/adwokatura.krakow.pl\/adwokaci-i-aplikanci\/wp-json\/wp\/v2\/posts"}],"about":[{"href":"https:\/\/adwokatura.krakow.pl\/adwokaci-i-aplikanci\/wp-json\/wp\/v2\/types\/post"}],"author":[{"embeddable":true,"href":"https:\/\/adwokatura.krakow.pl\/adwokaci-i-aplikanci\/wp-json\/wp\/v2\/users\/9"}],"replies":[{"embeddable":true,"href":"https:\/\/adwokatura.krakow.pl\/adwokaci-i-aplikanci\/wp-json\/wp\/v2\/comments?post=6570"}],"version-history":[{"count":2,"href":"https:\/\/adwokatura.krakow.pl\/adwokaci-i-aplikanci\/wp-json\/wp\/v2\/posts\/6570\/revisions"}],"predecessor-version":[{"id":6573,"href":"https:\/\/adwokatura.krakow.pl\/adwokaci-i-aplikanci\/wp-json\/wp\/v2\/posts\/6570\/revisions\/6573"}],"wp:attachment":[{"href":"https:\/\/adwokatura.krakow.pl\/adwokaci-i-aplikanci\/wp-json\/wp\/v2\/media?parent=6570"}],"wp:term":[{"taxonomy":"category","embeddable":true,"href":"https:\/\/adwokatura.krakow.pl\/adwokaci-i-aplikanci\/wp-json\/wp\/v2\/categories?post=6570"},{"taxonomy":"post_tag","embeddable":true,"href":"https:\/\/adwokatura.krakow.pl\/adwokaci-i-aplikanci\/wp-json\/wp\/v2\/tags?post=6570"}],"curies":[{"name":"wp","href":"https:\/\/api.w.org\/{rel}","templated":true}]}}