{"id":6607,"date":"2025-12-11T09:54:05","date_gmt":"2025-12-11T08:54:05","guid":{"rendered":"https:\/\/adwokatura.krakow.pl\/adwokaci-i-aplikanci\/?p=6607"},"modified":"2025-12-12T14:22:06","modified_gmt":"2025-12-12T13:22:06","slug":"ii-edycje-szkolenia-zawodowego-polaczonego-z-kursem-gorskiej-turystyki-zimowej-pod-opieka-topr-kalatowki","status":"publish","type":"post","link":"https:\/\/adwokatura.krakow.pl\/adwokaci-i-aplikanci\/ii-edycje-szkolenia-zawodowego-polaczonego-z-kursem-gorskiej-turystyki-zimowej-pod-opieka-topr-kalatowki\/","title":{"rendered":"II edycj\u0119 szkolenia zawodowego po\u0142\u0105czonego z kursem g\u00f3rskiej turystyki zimowej pod opiek\u0105 TOPR &#8211; KALAT\u00d3WKI"},"content":{"rendered":"\n<figure class=\"wp-block-image size-full\"><img loading=\"lazy\" decoding=\"async\" width=\"1000\" height=\"773\" src=\"http:\/\/adwokatura.krakow.pl\/adwokaci-i-aplikanci\/wp-content\/uploads\/sites\/2\/2025\/12\/Kalatowki-2026-1.png\" alt=\"\" class=\"wp-image-6626\" srcset=\"https:\/\/adwokatura.krakow.pl\/adwokaci-i-aplikanci\/wp-content\/uploads\/sites\/2\/2025\/12\/Kalatowki-2026-1.png 1000w, https:\/\/adwokatura.krakow.pl\/adwokaci-i-aplikanci\/wp-content\/uploads\/sites\/2\/2025\/12\/Kalatowki-2026-1-300x232.png 300w, https:\/\/adwokatura.krakow.pl\/adwokaci-i-aplikanci\/wp-content\/uploads\/sites\/2\/2025\/12\/Kalatowki-2026-1-768x594.png 768w\" sizes=\"auto, (max-width: 1000px) 100vw, 1000px\" \/><\/figure>\n\n\n\n<p>Szanowni Pa\u0144stwo<\/p>\n\n\n\n<p>W imieniu Okr\u0119gowej Rady Adwokackiej oraz Komisji Nowoczesna Adwokatura zapraszamy serdecznie na<\/p>\n\n\n\n<p>II edycj\u0119 szkolenia zawodowego po\u0142\u0105czonego z kursem g\u00f3rskiej turystyki zimowej pod opiek\u0105 TOPR.<\/p>\n\n\n\n<p>W planach jest wyk\u0142ad, szkolenie lawinowo skiturowe, a w przypadku braku pokrywy \u015bnie\u017cnej wycieczka piesza po\u0142\u0105czona ze szkoleniem z zimowym ABC.<\/p>\n\n\n\n<p>Zg\u0142oszenia przyjmujemy do <strong>29 grudnia 2025<\/strong> r. (decyduje kolejno\u015b\u0107 zg\u0142osze\u0144, mamy tylko 45 miejsc) \u2013 na adres e-mail:<\/p>\n\n\n\n<p><a href=\"mailto:ora@adwokatura.krakow.pl\">ora@adwokatura.krakow.pl<\/a><\/p>\n\n\n\n<p>&nbsp;Op\u0142ata za pobyt p\u0142atna do dnia 10.01.2026 r. po uprzednim potwierdzeniu rezerwacji miejsca.<\/p>\n\n\n\n<p>Oferujemy nocleg w przepi\u0119knie po\u0142o\u017conym Hotelu G\u00f3rskim PTTK Kalat\u00f3wki oraz g\u00f3rsk\u0105 kolacj\u0119 w dniu 31.01.2026 r. Do dyspozycji mamy 45 miejsc noclegowych (pokoje trzy, dwu i jednoosobowe z \u0142azienk\u0105 lub bez \u0142azienki z umywalk\u0105).<\/p>\n\n\n\n<p><strong>TERMIN \u2013 30.01.-01.02.2026 r. <\/strong><\/p>\n\n\n\n<p>CENA POBYTU:<\/p>\n\n\n\n<ul class=\"wp-block-list\">\n<li>750 z\u0142\/osob\u0119 w pokoju z \u0142azienk\u0105 (w przypadku rezerwacji pokoju dwuosobowego przez jedn\u0105 osob\u0119 \u2013 dop\u0142ata 100 z\u0142\/dob\u0119 do pustego \u0142\u00f3\u017cka) lub<\/li>\n<\/ul>\n\n\n\n<ul class=\"wp-block-list\">\n<li>650 z\u0142 w pokoju z umywalk\u0105,<\/li>\n<\/ul>\n\n\n\n<p>oraz dodatkowo alternatywnie: oko\u0142o 350 z\u0142 &#8211; koszt szkolenia zimowego (ostateczna kwota do ustalenia po potwierdzeni ilo\u015bci uczestnik\u00f3w szkolenia). <strong>Prosz\u0119 zaznaczy\u0107 w zg\u0142oszeniu mailowym informacj\u0119 o ch\u0119ci uczestnictwa w szkoleniu g\u00f3rskim.<\/strong><\/p>\n\n\n\n<p><\/p>\n","protected":false},"excerpt":{"rendered":"<p>Szanowni Pa\u0144stwo W imieniu Okr\u0119gowej Rady Adwokackiej oraz Komisji Nowoczesna Adwokatura zapraszamy serdecznie na II edycj\u0119 szkolenia zawodowego po\u0142\u0105czonego z kursem g\u00f3rskiej turystyki zimowej pod opiek\u0105 TOPR. W planach jest wyk\u0142ad, szkolenie lawinowo skiturowe, a w przypadku braku pokrywy \u015bnie\u017cnej wycieczka piesza po\u0142\u0105czona ze szkoleniem z zimowym ABC. Zg\u0142oszenia przyjmujemy do 29 grudnia 2025 r. [&hellip;]<\/p>\n","protected":false},"author":9,"featured_media":0,"comment_status":"closed","ping_status":"closed","sticky":false,"template":"","format":"standard","meta":{"_acf_changed":false,"inline_featured_image":false,"footnotes":""},"categories":[6],"tags":[],"class_list":["post-6607","post","type-post","status-publish","format-standard","hentry","category-artykuly"],"acf":[],"_links":{"self":[{"href":"https:\/\/adwokatura.krakow.pl\/adwokaci-i-aplikanci\/wp-json\/wp\/v2\/posts\/6607","targetHints":{"allow":["GET"]}}],"collection":[{"href":"https:\/\/adwokatura.krakow.pl\/adwokaci-i-aplikanci\/wp-json\/wp\/v2\/posts"}],"about":[{"href":"https:\/\/adwokatura.krakow.pl\/adwokaci-i-aplikanci\/wp-json\/wp\/v2\/types\/post"}],"author":[{"embeddable":true,"href":"https:\/\/adwokatura.krakow.pl\/adwokaci-i-aplikanci\/wp-json\/wp\/v2\/users\/9"}],"replies":[{"embeddable":true,"href":"https:\/\/adwokatura.krakow.pl\/adwokaci-i-aplikanci\/wp-json\/wp\/v2\/comments?post=6607"}],"version-history":[{"count":3,"href":"https:\/\/adwokatura.krakow.pl\/adwokaci-i-aplikanci\/wp-json\/wp\/v2\/posts\/6607\/revisions"}],"predecessor-version":[{"id":6627,"href":"https:\/\/adwokatura.krakow.pl\/adwokaci-i-aplikanci\/wp-json\/wp\/v2\/posts\/6607\/revisions\/6627"}],"wp:attachment":[{"href":"https:\/\/adwokatura.krakow.pl\/adwokaci-i-aplikanci\/wp-json\/wp\/v2\/media?parent=6607"}],"wp:term":[{"taxonomy":"category","embeddable":true,"href":"https:\/\/adwokatura.krakow.pl\/adwokaci-i-aplikanci\/wp-json\/wp\/v2\/categories?post=6607"},{"taxonomy":"post_tag","embeddable":true,"href":"https:\/\/adwokatura.krakow.pl\/adwokaci-i-aplikanci\/wp-json\/wp\/v2\/tags?post=6607"}],"curies":[{"name":"wp","href":"https:\/\/api.w.org\/{rel}","templated":true}]}}