{"id":6615,"date":"2025-12-12T13:11:20","date_gmt":"2025-12-12T12:11:20","guid":{"rendered":"https:\/\/adwokatura.krakow.pl\/adwokaci-i-aplikanci\/?p=6615"},"modified":"2025-12-12T13:11:20","modified_gmt":"2025-12-12T12:11:20","slug":"spotkanie-noworoczne-zlota-edycja-2025","status":"publish","type":"post","link":"https:\/\/adwokatura.krakow.pl\/adwokaci-i-aplikanci\/spotkanie-noworoczne-zlota-edycja-2025\/","title":{"rendered":"Spotkanie Noworoczne \u2013 Z\u0142ota Edycja 2025!"},"content":{"rendered":"\n<div class=\"wp-block-columns is-layout-flex wp-container-core-columns-is-layout-9d6595d7 wp-block-columns-is-layout-flex\">\n<div class=\"wp-block-column is-layout-flow wp-block-column-is-layout-flow\">\n<figure class=\"wp-block-image size-full\"><img loading=\"lazy\" decoding=\"async\" width=\"566\" height=\"800\" src=\"https:\/\/adwokatura.krakow.pl\/adwokaci-i-aplikanci\/wp-content\/uploads\/sites\/2\/2025\/12\/1-1.png\" alt=\"\" class=\"wp-image-6617\" srcset=\"https:\/\/adwokatura.krakow.pl\/adwokaci-i-aplikanci\/wp-content\/uploads\/sites\/2\/2025\/12\/1-1.png 566w, https:\/\/adwokatura.krakow.pl\/adwokaci-i-aplikanci\/wp-content\/uploads\/sites\/2\/2025\/12\/1-1-212x300.png 212w\" sizes=\"auto, (max-width: 566px) 100vw, 566px\" \/><\/figure>\n<\/div>\n\n\n\n<div class=\"wp-block-column is-layout-flow wp-block-column-is-layout-flow\">\n<figure class=\"wp-block-image size-full\"><img loading=\"lazy\" decoding=\"async\" width=\"566\" height=\"800\" src=\"https:\/\/adwokatura.krakow.pl\/adwokaci-i-aplikanci\/wp-content\/uploads\/sites\/2\/2025\/12\/unnamed-file.png\" alt=\"\" class=\"wp-image-6618\" srcset=\"https:\/\/adwokatura.krakow.pl\/adwokaci-i-aplikanci\/wp-content\/uploads\/sites\/2\/2025\/12\/unnamed-file.png 566w, https:\/\/adwokatura.krakow.pl\/adwokaci-i-aplikanci\/wp-content\/uploads\/sites\/2\/2025\/12\/unnamed-file-212x300.png 212w\" sizes=\"auto, (max-width: 566px) 100vw, 566px\" \/><\/figure>\n<\/div>\n<\/div>\n\n\n\n<p>Raz w roku spotykamy si\u0119, by wsp\u00f3lnie rozpocz\u0105\u0107 nowy etap\u2026 a w tym roku robimy to w ol\u015bniewaj\u0105cym, z\u0142otym stylu!<\/p>\n\n\n\n<p>Czeka Nas wiecz\u00f3r pe\u0142en blasku, elegancji i niepowtarzalnej atmosfery, kt\u00f3ra pozwoli wej\u015b\u0107 w Nowy Rok z energi\u0105.<\/p>\n\n\n\n<p>Przygotowali\u015bmy wyj\u0105tkowe niespodzianki, kt\u00f3re dodadz\u0105 temu wydarzeniu jeszcze wi\u0119cej magii.<\/p>\n\n\n\n<p>Stylowa muzyka, dobre rozmowy i wsp\u00f3lne \u015bwi\u0119towanie<\/p>\n\n\n\n<p><em>Serdecznie zapraszamy! <\/em><\/p>\n\n\n\n<p><\/p>\n","protected":false},"excerpt":{"rendered":"<p>Raz w roku spotykamy si\u0119, by wsp\u00f3lnie rozpocz\u0105\u0107 nowy etap\u2026 a w tym roku robimy to w ol\u015bniewaj\u0105cym, z\u0142otym stylu! Czeka Nas wiecz\u00f3r pe\u0142en blasku, elegancji i niepowtarzalnej atmosfery, kt\u00f3ra pozwoli wej\u015b\u0107 w Nowy Rok z energi\u0105. Przygotowali\u015bmy wyj\u0105tkowe niespodzianki, kt\u00f3re dodadz\u0105 temu wydarzeniu jeszcze wi\u0119cej magii. Stylowa muzyka, dobre rozmowy i wsp\u00f3lne \u015bwi\u0119towanie Serdecznie [&hellip;]<\/p>\n","protected":false},"author":9,"featured_media":0,"comment_status":"closed","ping_status":"closed","sticky":false,"template":"","format":"standard","meta":{"_acf_changed":false,"inline_featured_image":false,"footnotes":""},"categories":[6],"tags":[],"class_list":["post-6615","post","type-post","status-publish","format-standard","hentry","category-artykuly"],"acf":[],"_links":{"self":[{"href":"https:\/\/adwokatura.krakow.pl\/adwokaci-i-aplikanci\/wp-json\/wp\/v2\/posts\/6615","targetHints":{"allow":["GET"]}}],"collection":[{"href":"https:\/\/adwokatura.krakow.pl\/adwokaci-i-aplikanci\/wp-json\/wp\/v2\/posts"}],"about":[{"href":"https:\/\/adwokatura.krakow.pl\/adwokaci-i-aplikanci\/wp-json\/wp\/v2\/types\/post"}],"author":[{"embeddable":true,"href":"https:\/\/adwokatura.krakow.pl\/adwokaci-i-aplikanci\/wp-json\/wp\/v2\/users\/9"}],"replies":[{"embeddable":true,"href":"https:\/\/adwokatura.krakow.pl\/adwokaci-i-aplikanci\/wp-json\/wp\/v2\/comments?post=6615"}],"version-history":[{"count":1,"href":"https:\/\/adwokatura.krakow.pl\/adwokaci-i-aplikanci\/wp-json\/wp\/v2\/posts\/6615\/revisions"}],"predecessor-version":[{"id":6619,"href":"https:\/\/adwokatura.krakow.pl\/adwokaci-i-aplikanci\/wp-json\/wp\/v2\/posts\/6615\/revisions\/6619"}],"wp:attachment":[{"href":"https:\/\/adwokatura.krakow.pl\/adwokaci-i-aplikanci\/wp-json\/wp\/v2\/media?parent=6615"}],"wp:term":[{"taxonomy":"category","embeddable":true,"href":"https:\/\/adwokatura.krakow.pl\/adwokaci-i-aplikanci\/wp-json\/wp\/v2\/categories?post=6615"},{"taxonomy":"post_tag","embeddable":true,"href":"https:\/\/adwokatura.krakow.pl\/adwokaci-i-aplikanci\/wp-json\/wp\/v2\/tags?post=6615"}],"curies":[{"name":"wp","href":"https:\/\/api.w.org\/{rel}","templated":true}]}}