{"id":6636,"date":"2025-12-17T08:59:09","date_gmt":"2025-12-17T07:59:09","guid":{"rendered":"https:\/\/adwokatura.krakow.pl\/adwokaci-i-aplikanci\/?p=6636"},"modified":"2025-12-17T09:02:36","modified_gmt":"2025-12-17T08:02:36","slug":"6636-2","status":"publish","type":"post","link":"https:\/\/adwokatura.krakow.pl\/adwokaci-i-aplikanci\/6636-2\/","title":{"rendered":"Gratulujemy adw. Wojciechowi Michalikowi"},"content":{"rendered":"\n<figure class=\"wp-block-image size-large is-resized\"><img loading=\"lazy\" decoding=\"async\" width=\"768\" height=\"1024\" src=\"https:\/\/adwokatura.krakow.pl\/adwokaci-i-aplikanci\/wp-content\/uploads\/sites\/2\/2025\/12\/3-768x1024.jpg\" alt=\"\" class=\"wp-image-6637\" style=\"width:482px;height:auto\" srcset=\"https:\/\/adwokatura.krakow.pl\/adwokaci-i-aplikanci\/wp-content\/uploads\/sites\/2\/2025\/12\/3-768x1024.jpg 768w, https:\/\/adwokatura.krakow.pl\/adwokaci-i-aplikanci\/wp-content\/uploads\/sites\/2\/2025\/12\/3-225x300.jpg 225w, https:\/\/adwokatura.krakow.pl\/adwokaci-i-aplikanci\/wp-content\/uploads\/sites\/2\/2025\/12\/3-1152x1536.jpg 1152w, https:\/\/adwokatura.krakow.pl\/adwokaci-i-aplikanci\/wp-content\/uploads\/sites\/2\/2025\/12\/3.jpg 1536w\" sizes=\"auto, (max-width: 768px) 100vw, 768px\" \/><\/figure>\n\n\n\n<p>Gratulujemy adw. Wojciechowi Michalikowi uko\u0144czenia maratonu w Maladze! Na met\u0119 wbieg\u0142 wraz z flag\u0105 promuj\u0105c\u0105 wsp\u00f3\u0142prac\u0119 Krakowskiej Izby Adwokackiej i Fundacji Uniwersyteckiego Szpitala Dzieci\u0119cego w Krakowie O ZDROWIE DZIECKA.<\/p>\n\n\n\n<p>Mec. Michalik podczas zawod\u00f3w sportowych promowa\u0142 akcj\u0119 charytatywn\u0105 Prawnicy Chorym Dzieciom na rzecz Uniwersyteckiego Szpitala Dzieci\u0119cego w Krakowie.<\/p>\n\n\n\n<p>Zach\u0119camy wszystkich adwokat\u00f3w i aplikant\u00f3w do w\u0142\u0105czenia si\u0119 we wsp\u00f3ln\u0105 pomoc i zg\u0142oszenia, albowiem flaga ma charakter &#8222;przechodni\u201d i by\u0142a ju\u017c m. in. na Mezzalama Sky Race, Triatlon Krak\u00f3w, <a href=\"https:\/\/www.google.com\/url?sa=t&amp;source=web&amp;rct=j&amp;opi=89978449&amp;url=https:\/\/www.monterosaskymarathon.com\/&amp;ved=2ahUKEwiMzeGu6cGRAxXXm_0HHX4MDw4QFnoECCgQAQ&amp;usg=AOvVaw2DUWPMCK0qc6J_JdqYPycO\">Monterosa SkyMarathon, a tak\u017ce kilku czterotysi\u0119cznikach:)<\/a><\/p>\n\n\n\n<p>Fundacj\u0119 mo\u017cna wspiera\u0107 w ka\u017cdym czasie.<\/p>\n\n\n<a class=\"button button--zielony-ze-strzalka\" href=\"https:\/\/ozdrowiedziecka.org\/przekaz-darowizne-on-line\/\">\n        LINK do fundacji <\/a>\n\n\n\n<p>Serdeczne dzi\u0119ki!<\/p>\n","protected":false},"excerpt":{"rendered":"<p>Gratulujemy adw. Wojciechowi Michalikowi uko\u0144czenia maratonu w Maladze! Na met\u0119 wbieg\u0142 wraz z flag\u0105 promuj\u0105c\u0105 wsp\u00f3\u0142prac\u0119 Krakowskiej Izby Adwokackiej i Fundacji Uniwersyteckiego Szpitala Dzieci\u0119cego w Krakowie O ZDROWIE DZIECKA. Mec. Michalik podczas zawod\u00f3w sportowych promowa\u0142 akcj\u0119 charytatywn\u0105 Prawnicy Chorym Dzieciom na rzecz Uniwersyteckiego Szpitala Dzieci\u0119cego w Krakowie. Zach\u0119camy wszystkich adwokat\u00f3w i aplikant\u00f3w do w\u0142\u0105czenia si\u0119 [&hellip;]<\/p>\n","protected":false},"author":9,"featured_media":0,"comment_status":"closed","ping_status":"closed","sticky":false,"template":"","format":"standard","meta":{"_acf_changed":false,"inline_featured_image":false,"footnotes":""},"categories":[6],"tags":[],"class_list":["post-6636","post","type-post","status-publish","format-standard","hentry","category-artykuly"],"acf":[],"_links":{"self":[{"href":"https:\/\/adwokatura.krakow.pl\/adwokaci-i-aplikanci\/wp-json\/wp\/v2\/posts\/6636","targetHints":{"allow":["GET"]}}],"collection":[{"href":"https:\/\/adwokatura.krakow.pl\/adwokaci-i-aplikanci\/wp-json\/wp\/v2\/posts"}],"about":[{"href":"https:\/\/adwokatura.krakow.pl\/adwokaci-i-aplikanci\/wp-json\/wp\/v2\/types\/post"}],"author":[{"embeddable":true,"href":"https:\/\/adwokatura.krakow.pl\/adwokaci-i-aplikanci\/wp-json\/wp\/v2\/users\/9"}],"replies":[{"embeddable":true,"href":"https:\/\/adwokatura.krakow.pl\/adwokaci-i-aplikanci\/wp-json\/wp\/v2\/comments?post=6636"}],"version-history":[{"count":2,"href":"https:\/\/adwokatura.krakow.pl\/adwokaci-i-aplikanci\/wp-json\/wp\/v2\/posts\/6636\/revisions"}],"predecessor-version":[{"id":6640,"href":"https:\/\/adwokatura.krakow.pl\/adwokaci-i-aplikanci\/wp-json\/wp\/v2\/posts\/6636\/revisions\/6640"}],"wp:attachment":[{"href":"https:\/\/adwokatura.krakow.pl\/adwokaci-i-aplikanci\/wp-json\/wp\/v2\/media?parent=6636"}],"wp:term":[{"taxonomy":"category","embeddable":true,"href":"https:\/\/adwokatura.krakow.pl\/adwokaci-i-aplikanci\/wp-json\/wp\/v2\/categories?post=6636"},{"taxonomy":"post_tag","embeddable":true,"href":"https:\/\/adwokatura.krakow.pl\/adwokaci-i-aplikanci\/wp-json\/wp\/v2\/tags?post=6636"}],"curies":[{"name":"wp","href":"https:\/\/api.w.org\/{rel}","templated":true}]}}