{"id":6659,"date":"2025-12-23T09:07:14","date_gmt":"2025-12-23T08:07:14","guid":{"rendered":"https:\/\/adwokatura.krakow.pl\/adwokaci-i-aplikanci\/?p=6659"},"modified":"2025-12-23T09:07:15","modified_gmt":"2025-12-23T08:07:15","slug":"tradycyjne-spotkanie-oplatkowe-seniorow","status":"publish","type":"post","link":"https:\/\/adwokatura.krakow.pl\/adwokaci-i-aplikanci\/tradycyjne-spotkanie-oplatkowe-seniorow\/","title":{"rendered":"Tradycyjne spotkanie op\u0142atkowe Senior\u00f3w"},"content":{"rendered":"\n<p>20 grudnia, odby\u0142o si\u0119 tradycyjne spotkanie op\u0142atkowe Senior\u00f3w. By\u0142 to wyj\u0105tkowy czas pe\u0142en ciep\u0142a, wzrusze\u0144 i wsp\u00f3lnych rozm\u00f3w. Nie zabrak\u0142o serdecznych \u017cycze\u0144 oraz <a><\/a>\u015bwi\u0105tecznej atmosfery, kt\u00f3ra przypomina nam, jak wa\u017cna jest blisko\u015b\u0107 drugiego cz\u0142owieka.<\/p>\n\n\n\n<p>Dzi\u0119kujemy wszystkim za obecno\u015b\u0107<img loading=\"lazy\" decoding=\"async\" height=\"16\" width=\"16\" alt=\"\ud83c\udf84\" src=\"https:\/\/static.xx.fbcdn.net\/images\/emoji.php\/v9\/t7\/1\/16\/1f384.png\"><img loading=\"lazy\" decoding=\"async\" height=\"16\" width=\"16\" alt=\"\u2764\ufe0f\" src=\"https:\/\/static.xx.fbcdn.net\/images\/emoji.php\/v9\/t6c\/1\/16\/2764.png\"><\/p>\n\n\n\n<figure class=\"wp-block-image size-full\"><img loading=\"lazy\" decoding=\"async\" width=\"679\" height=\"509\" src=\"https:\/\/adwokatura.krakow.pl\/adwokaci-i-aplikanci\/wp-content\/uploads\/sites\/2\/2025\/12\/e88efca5-110d-4c09-84dd-f5e8509efc32-1.jpg\" alt=\"\" class=\"wp-image-6660\" srcset=\"https:\/\/adwokatura.krakow.pl\/adwokaci-i-aplikanci\/wp-content\/uploads\/sites\/2\/2025\/12\/e88efca5-110d-4c09-84dd-f5e8509efc32-1.jpg 679w, https:\/\/adwokatura.krakow.pl\/adwokaci-i-aplikanci\/wp-content\/uploads\/sites\/2\/2025\/12\/e88efca5-110d-4c09-84dd-f5e8509efc32-1-300x225.jpg 300w\" sizes=\"auto, (max-width: 679px) 100vw, 679px\" \/><\/figure>\n\n\n\n<figure class=\"wp-block-image size-full\"><img loading=\"lazy\" decoding=\"async\" width=\"509\" height=\"679\" src=\"https:\/\/adwokatura.krakow.pl\/adwokaci-i-aplikanci\/wp-content\/uploads\/sites\/2\/2025\/12\/72ef4819-35a7-4286-85c9-3d78a243c98a-1.jpg\" alt=\"\" class=\"wp-image-6661\" srcset=\"https:\/\/adwokatura.krakow.pl\/adwokaci-i-aplikanci\/wp-content\/uploads\/sites\/2\/2025\/12\/72ef4819-35a7-4286-85c9-3d78a243c98a-1.jpg 509w, https:\/\/adwokatura.krakow.pl\/adwokaci-i-aplikanci\/wp-content\/uploads\/sites\/2\/2025\/12\/72ef4819-35a7-4286-85c9-3d78a243c98a-1-225x300.jpg 225w\" sizes=\"auto, (max-width: 509px) 100vw, 509px\" \/><\/figure>\n\n\n\n<figure class=\"wp-block-image size-full\"><img loading=\"lazy\" decoding=\"async\" width=\"509\" height=\"679\" src=\"https:\/\/adwokatura.krakow.pl\/adwokaci-i-aplikanci\/wp-content\/uploads\/sites\/2\/2025\/12\/9b8b6483-afd4-4777-8ca5-793292100856-1.jpg\" alt=\"\" class=\"wp-image-6662\" srcset=\"https:\/\/adwokatura.krakow.pl\/adwokaci-i-aplikanci\/wp-content\/uploads\/sites\/2\/2025\/12\/9b8b6483-afd4-4777-8ca5-793292100856-1.jpg 509w, https:\/\/adwokatura.krakow.pl\/adwokaci-i-aplikanci\/wp-content\/uploads\/sites\/2\/2025\/12\/9b8b6483-afd4-4777-8ca5-793292100856-1-225x300.jpg 225w\" sizes=\"auto, (max-width: 509px) 100vw, 509px\" \/><\/figure>\n","protected":false},"excerpt":{"rendered":"<p>20 grudnia, odby\u0142o si\u0119 tradycyjne spotkanie op\u0142atkowe Senior\u00f3w. By\u0142 to wyj\u0105tkowy czas pe\u0142en ciep\u0142a, wzrusze\u0144 i wsp\u00f3lnych rozm\u00f3w. Nie zabrak\u0142o serdecznych \u017cycze\u0144 oraz \u015bwi\u0105tecznej atmosfery, kt\u00f3ra przypomina nam, jak wa\u017cna jest blisko\u015b\u0107 drugiego cz\u0142owieka. Dzi\u0119kujemy wszystkim za obecno\u015b\u0107<\/p>\n","protected":false},"author":9,"featured_media":0,"comment_status":"closed","ping_status":"closed","sticky":false,"template":"","format":"standard","meta":{"_acf_changed":false,"inline_featured_image":false,"footnotes":""},"categories":[6],"tags":[],"class_list":["post-6659","post","type-post","status-publish","format-standard","hentry","category-artykuly"],"acf":[],"_links":{"self":[{"href":"https:\/\/adwokatura.krakow.pl\/adwokaci-i-aplikanci\/wp-json\/wp\/v2\/posts\/6659","targetHints":{"allow":["GET"]}}],"collection":[{"href":"https:\/\/adwokatura.krakow.pl\/adwokaci-i-aplikanci\/wp-json\/wp\/v2\/posts"}],"about":[{"href":"https:\/\/adwokatura.krakow.pl\/adwokaci-i-aplikanci\/wp-json\/wp\/v2\/types\/post"}],"author":[{"embeddable":true,"href":"https:\/\/adwokatura.krakow.pl\/adwokaci-i-aplikanci\/wp-json\/wp\/v2\/users\/9"}],"replies":[{"embeddable":true,"href":"https:\/\/adwokatura.krakow.pl\/adwokaci-i-aplikanci\/wp-json\/wp\/v2\/comments?post=6659"}],"version-history":[{"count":1,"href":"https:\/\/adwokatura.krakow.pl\/adwokaci-i-aplikanci\/wp-json\/wp\/v2\/posts\/6659\/revisions"}],"predecessor-version":[{"id":6663,"href":"https:\/\/adwokatura.krakow.pl\/adwokaci-i-aplikanci\/wp-json\/wp\/v2\/posts\/6659\/revisions\/6663"}],"wp:attachment":[{"href":"https:\/\/adwokatura.krakow.pl\/adwokaci-i-aplikanci\/wp-json\/wp\/v2\/media?parent=6659"}],"wp:term":[{"taxonomy":"category","embeddable":true,"href":"https:\/\/adwokatura.krakow.pl\/adwokaci-i-aplikanci\/wp-json\/wp\/v2\/categories?post=6659"},{"taxonomy":"post_tag","embeddable":true,"href":"https:\/\/adwokatura.krakow.pl\/adwokaci-i-aplikanci\/wp-json\/wp\/v2\/tags?post=6659"}],"curies":[{"name":"wp","href":"https:\/\/api.w.org\/{rel}","templated":true}]}}