{"id":6678,"date":"2025-12-31T12:22:22","date_gmt":"2025-12-31T11:22:22","guid":{"rendered":"https:\/\/adwokatura.krakow.pl\/adwokaci-i-aplikanci\/?p=6678"},"modified":"2025-12-31T12:22:23","modified_gmt":"2025-12-31T11:22:23","slug":"2-stycznia-2026r-biuro-nieczynne","status":"publish","type":"post","link":"https:\/\/adwokatura.krakow.pl\/adwokaci-i-aplikanci\/2-stycznia-2026r-biuro-nieczynne\/","title":{"rendered":"2 stycznia 2026r. BIURO NIECZYNNE"},"content":{"rendered":"\n<p>Szanowni Pa\u0144stwo,<\/p>\n\n\n\n<p>Uprzejmie informujemy, \u017ce biuro Okr\u0119gowej Rady Adwokackiej w Krakowie w dniu 2 stycznia 2026r. (pi\u0105tek) b\u0119dzie nieczynne<\/p>\n\n\n\n<p><\/p>\n","protected":false},"excerpt":{"rendered":"<p>Szanowni Pa\u0144stwo, Uprzejmie informujemy, \u017ce biuro Okr\u0119gowej Rady Adwokackiej w Krakowie w dniu 2 stycznia 2026r. (pi\u0105tek) b\u0119dzie nieczynne<\/p>\n","protected":false},"author":9,"featured_media":0,"comment_status":"closed","ping_status":"closed","sticky":false,"template":"","format":"standard","meta":{"_acf_changed":false,"inline_featured_image":false,"footnotes":""},"categories":[6],"tags":[],"class_list":["post-6678","post","type-post","status-publish","format-standard","hentry","category-artykuly"],"acf":[],"_links":{"self":[{"href":"https:\/\/adwokatura.krakow.pl\/adwokaci-i-aplikanci\/wp-json\/wp\/v2\/posts\/6678","targetHints":{"allow":["GET"]}}],"collection":[{"href":"https:\/\/adwokatura.krakow.pl\/adwokaci-i-aplikanci\/wp-json\/wp\/v2\/posts"}],"about":[{"href":"https:\/\/adwokatura.krakow.pl\/adwokaci-i-aplikanci\/wp-json\/wp\/v2\/types\/post"}],"author":[{"embeddable":true,"href":"https:\/\/adwokatura.krakow.pl\/adwokaci-i-aplikanci\/wp-json\/wp\/v2\/users\/9"}],"replies":[{"embeddable":true,"href":"https:\/\/adwokatura.krakow.pl\/adwokaci-i-aplikanci\/wp-json\/wp\/v2\/comments?post=6678"}],"version-history":[{"count":1,"href":"https:\/\/adwokatura.krakow.pl\/adwokaci-i-aplikanci\/wp-json\/wp\/v2\/posts\/6678\/revisions"}],"predecessor-version":[{"id":6679,"href":"https:\/\/adwokatura.krakow.pl\/adwokaci-i-aplikanci\/wp-json\/wp\/v2\/posts\/6678\/revisions\/6679"}],"wp:attachment":[{"href":"https:\/\/adwokatura.krakow.pl\/adwokaci-i-aplikanci\/wp-json\/wp\/v2\/media?parent=6678"}],"wp:term":[{"taxonomy":"category","embeddable":true,"href":"https:\/\/adwokatura.krakow.pl\/adwokaci-i-aplikanci\/wp-json\/wp\/v2\/categories?post=6678"},{"taxonomy":"post_tag","embeddable":true,"href":"https:\/\/adwokatura.krakow.pl\/adwokaci-i-aplikanci\/wp-json\/wp\/v2\/tags?post=6678"}],"curies":[{"name":"wp","href":"https:\/\/api.w.org\/{rel}","templated":true}]}}