{"id":6722,"date":"2026-01-21T09:11:29","date_gmt":"2026-01-21T08:11:29","guid":{"rendered":"https:\/\/adwokatura.krakow.pl\/adwokaci-i-aplikanci\/?p=6722"},"modified":"2026-01-21T09:11:30","modified_gmt":"2026-01-21T08:11:30","slug":"zaproszenie-na-wyklad-otwarty-prof-gorana-simica","status":"publish","type":"post","link":"https:\/\/adwokatura.krakow.pl\/adwokaci-i-aplikanci\/zaproszenie-na-wyklad-otwarty-prof-gorana-simica\/","title":{"rendered":"Zaproszenie na wyk\u0142ad otwarty prof. Gorana \u0160imi\u0107a"},"content":{"rendered":"\n<p>Szanowni Pa\u0144stwo, w imieniu Zespo\u0142u do spraw Wsp\u00f3\u0142pracy Mi\u0119dzynarodowej dzia\u0142aj\u0105cego na Wydziale Prawa i Administracji Uniwersytetu Szczeci\u0144skiego, mam przyjemno\u015b\u0107 i zaszczyt przekaza\u0107 zaproszenie na wyk\u0142ad otwarty pt.\u00a0\u201eIs justice for the victims of war crimes possible?\u201d, kt\u00f3ry poprowadzi Prof. dr. sc.\u00a0Goran \u0160imi\u0107 z Uniwersytetu \u201eVITEZ\u201d w Bo\u015bni i Hercegowinie.<\/p>\n\n\n\n<p>Wydarzenie odbywa si\u0119 w j\u0119zyku angielskim. Wyk\u0142ad odb\u0119dzie si\u0119 21 stycznia br. o godz. 11.45 w formule online, za po\u015brednictwem MS Teams. Prof. dr. sc. Goran \u0160imi\u0107 jest wybitnym prawnikiem, naukowcem, a tak\u017ce dydaktykiem. Bierze udzia\u0142 w wielu mi\u0119dzynarodowych projektach naukowych, kt\u00f3re realizuje z powodzeniem. Specjalizuje si\u0119 w badaniach naukowych z zakresu prawa karnego oraz zbrodni wojennych. Obecnie wraz z Uniwersytetem w Tokio pod patronatem Organizacji Narod\u00f3w Zjednoczonych tworzy internetow\u0105 baz\u0119 zbrodni wojennych na \u015bwiecie. <\/p>\n\n\n\n<p>Przesy\u0142am link do wydarzenia:\u00a0<\/p>\n\n\n\n<p><a href=\"https:\/\/wpia.usz.edu.pl\/zaproszenie-na-wyklad-otwarty-is-justice-for-the-victims-of-war-crimes-possible-prof-dr-sc-goran-simic\/\">https:\/\/wpia.usz.edu.pl\/zaproszenie-na-wyklad-otwarty-is-justice-for-the-victims-of-war-crimes-possible-prof-dr-sc-goran-simic\/<\/a>\u00a0<\/p>\n\n\n\n<p>oraz do formularza rejestracyjnego:\u00a0<\/p>\n\n\n\n<p><a href=\"https:\/\/tiny.pl\/d4qpj949x\">https:\/\/tiny.pl\/d4qpj949x<\/a><\/p>\n\n\n\n<p>dr Micha\u0142 Wojda\u0142a<br>Wydzia\u0142 Prawa i Administracji<br>Uniwersytetu Szczeci\u0144skiego<br>ul. Narutowicza 17A, 70-240 Szczecin<\/p>\n","protected":false},"excerpt":{"rendered":"<p>Szanowni Pa\u0144stwo, w imieniu Zespo\u0142u do spraw Wsp\u00f3\u0142pracy Mi\u0119dzynarodowej dzia\u0142aj\u0105cego na Wydziale Prawa i Administracji Uniwersytetu Szczeci\u0144skiego, mam przyjemno\u015b\u0107 i zaszczyt przekaza\u0107 zaproszenie na wyk\u0142ad otwarty pt.\u00a0\u201eIs justice for the victims of war crimes possible?\u201d, kt\u00f3ry poprowadzi Prof. dr. sc.\u00a0Goran \u0160imi\u0107 z Uniwersytetu \u201eVITEZ\u201d w Bo\u015bni i Hercegowinie. Wydarzenie odbywa si\u0119 w j\u0119zyku angielskim. Wyk\u0142ad [&hellip;]<\/p>\n","protected":false},"author":9,"featured_media":0,"comment_status":"closed","ping_status":"closed","sticky":false,"template":"","format":"standard","meta":{"_acf_changed":false,"inline_featured_image":false,"footnotes":""},"categories":[6],"tags":[],"class_list":["post-6722","post","type-post","status-publish","format-standard","hentry","category-artykuly"],"acf":[],"_links":{"self":[{"href":"https:\/\/adwokatura.krakow.pl\/adwokaci-i-aplikanci\/wp-json\/wp\/v2\/posts\/6722","targetHints":{"allow":["GET"]}}],"collection":[{"href":"https:\/\/adwokatura.krakow.pl\/adwokaci-i-aplikanci\/wp-json\/wp\/v2\/posts"}],"about":[{"href":"https:\/\/adwokatura.krakow.pl\/adwokaci-i-aplikanci\/wp-json\/wp\/v2\/types\/post"}],"author":[{"embeddable":true,"href":"https:\/\/adwokatura.krakow.pl\/adwokaci-i-aplikanci\/wp-json\/wp\/v2\/users\/9"}],"replies":[{"embeddable":true,"href":"https:\/\/adwokatura.krakow.pl\/adwokaci-i-aplikanci\/wp-json\/wp\/v2\/comments?post=6722"}],"version-history":[{"count":1,"href":"https:\/\/adwokatura.krakow.pl\/adwokaci-i-aplikanci\/wp-json\/wp\/v2\/posts\/6722\/revisions"}],"predecessor-version":[{"id":6723,"href":"https:\/\/adwokatura.krakow.pl\/adwokaci-i-aplikanci\/wp-json\/wp\/v2\/posts\/6722\/revisions\/6723"}],"wp:attachment":[{"href":"https:\/\/adwokatura.krakow.pl\/adwokaci-i-aplikanci\/wp-json\/wp\/v2\/media?parent=6722"}],"wp:term":[{"taxonomy":"category","embeddable":true,"href":"https:\/\/adwokatura.krakow.pl\/adwokaci-i-aplikanci\/wp-json\/wp\/v2\/categories?post=6722"},{"taxonomy":"post_tag","embeddable":true,"href":"https:\/\/adwokatura.krakow.pl\/adwokaci-i-aplikanci\/wp-json\/wp\/v2\/tags?post=6722"}],"curies":[{"name":"wp","href":"https:\/\/api.w.org\/{rel}","templated":true}]}}