{"id":6724,"date":"2026-01-21T09:20:18","date_gmt":"2026-01-21T08:20:18","guid":{"rendered":"https:\/\/adwokatura.krakow.pl\/adwokaci-i-aplikanci\/?p=6724"},"modified":"2026-01-21T09:22:16","modified_gmt":"2026-01-21T08:22:16","slug":"xliii-bieszczadzki-rajd-prawnikow-brawurowe-bieszczady-w-dniach-7-12-czerwca-2026-r-w-bystrem-k-baligrodu","status":"publish","type":"post","link":"https:\/\/adwokatura.krakow.pl\/adwokaci-i-aplikanci\/xliii-bieszczadzki-rajd-prawnikow-brawurowe-bieszczady-w-dniach-7-12-czerwca-2026-r-w-bystrem-k-baligrodu\/","title":{"rendered":"XLIII BIESZCZADZKI RAJD PRAWNIK\u00d3W \u201eBrawurowe Bieszczady\u201d w dniach 7 \u2013 12 czerwca 2026 r. w Bystrem k\/ Baligrodu"},"content":{"rendered":"\n<p>Informacja organizacyjna o charakterze nieprocesowym !<br>Szanowne Kole\u017canki i Szanowni\u00a0 Koledzy po fachu !<br>Wielce uprzejmie i z niebywa\u0142\u0105 \u015bmia\u0142o\u015bci\u0105 przesy\u0142amy niezwyk\u0142\u0105 wiadomo\u015b\u0107!<br>Dochowuj\u0105c tradycji i wype\u0142niaj\u0105c z\u0142o\u017cone zobowi\u0105zania, r\u00f3wnie\u017c w tym roku<\/p>\n\n\n\n<p class=\"has-text-align-center\"><strong>ORGANIZUJEMY<\/strong><br><strong>XLIII<\/strong><br><strong>BIESZCZADZKI RAJD PRAWNIK\u00d3W<\/strong><br><strong>\u201e Brawurowe Bieszczady\u201d <\/strong><br><strong>w dniach 7 \u2013 12 czerwca 2026 r.<\/strong><br><strong>w Bystrem k\/ Baligrodu.<\/strong><\/p>\n\n\n\n<p>Jest to wydarzenie niezwyk\u0142e, brawurowe, nieprzewidywalne i nie przewidziane w \u017cadnym kodeksie, a mimo to w pe\u0142ni legalne.<br>To jedyne takie spotkanie prawnik\u00f3w, \u00a0gdzie precedensy nie maj\u0105 znaczenia, chocia\u017c ubarwiaj\u0105 \u017cycie.<br>Wokanda rajdowa obejmuje szereg niezwyk\u0142ych wydarze\u0144, w tym ;<\/p>\n\n\n\n<p>&#8211; rozprawy plenerowe w sk\u0142adzie rozszerzonym i zmiennym w dyskretnym \u015bwietle gwiazd.<br>&#8211; posiedzenia jawne na po\u0142oninach w sk\u0142adzie niebywa\u0142ym.<br>&#8211; d\u0142ugotrwa\u0142e dochodzenia na szczyty bieszczadzkie,<br>&#8211; mediacje nocne,<br>&#8211; rozmowy poza protoko\u0142em,<br>&#8211; wypady w obszary nieznane<br>&#8211; doznania niezwyk\u0142e.<\/p>\n\n\n\n<p>Ciebie nie mo\u017ce tam zabrakn\u0105\u0107 !&nbsp;<\/p>\n\n\n\n<p>Zapraszamy wszystkich przedstawicieli zawod\u00f3w prawniczych i pokrewnych , kt\u00f3rzy nie zamierzaj\u0105 s\u0142ucha\u0107 w Bieszczadach o wp\u0142ywie i kazusach.<br>Jest to czas wytchnienia i zapomnienia.<br>Podejmij wyzwanie i przyjed\u017a w Bieszczady!<br>Nie zwlekaj ! Nam\u00f3w znajomych i tych, kt\u00f3rych lubisz i zr\u00f3bcie pierwszy krok w dobrym kierunku.<\/p>\n\n\n\n<p class=\"has-text-align-center\">Wy\u015blij zg\u0142oszenie na za\u0142\u0105czonym formularzu wraz z niezb\u0119dnymi o\u015bwiadczeniami najp\u00f3\u017aniej w terminie<\/p>\n\n\n\n<p class=\"has-text-align-center\"><strong>do 5 MARCA 2026 r.<\/strong><\/p>\n\n\n\n<p class=\"has-text-align-center\">na adres e- mail;<strong> &nbsp;&nbsp;&nbsp;&nbsp;&nbsp;rajd.prawniczy@ gmail.com<\/strong><\/p>\n\n\n\n<p>My zatroszczymy si\u0119 o Ciebie, zapewniaj\u0105c:<br>&#8211; transport z Rzeszowa i z powrotem.<br>&#8211; darmowy parking,\u00a0<br>&#8211; zakwaterowanie w OW \u201e Bystre\u201d,<br>-ca\u0142odzienne wy\u017cywienie wraz z drugim \u015bniadaniem,<br>&#8211; zdobywanie znanych szczyt\u00f3w, \u00a0jak i w\u0119dr\u00f3wki uroczymi dolinami,<br>&#8211; wieczory przy ognisku z gitar\u0105 i \u015bpiewem.<br>&#8211; muzyczne rozkosze do \u015bwitania,<br>&#8211; codzienne biesiady przy grillu,<br>&#8211; niezapomniane pami\u0105tki rajdowe,<br>&#8211; wyj\u0105tkowy bal na zako\u0144czenie Rajdu,<br>&#8211; zaj\u0119cia z jogi,<br>&#8211; Kr\u00f3tki kurs szachowy,<br>&#8211; ubezpieczenie NW.<\/p>\n\n\n\n<p>A to jeszcze nie wszystko !<\/p>\n\n\n\n<p>Wielokro\u0107 postaramy si\u0119 mile Ci\u0119 zaskoczy\u0107.<br><strong>TO WSZYSTKO OTRZYMASZ ZA JEDYNE 1776 PLN.<\/strong><br>TANIEJ\u00a0 tylko u te\u015bciowej. Tylko towarzystwo nie to.<\/p>\n\n\n\n<p>Szczeg\u00f3\u0142owa rozpiska poczyna\u0144 zostanie przes\u0142ana w kolejnym pi\u015bmie procesowym pod wskazany adres wszystkim zakwalifikowanym <strong>w terminie do 10 MARCA 2026 r.<\/strong><br>Wtedy te\u017c podamy nr konta i termin wp\u0142aty ustalonej op\u0142aty.<\/p>\n\n\n\n<p>Uprzedzamy, \u017ce udzia\u0142 w rajdzie grozi popraw\u0105 nastroju, nadmiarem \u015bmiechu i wywo\u0142uje brak ch\u0119ci powrotu do zawodowego kierata.<br>Organizatorzy z tego tytu\u0142u nie ponosz\u0105 \u017cadnej odpowiedzialno\u015bci, lecz poczuwaj\u0105 si\u0119 w obowi\u0105zku do zapewnienia Wam dobrego \u017cycia przez te kilka dni w roku.<\/p>\n\n\n\n<p>Z wyrazami bieszczadzkiego luzu<\/p>\n\n\n\n<p><strong>&nbsp;&nbsp;&nbsp;&nbsp;&nbsp;&nbsp;&nbsp;&nbsp;&nbsp;&nbsp;&nbsp;&nbsp;&nbsp;&nbsp;&nbsp;&nbsp;&nbsp;&nbsp;&nbsp;&nbsp;&nbsp;&nbsp;&nbsp;&nbsp;&nbsp;&nbsp;&nbsp;&nbsp;&nbsp;&nbsp;&nbsp;&nbsp;&nbsp;&nbsp;&nbsp; <\/strong>organizatorzy:<\/p>\n\n\n\n<p><strong>Mariusz Kowal&nbsp;&nbsp;&nbsp;&nbsp;&nbsp;&nbsp;&nbsp;&nbsp;&nbsp;&nbsp;&nbsp;&nbsp;&nbsp;&nbsp;&nbsp;&nbsp;&nbsp;&nbsp;&nbsp;&nbsp;&nbsp;&nbsp;&nbsp;&nbsp;&nbsp;&nbsp;&nbsp;&nbsp;&nbsp;&nbsp;&nbsp;&nbsp;&nbsp;&nbsp;&nbsp;&nbsp;&nbsp;&nbsp; Stanis\u0142aw Rokita<\/strong><\/p>\n\n\n\n<p><strong>507&nbsp;305&nbsp;345&nbsp;&nbsp;&nbsp;&nbsp;&nbsp;&nbsp;&nbsp;&nbsp;&nbsp;&nbsp;&nbsp;&nbsp;&nbsp;&nbsp;&nbsp;&nbsp;&nbsp;&nbsp;&nbsp;&nbsp;&nbsp;&nbsp;&nbsp;&nbsp;&nbsp;&nbsp;&nbsp;&nbsp;&nbsp;&nbsp;&nbsp;&nbsp;&nbsp;&nbsp;&nbsp;&nbsp;&nbsp;&nbsp;&nbsp;&nbsp;&nbsp;&nbsp;&nbsp;&nbsp;&nbsp;&nbsp; 602&nbsp;227&nbsp;059<\/strong><\/p>\n\n\n\n<p>Za\u0142\u0105czniki:<\/p>\n\n\n<div class=\"zalaczniki\">\n    \n    <div class=\"zalaczniki__wrap\">\n                        <div class=\"zalaczniki__single\">\n                <div class=\"zalaczniki__first\">\n                    <p class=\"zalaczniki__title\">\n                                                    Formularz zg\u0142oszeniowy                                            <\/p>\n                    <p class=\"zalaczniki__file-name\">\n                                                    Z-G-L-O-S-Z-E-N-I-E.docx                                            <\/p>\n                <\/div>\n                <div class=\"zalaczniki__middle\">\n                                        <a href=\"https:\/\/adwokatura.krakow.pl\/adwokaci-i-aplikanci\/wp-content\/uploads\/sites\/2\/2026\/01\/Z-G-L-O-S-Z-E-N-I-E.docx\">Zobacz plik<\/a>\n                                    <\/div>\n                <div class=\"zalaczniki__last\">\n                                        <a download href=\"https:\/\/adwokatura.krakow.pl\/adwokaci-i-aplikanci\/wp-content\/uploads\/sites\/2\/2026\/01\/Z-G-L-O-S-Z-E-N-I-E.docx\">\n                            <img decoding=\"async\" src=\"https:\/\/adwokatura.krakow.pl\/adwokaci-i-aplikanci\/wp-content\/themes\/kia\/dist\/images\/download.svg\" alt=\"download\">\n                        <\/a>\n                                    <\/div>\n               \n            <\/div>\n                    <div class=\"zalaczniki__single\">\n                <div class=\"zalaczniki__first\">\n                    <p class=\"zalaczniki__title\">\n                                                    O\u015bwiadczenia RODO                                            <\/p>\n                    <p class=\"zalaczniki__file-name\">\n                                                    RODO-2026-r.docx                                            <\/p>\n                <\/div>\n                <div class=\"zalaczniki__middle\">\n                                        <a href=\"https:\/\/adwokatura.krakow.pl\/adwokaci-i-aplikanci\/wp-content\/uploads\/sites\/2\/2026\/01\/RODO-2026-r.docx\">Zobacz plik<\/a>\n                                    <\/div>\n                <div class=\"zalaczniki__last\">\n                                        <a download href=\"https:\/\/adwokatura.krakow.pl\/adwokaci-i-aplikanci\/wp-content\/uploads\/sites\/2\/2026\/01\/RODO-2026-r.docx\">\n                            <img decoding=\"async\" src=\"https:\/\/adwokatura.krakow.pl\/adwokaci-i-aplikanci\/wp-content\/themes\/kia\/dist\/images\/download.svg\" alt=\"download\">\n                        <\/a>\n                                    <\/div>\n               \n            <\/div>\n                <\/div>\n<\/div>\n\n\n<p><\/p>\n","protected":false},"excerpt":{"rendered":"<p>Informacja organizacyjna o charakterze nieprocesowym !Szanowne Kole\u017canki i Szanowni\u00a0 Koledzy po fachu !Wielce uprzejmie i z niebywa\u0142\u0105 \u015bmia\u0142o\u015bci\u0105 przesy\u0142amy niezwyk\u0142\u0105 wiadomo\u015b\u0107!Dochowuj\u0105c tradycji i wype\u0142niaj\u0105c z\u0142o\u017cone zobowi\u0105zania, r\u00f3wnie\u017c w tym roku ORGANIZUJEMYXLIIIBIESZCZADZKI RAJD PRAWNIK\u00d3W\u201e Brawurowe Bieszczady\u201d w dniach 7 \u2013 12 czerwca 2026 r.w Bystrem k\/ Baligrodu. Jest to wydarzenie niezwyk\u0142e, brawurowe, nieprzewidywalne i nie przewidziane [&hellip;]<\/p>\n","protected":false},"author":9,"featured_media":0,"comment_status":"closed","ping_status":"closed","sticky":false,"template":"","format":"standard","meta":{"_acf_changed":false,"inline_featured_image":false,"footnotes":""},"categories":[6],"tags":[],"class_list":["post-6724","post","type-post","status-publish","format-standard","hentry","category-artykuly"],"acf":[],"_links":{"self":[{"href":"https:\/\/adwokatura.krakow.pl\/adwokaci-i-aplikanci\/wp-json\/wp\/v2\/posts\/6724","targetHints":{"allow":["GET"]}}],"collection":[{"href":"https:\/\/adwokatura.krakow.pl\/adwokaci-i-aplikanci\/wp-json\/wp\/v2\/posts"}],"about":[{"href":"https:\/\/adwokatura.krakow.pl\/adwokaci-i-aplikanci\/wp-json\/wp\/v2\/types\/post"}],"author":[{"embeddable":true,"href":"https:\/\/adwokatura.krakow.pl\/adwokaci-i-aplikanci\/wp-json\/wp\/v2\/users\/9"}],"replies":[{"embeddable":true,"href":"https:\/\/adwokatura.krakow.pl\/adwokaci-i-aplikanci\/wp-json\/wp\/v2\/comments?post=6724"}],"version-history":[{"count":3,"href":"https:\/\/adwokatura.krakow.pl\/adwokaci-i-aplikanci\/wp-json\/wp\/v2\/posts\/6724\/revisions"}],"predecessor-version":[{"id":6729,"href":"https:\/\/adwokatura.krakow.pl\/adwokaci-i-aplikanci\/wp-json\/wp\/v2\/posts\/6724\/revisions\/6729"}],"wp:attachment":[{"href":"https:\/\/adwokatura.krakow.pl\/adwokaci-i-aplikanci\/wp-json\/wp\/v2\/media?parent=6724"}],"wp:term":[{"taxonomy":"category","embeddable":true,"href":"https:\/\/adwokatura.krakow.pl\/adwokaci-i-aplikanci\/wp-json\/wp\/v2\/categories?post=6724"},{"taxonomy":"post_tag","embeddable":true,"href":"https:\/\/adwokatura.krakow.pl\/adwokaci-i-aplikanci\/wp-json\/wp\/v2\/tags?post=6724"}],"curies":[{"name":"wp","href":"https:\/\/api.w.org\/{rel}","templated":true}]}}