{"id":6730,"date":"2026-01-21T10:06:23","date_gmt":"2026-01-21T09:06:23","guid":{"rendered":"https:\/\/adwokatura.krakow.pl\/adwokaci-i-aplikanci\/?p=6730"},"modified":"2026-01-21T10:08:17","modified_gmt":"2026-01-21T09:08:17","slug":"wykaz-lekarzy-sadowych-sadu-okregowego-w-krakowie","status":"publish","type":"post","link":"https:\/\/adwokatura.krakow.pl\/adwokaci-i-aplikanci\/wykaz-lekarzy-sadowych-sadu-okregowego-w-krakowie\/","title":{"rendered":"Wykaz lekarzy s\u0105dowych S\u0105du Okr\u0119gowego w Krakowie"},"content":{"rendered":"\n<figure class=\"wp-block-image size-large\"><img loading=\"lazy\" decoding=\"async\" width=\"1024\" height=\"724\" src=\"https:\/\/adwokatura.krakow.pl\/adwokaci-i-aplikanci\/wp-content\/uploads\/sites\/2\/2026\/01\/Wykaz-lekarzy-sadowych-styczen-2026_page-0001-1024x724.jpg\" alt=\"\" class=\"wp-image-6733\" srcset=\"https:\/\/adwokatura.krakow.pl\/adwokaci-i-aplikanci\/wp-content\/uploads\/sites\/2\/2026\/01\/Wykaz-lekarzy-sadowych-styczen-2026_page-0001-1024x724.jpg 1024w, https:\/\/adwokatura.krakow.pl\/adwokaci-i-aplikanci\/wp-content\/uploads\/sites\/2\/2026\/01\/Wykaz-lekarzy-sadowych-styczen-2026_page-0001-300x212.jpg 300w, https:\/\/adwokatura.krakow.pl\/adwokaci-i-aplikanci\/wp-content\/uploads\/sites\/2\/2026\/01\/Wykaz-lekarzy-sadowych-styczen-2026_page-0001-768x543.jpg 768w, https:\/\/adwokatura.krakow.pl\/adwokaci-i-aplikanci\/wp-content\/uploads\/sites\/2\/2026\/01\/Wykaz-lekarzy-sadowych-styczen-2026_page-0001-1536x1085.jpg 1536w, https:\/\/adwokatura.krakow.pl\/adwokaci-i-aplikanci\/wp-content\/uploads\/sites\/2\/2026\/01\/Wykaz-lekarzy-sadowych-styczen-2026_page-0001.jpg 1755w\" sizes=\"auto, (max-width: 1024px) 100vw, 1024px\" \/><\/figure>\n\n\n\n<figure class=\"wp-block-image size-large\"><img loading=\"lazy\" decoding=\"async\" width=\"1024\" height=\"724\" src=\"https:\/\/adwokatura.krakow.pl\/adwokaci-i-aplikanci\/wp-content\/uploads\/sites\/2\/2026\/01\/Wykaz-lekarzy-sadowych-styczen-2026_page-0002-1024x724.jpg\" alt=\"\" class=\"wp-image-6734\" srcset=\"https:\/\/adwokatura.krakow.pl\/adwokaci-i-aplikanci\/wp-content\/uploads\/sites\/2\/2026\/01\/Wykaz-lekarzy-sadowych-styczen-2026_page-0002-1024x724.jpg 1024w, https:\/\/adwokatura.krakow.pl\/adwokaci-i-aplikanci\/wp-content\/uploads\/sites\/2\/2026\/01\/Wykaz-lekarzy-sadowych-styczen-2026_page-0002-300x212.jpg 300w, https:\/\/adwokatura.krakow.pl\/adwokaci-i-aplikanci\/wp-content\/uploads\/sites\/2\/2026\/01\/Wykaz-lekarzy-sadowych-styczen-2026_page-0002-768x543.jpg 768w, https:\/\/adwokatura.krakow.pl\/adwokaci-i-aplikanci\/wp-content\/uploads\/sites\/2\/2026\/01\/Wykaz-lekarzy-sadowych-styczen-2026_page-0002-1536x1085.jpg 1536w, https:\/\/adwokatura.krakow.pl\/adwokaci-i-aplikanci\/wp-content\/uploads\/sites\/2\/2026\/01\/Wykaz-lekarzy-sadowych-styczen-2026_page-0002.jpg 1755w\" sizes=\"auto, (max-width: 1024px) 100vw, 1024px\" \/><\/figure>\n\n\n<div class=\"zalaczniki\">\n    \n    <div class=\"zalaczniki__wrap\">\n                        <div class=\"zalaczniki__single\">\n                <div class=\"zalaczniki__first\">\n                    <p class=\"zalaczniki__title\">\n                                                    Wykaz lekarzy s\u0105dowych S\u0105du Okr\u0119gowego w Krakowie                                            <\/p>\n                    <p class=\"zalaczniki__file-name\">\n                                                    Wykaz-lekarzy-sadowych-styczen-2026.pdf                                            <\/p>\n                <\/div>\n                <div class=\"zalaczniki__middle\">\n                                        <a href=\"https:\/\/adwokatura.krakow.pl\/adwokaci-i-aplikanci\/wp-content\/uploads\/sites\/2\/2026\/01\/Wykaz-lekarzy-sadowych-styczen-2026.pdf\">Zobacz plik<\/a>\n                                    <\/div>\n                <div class=\"zalaczniki__last\">\n                                        <a download href=\"https:\/\/adwokatura.krakow.pl\/adwokaci-i-aplikanci\/wp-content\/uploads\/sites\/2\/2026\/01\/Wykaz-lekarzy-sadowych-styczen-2026.pdf\">\n                            <img decoding=\"async\" src=\"https:\/\/adwokatura.krakow.pl\/adwokaci-i-aplikanci\/wp-content\/themes\/kia\/dist\/images\/download.svg\" alt=\"download\">\n                        <\/a>\n                                    <\/div>\n               \n            <\/div>\n                <\/div>\n<\/div>","protected":false},"excerpt":{"rendered":"","protected":false},"author":9,"featured_media":0,"comment_status":"closed","ping_status":"closed","sticky":false,"template":"","format":"standard","meta":{"_acf_changed":false,"inline_featured_image":false,"footnotes":""},"categories":[6],"tags":[],"class_list":["post-6730","post","type-post","status-publish","format-standard","hentry","category-artykuly"],"acf":[],"_links":{"self":[{"href":"https:\/\/adwokatura.krakow.pl\/adwokaci-i-aplikanci\/wp-json\/wp\/v2\/posts\/6730","targetHints":{"allow":["GET"]}}],"collection":[{"href":"https:\/\/adwokatura.krakow.pl\/adwokaci-i-aplikanci\/wp-json\/wp\/v2\/posts"}],"about":[{"href":"https:\/\/adwokatura.krakow.pl\/adwokaci-i-aplikanci\/wp-json\/wp\/v2\/types\/post"}],"author":[{"embeddable":true,"href":"https:\/\/adwokatura.krakow.pl\/adwokaci-i-aplikanci\/wp-json\/wp\/v2\/users\/9"}],"replies":[{"embeddable":true,"href":"https:\/\/adwokatura.krakow.pl\/adwokaci-i-aplikanci\/wp-json\/wp\/v2\/comments?post=6730"}],"version-history":[{"count":3,"href":"https:\/\/adwokatura.krakow.pl\/adwokaci-i-aplikanci\/wp-json\/wp\/v2\/posts\/6730\/revisions"}],"predecessor-version":[{"id":6737,"href":"https:\/\/adwokatura.krakow.pl\/adwokaci-i-aplikanci\/wp-json\/wp\/v2\/posts\/6730\/revisions\/6737"}],"wp:attachment":[{"href":"https:\/\/adwokatura.krakow.pl\/adwokaci-i-aplikanci\/wp-json\/wp\/v2\/media?parent=6730"}],"wp:term":[{"taxonomy":"category","embeddable":true,"href":"https:\/\/adwokatura.krakow.pl\/adwokaci-i-aplikanci\/wp-json\/wp\/v2\/categories?post=6730"},{"taxonomy":"post_tag","embeddable":true,"href":"https:\/\/adwokatura.krakow.pl\/adwokaci-i-aplikanci\/wp-json\/wp\/v2\/tags?post=6730"}],"curies":[{"name":"wp","href":"https:\/\/api.w.org\/{rel}","templated":true}]}}