{"id":6744,"date":"2026-01-23T09:40:58","date_gmt":"2026-01-23T08:40:58","guid":{"rendered":"https:\/\/adwokatura.krakow.pl\/adwokaci-i-aplikanci\/?p=6744"},"modified":"2026-01-23T09:40:58","modified_gmt":"2026-01-23T08:40:58","slug":"sztuczna-inteligencja-w-pracy-adwokata-cz-1-podstawy-ai","status":"publish","type":"post","link":"https:\/\/adwokatura.krakow.pl\/adwokaci-i-aplikanci\/sztuczna-inteligencja-w-pracy-adwokata-cz-1-podstawy-ai\/","title":{"rendered":"Sztuczna Inteligencja w pracy Adwokata cz. 1 Podstawy AI"},"content":{"rendered":"\n<figure class=\"wp-block-image size-large is-resized\"><img loading=\"lazy\" decoding=\"async\" width=\"819\" height=\"1024\" src=\"https:\/\/adwokatura.krakow.pl\/adwokaci-i-aplikanci\/wp-content\/uploads\/sites\/2\/2026\/01\/621192551_1520124213449696_7881778830832764505_n-819x1024.jpg\" alt=\"\" class=\"wp-image-6745\" style=\"width:605px;height:auto\" srcset=\"https:\/\/adwokatura.krakow.pl\/adwokaci-i-aplikanci\/wp-content\/uploads\/sites\/2\/2026\/01\/621192551_1520124213449696_7881778830832764505_n-819x1024.jpg 819w, https:\/\/adwokatura.krakow.pl\/adwokaci-i-aplikanci\/wp-content\/uploads\/sites\/2\/2026\/01\/621192551_1520124213449696_7881778830832764505_n-240x300.jpg 240w, https:\/\/adwokatura.krakow.pl\/adwokaci-i-aplikanci\/wp-content\/uploads\/sites\/2\/2026\/01\/621192551_1520124213449696_7881778830832764505_n-768x960.jpg 768w, https:\/\/adwokatura.krakow.pl\/adwokaci-i-aplikanci\/wp-content\/uploads\/sites\/2\/2026\/01\/621192551_1520124213449696_7881778830832764505_n.jpg 1080w\" sizes=\"auto, (max-width: 819px) 100vw, 819px\" \/><\/figure>\n\n\n\n<p>Szanowni Pa\u0144stwo<\/p>\n\n\n\n<p>zapraszamy na wyk\u0142ad przygotowany <a href=\"https:\/\/www.facebook.com\/hashtag\/nowoczesnaadwokatura?__eep__=6&amp;__cft__[0]=AZYMrByLMp6AsWvHydCeaw11TlQQtOvekPZTvtrVnVLsGmCjD9VTYxKJRvYQKu7IfdhIwtjdMiN3pjjyineol_PbmbpRpXdPhm4Jc2pOcWkJ4Ps9pxA4qtH2M_HkONzbbUaBbBlQwAmXfKo7ET6farhW&amp;__tn__=*NK-R\">#NowoczesnaAdwokatura<\/a> KIA<\/p>\n\n\n\n<p><strong>Batorego 17 i online<\/strong><\/p>\n\n\n\n<p><strong>10 lutego 2026<\/strong><\/p>\n\n\n\n<p><strong>godz. 17.00<\/strong><\/p>\n\n\n\n<p>W ramach szkolenia zostan\u0105 poruszone nast\u0119puj\u0105ce zagadnienia:<\/p>\n\n\n\n<p>Podstawowe poj\u0119cia: \u201calgorytm\u201d, \u201cmodele AI\u201d, \u201cpromptowanie\u201d, \u201cinput\u201d, output\u201d, etc.<\/p>\n\n\n\n<p>Rodzaje i sposoby dzia\u0142ania modeli AI;<\/p>\n\n\n\n<p>AI w kancelarii adwokackiej &#8211; wdro\u017cenie i praktyczne wykorzystywanie AI w kancelarii;<\/p>\n\n\n\n<p>Ryzyka prawne zwi\u0105zane z korzystaniem z AI w kancelarii adwokackiej<\/p>\n\n\n\n<p>Cyberbezpiecze\u0144stwo i tajemnica adwokacka.<\/p>\n\n\n\n<p>Do\u0142\u0105cz do spotkania Zoom<\/p>\n\n\n<a class=\"button button--zielony-ze-strzalka\" href=\"https:\/\/us02web.zoom.us\/j\/89746148572?pwd=WDiNJaxCTTN7L6F0tkxbPlpTgmgGcX.1&amp;fbclid=IwY2xjawPgEyVleHRuA2FlbQIxMABicmlkETByQWVQM09qRndMOUhiY1RDc3J0YwZhcHBfaWQQMjIyMDM5MTc4ODIwMDg5MgABHigWjZ4Z4kHoRxDznvCXthKyiO60weQjV0Po3ZuzHm81-3BP7Vs-EvEGUV1g_aem_ZMvf8bpOojZ3HJRNn1ry8A#success\">\n        ZOOM<\/a>\n\n\n\n<p>Identyfikator spotkania: 897 4614 8572<\/p>\n\n\n\n<p>Kod dost\u0119pu: 402609<\/p>\n","protected":false},"excerpt":{"rendered":"<p>Szanowni Pa\u0144stwo zapraszamy na wyk\u0142ad przygotowany #NowoczesnaAdwokatura KIA Batorego 17 i online 10 lutego 2026 godz. 17.00 W ramach szkolenia zostan\u0105 poruszone nast\u0119puj\u0105ce zagadnienia: Podstawowe poj\u0119cia: \u201calgorytm\u201d, \u201cmodele AI\u201d, \u201cpromptowanie\u201d, \u201cinput\u201d, output\u201d, etc. Rodzaje i sposoby dzia\u0142ania modeli AI; AI w kancelarii adwokackiej &#8211; wdro\u017cenie i praktyczne wykorzystywanie AI w kancelarii; Ryzyka prawne zwi\u0105zane z [&hellip;]<\/p>\n","protected":false},"author":9,"featured_media":0,"comment_status":"closed","ping_status":"closed","sticky":false,"template":"","format":"standard","meta":{"_acf_changed":false,"inline_featured_image":false,"footnotes":""},"categories":[6],"tags":[],"class_list":["post-6744","post","type-post","status-publish","format-standard","hentry","category-artykuly"],"acf":[],"_links":{"self":[{"href":"https:\/\/adwokatura.krakow.pl\/adwokaci-i-aplikanci\/wp-json\/wp\/v2\/posts\/6744","targetHints":{"allow":["GET"]}}],"collection":[{"href":"https:\/\/adwokatura.krakow.pl\/adwokaci-i-aplikanci\/wp-json\/wp\/v2\/posts"}],"about":[{"href":"https:\/\/adwokatura.krakow.pl\/adwokaci-i-aplikanci\/wp-json\/wp\/v2\/types\/post"}],"author":[{"embeddable":true,"href":"https:\/\/adwokatura.krakow.pl\/adwokaci-i-aplikanci\/wp-json\/wp\/v2\/users\/9"}],"replies":[{"embeddable":true,"href":"https:\/\/adwokatura.krakow.pl\/adwokaci-i-aplikanci\/wp-json\/wp\/v2\/comments?post=6744"}],"version-history":[{"count":1,"href":"https:\/\/adwokatura.krakow.pl\/adwokaci-i-aplikanci\/wp-json\/wp\/v2\/posts\/6744\/revisions"}],"predecessor-version":[{"id":6746,"href":"https:\/\/adwokatura.krakow.pl\/adwokaci-i-aplikanci\/wp-json\/wp\/v2\/posts\/6744\/revisions\/6746"}],"wp:attachment":[{"href":"https:\/\/adwokatura.krakow.pl\/adwokaci-i-aplikanci\/wp-json\/wp\/v2\/media?parent=6744"}],"wp:term":[{"taxonomy":"category","embeddable":true,"href":"https:\/\/adwokatura.krakow.pl\/adwokaci-i-aplikanci\/wp-json\/wp\/v2\/categories?post=6744"},{"taxonomy":"post_tag","embeddable":true,"href":"https:\/\/adwokatura.krakow.pl\/adwokaci-i-aplikanci\/wp-json\/wp\/v2\/tags?post=6744"}],"curies":[{"name":"wp","href":"https:\/\/api.w.org\/{rel}","templated":true}]}}