{"id":6804,"date":"2026-02-02T13:54:28","date_gmt":"2026-02-02T12:54:28","guid":{"rendered":"https:\/\/adwokatura.krakow.pl\/adwokaci-i-aplikanci\/?p=6804"},"modified":"2026-02-02T13:54:29","modified_gmt":"2026-02-02T12:54:29","slug":"relacja-z-ii-edycji-szkolenia-z-turystyki-zimowej","status":"publish","type":"post","link":"https:\/\/adwokatura.krakow.pl\/adwokaci-i-aplikanci\/relacja-z-ii-edycji-szkolenia-z-turystyki-zimowej\/","title":{"rendered":"Relacja z II edycji szkolenia z turystyki zimowej"},"content":{"rendered":"\n<p>II edycja szkolenia z turystyki zimowej za nami.<\/p>\n\n\n\n<p>W tym roku uczestnicy wzi\u0119li udzia\u0142 w 3 wyprawach \u2013 dw\u00f3ch skiturowych oraz jednej pieszej, w zale\u017cno\u015bci od grupy zdobywaj\u0105c Giewont oraz Kop\u0119 Kondrack\u0105. <\/p>\n\n\n\n<p>\u0106wiczyli\u015bmy pod okiem najlepszych Przewodnik\u00f3w Mi\u0119dzynarodowych IVBV Wojciecha Karpiela, Jana G\u0105sienicy &#8211; R\u00f3j, Grzegorza Bargiela, Przemys\u0142awa W\u00f3jcik, oraz Przewodnika Szymona Stocha. <\/p>\n\n\n\n<p>W szkoleniu udzia\u0142 wzi\u0119\u0142a nie tylko liczna reprezentacja Adwokatury krakowskiej ale tak\u017ce Adwokaci z Izby rzeszowskiej, lubelskiej oraz wroc\u0142awskiej. Dzi\u0119kujemy i zapraszamy za rok!<\/p>\n\n\n\n<figure class=\"wp-block-image size-full\"><img loading=\"lazy\" decoding=\"async\" width=\"498\" height=\"664\" src=\"https:\/\/adwokatura.krakow.pl\/adwokaci-i-aplikanci\/wp-content\/uploads\/sites\/2\/2026\/02\/IMG_4181.jpg\" alt=\"\" class=\"wp-image-6806\" srcset=\"https:\/\/adwokatura.krakow.pl\/adwokaci-i-aplikanci\/wp-content\/uploads\/sites\/2\/2026\/02\/IMG_4181.jpg 498w, https:\/\/adwokatura.krakow.pl\/adwokaci-i-aplikanci\/wp-content\/uploads\/sites\/2\/2026\/02\/IMG_4181-225x300.jpg 225w\" sizes=\"auto, (max-width: 498px) 100vw, 498px\" \/><\/figure>\n\n\n\n<figure class=\"wp-block-image size-full\"><img loading=\"lazy\" decoding=\"async\" width=\"807\" height=\"605\" src=\"https:\/\/adwokatura.krakow.pl\/adwokaci-i-aplikanci\/wp-content\/uploads\/sites\/2\/2026\/02\/IMG_3674.jpeg\" alt=\"\" class=\"wp-image-6807\" srcset=\"https:\/\/adwokatura.krakow.pl\/adwokaci-i-aplikanci\/wp-content\/uploads\/sites\/2\/2026\/02\/IMG_3674.jpeg 807w, https:\/\/adwokatura.krakow.pl\/adwokaci-i-aplikanci\/wp-content\/uploads\/sites\/2\/2026\/02\/IMG_3674-300x225.jpeg 300w, https:\/\/adwokatura.krakow.pl\/adwokaci-i-aplikanci\/wp-content\/uploads\/sites\/2\/2026\/02\/IMG_3674-768x576.jpeg 768w\" sizes=\"auto, (max-width: 807px) 100vw, 807px\" \/><\/figure>\n","protected":false},"excerpt":{"rendered":"<p>II edycja szkolenia z turystyki zimowej za nami. W tym roku uczestnicy wzi\u0119li udzia\u0142 w 3 wyprawach \u2013 dw\u00f3ch skiturowych oraz jednej pieszej, w zale\u017cno\u015bci od grupy zdobywaj\u0105c Giewont oraz Kop\u0119 Kondrack\u0105. \u0106wiczyli\u015bmy pod okiem najlepszych Przewodnik\u00f3w Mi\u0119dzynarodowych IVBV Wojciecha Karpiela, Jana G\u0105sienicy &#8211; R\u00f3j, Grzegorza Bargiela, Przemys\u0142awa W\u00f3jcik, oraz Przewodnika Szymona Stocha. W szkoleniu [&hellip;]<\/p>\n","protected":false},"author":9,"featured_media":0,"comment_status":"closed","ping_status":"closed","sticky":false,"template":"","format":"standard","meta":{"_acf_changed":false,"inline_featured_image":false,"footnotes":""},"categories":[6],"tags":[],"class_list":["post-6804","post","type-post","status-publish","format-standard","hentry","category-artykuly"],"acf":[],"_links":{"self":[{"href":"https:\/\/adwokatura.krakow.pl\/adwokaci-i-aplikanci\/wp-json\/wp\/v2\/posts\/6804","targetHints":{"allow":["GET"]}}],"collection":[{"href":"https:\/\/adwokatura.krakow.pl\/adwokaci-i-aplikanci\/wp-json\/wp\/v2\/posts"}],"about":[{"href":"https:\/\/adwokatura.krakow.pl\/adwokaci-i-aplikanci\/wp-json\/wp\/v2\/types\/post"}],"author":[{"embeddable":true,"href":"https:\/\/adwokatura.krakow.pl\/adwokaci-i-aplikanci\/wp-json\/wp\/v2\/users\/9"}],"replies":[{"embeddable":true,"href":"https:\/\/adwokatura.krakow.pl\/adwokaci-i-aplikanci\/wp-json\/wp\/v2\/comments?post=6804"}],"version-history":[{"count":1,"href":"https:\/\/adwokatura.krakow.pl\/adwokaci-i-aplikanci\/wp-json\/wp\/v2\/posts\/6804\/revisions"}],"predecessor-version":[{"id":6808,"href":"https:\/\/adwokatura.krakow.pl\/adwokaci-i-aplikanci\/wp-json\/wp\/v2\/posts\/6804\/revisions\/6808"}],"wp:attachment":[{"href":"https:\/\/adwokatura.krakow.pl\/adwokaci-i-aplikanci\/wp-json\/wp\/v2\/media?parent=6804"}],"wp:term":[{"taxonomy":"category","embeddable":true,"href":"https:\/\/adwokatura.krakow.pl\/adwokaci-i-aplikanci\/wp-json\/wp\/v2\/categories?post=6804"},{"taxonomy":"post_tag","embeddable":true,"href":"https:\/\/adwokatura.krakow.pl\/adwokaci-i-aplikanci\/wp-json\/wp\/v2\/tags?post=6804"}],"curies":[{"name":"wp","href":"https:\/\/api.w.org\/{rel}","templated":true}]}}