{"id":6810,"date":"2026-02-06T10:24:26","date_gmt":"2026-02-06T09:24:26","guid":{"rendered":"https:\/\/adwokatura.krakow.pl\/adwokaci-i-aplikanci\/?p=6810"},"modified":"2026-02-06T10:24:26","modified_gmt":"2026-02-06T09:24:26","slug":"finisaz-wystawy-ikon","status":"publish","type":"post","link":"https:\/\/adwokatura.krakow.pl\/adwokaci-i-aplikanci\/finisaz-wystawy-ikon\/","title":{"rendered":"Finisa\u017c wystawy ikon"},"content":{"rendered":"\n<figure class=\"wp-block-image size-large is-resized\"><img loading=\"lazy\" decoding=\"async\" width=\"819\" height=\"1024\" src=\"https:\/\/adwokatura.krakow.pl\/adwokaci-i-aplikanci\/wp-content\/uploads\/sites\/2\/2026\/02\/Black-And-White-Minimalist-Art-Exhibition-Portrait-Instagram-Post-2-819x1024.png\" alt=\"\" class=\"wp-image-6811\" style=\"aspect-ratio:0.799821113568039;width:538px;height:auto\" srcset=\"https:\/\/adwokatura.krakow.pl\/adwokaci-i-aplikanci\/wp-content\/uploads\/sites\/2\/2026\/02\/Black-And-White-Minimalist-Art-Exhibition-Portrait-Instagram-Post-2-819x1024.png 819w, https:\/\/adwokatura.krakow.pl\/adwokaci-i-aplikanci\/wp-content\/uploads\/sites\/2\/2026\/02\/Black-And-White-Minimalist-Art-Exhibition-Portrait-Instagram-Post-2-240x300.png 240w, https:\/\/adwokatura.krakow.pl\/adwokaci-i-aplikanci\/wp-content\/uploads\/sites\/2\/2026\/02\/Black-And-White-Minimalist-Art-Exhibition-Portrait-Instagram-Post-2-768x960.png 768w, https:\/\/adwokatura.krakow.pl\/adwokaci-i-aplikanci\/wp-content\/uploads\/sites\/2\/2026\/02\/Black-And-White-Minimalist-Art-Exhibition-Portrait-Instagram-Post-2.png 1080w\" sizes=\"auto, (max-width: 819px) 100vw, 819px\" \/><\/figure>\n\n\n\n<p>Zanim ikony wr\u00f3c\u0105 do ciszy pracowni, zapraszamy na ich ostatnie spotkanie z widzami.<\/p>\n\n\n\n<p>Podczas finisa\u017cu poka\u017cemy filmiki z procesu tworzenia ikon \u2013 od pierwszej kreski po ostatni\u0105 warstw\u0119 \u015bwiat\u0142a.<\/p>\n\n\n\n<p>To dobra chwila, \u017ceby zobaczy\u0107, jak rodzi si\u0119 ikona i po\u017cegna\u0107 wystaw\u0119 w spokojnej, uwa\u017cnej atmosferze.<\/p>\n","protected":false},"excerpt":{"rendered":"<p>Zanim ikony wr\u00f3c\u0105 do ciszy pracowni, zapraszamy na ich ostatnie spotkanie z widzami. Podczas finisa\u017cu poka\u017cemy filmiki z procesu tworzenia ikon \u2013 od pierwszej kreski po ostatni\u0105 warstw\u0119 \u015bwiat\u0142a. To dobra chwila, \u017ceby zobaczy\u0107, jak rodzi si\u0119 ikona i po\u017cegna\u0107 wystaw\u0119 w spokojnej, uwa\u017cnej atmosferze.<\/p>\n","protected":false},"author":9,"featured_media":0,"comment_status":"closed","ping_status":"closed","sticky":false,"template":"","format":"standard","meta":{"_acf_changed":false,"inline_featured_image":false,"footnotes":""},"categories":[6],"tags":[],"class_list":["post-6810","post","type-post","status-publish","format-standard","hentry","category-artykuly"],"acf":[],"_links":{"self":[{"href":"https:\/\/adwokatura.krakow.pl\/adwokaci-i-aplikanci\/wp-json\/wp\/v2\/posts\/6810","targetHints":{"allow":["GET"]}}],"collection":[{"href":"https:\/\/adwokatura.krakow.pl\/adwokaci-i-aplikanci\/wp-json\/wp\/v2\/posts"}],"about":[{"href":"https:\/\/adwokatura.krakow.pl\/adwokaci-i-aplikanci\/wp-json\/wp\/v2\/types\/post"}],"author":[{"embeddable":true,"href":"https:\/\/adwokatura.krakow.pl\/adwokaci-i-aplikanci\/wp-json\/wp\/v2\/users\/9"}],"replies":[{"embeddable":true,"href":"https:\/\/adwokatura.krakow.pl\/adwokaci-i-aplikanci\/wp-json\/wp\/v2\/comments?post=6810"}],"version-history":[{"count":1,"href":"https:\/\/adwokatura.krakow.pl\/adwokaci-i-aplikanci\/wp-json\/wp\/v2\/posts\/6810\/revisions"}],"predecessor-version":[{"id":6812,"href":"https:\/\/adwokatura.krakow.pl\/adwokaci-i-aplikanci\/wp-json\/wp\/v2\/posts\/6810\/revisions\/6812"}],"wp:attachment":[{"href":"https:\/\/adwokatura.krakow.pl\/adwokaci-i-aplikanci\/wp-json\/wp\/v2\/media?parent=6810"}],"wp:term":[{"taxonomy":"category","embeddable":true,"href":"https:\/\/adwokatura.krakow.pl\/adwokaci-i-aplikanci\/wp-json\/wp\/v2\/categories?post=6810"},{"taxonomy":"post_tag","embeddable":true,"href":"https:\/\/adwokatura.krakow.pl\/adwokaci-i-aplikanci\/wp-json\/wp\/v2\/tags?post=6810"}],"curies":[{"name":"wp","href":"https:\/\/api.w.org\/{rel}","templated":true}]}}