{"id":6814,"date":"2026-02-12T11:03:02","date_gmt":"2026-02-12T10:03:02","guid":{"rendered":"https:\/\/adwokatura.krakow.pl\/adwokaci-i-aplikanci\/?p=6814"},"modified":"2026-02-12T11:03:02","modified_gmt":"2026-02-12T10:03:02","slug":"xi-mistrzostwach-slaska-prawnikow-w-tenisie-o-puchar-dziekana-okregowej-izby-radcow-prawnych-w-katowicach","status":"publish","type":"post","link":"https:\/\/adwokatura.krakow.pl\/adwokaci-i-aplikanci\/xi-mistrzostwach-slaska-prawnikow-w-tenisie-o-puchar-dziekana-okregowej-izby-radcow-prawnych-w-katowicach\/","title":{"rendered":"XI Mistrzostwach \u015al\u0105ska Prawnik\u00f3w w Tenisie o Puchar Dziekana Okr\u0119gowej Izby Radc\u00f3w Prawnych w Katowicach."},"content":{"rendered":"\n<figure class=\"wp-block-image size-large is-resized\"><img loading=\"lazy\" decoding=\"async\" width=\"729\" height=\"1024\" src=\"https:\/\/adwokatura.krakow.pl\/adwokaci-i-aplikanci\/wp-content\/uploads\/sites\/2\/2026\/02\/mistrzostwa-tenis-2026_page-0001-729x1024.jpg\" alt=\"\" class=\"wp-image-6815\" style=\"aspect-ratio:0.7114498967762427;width:649px;height:auto\" srcset=\"https:\/\/adwokatura.krakow.pl\/adwokaci-i-aplikanci\/wp-content\/uploads\/sites\/2\/2026\/02\/mistrzostwa-tenis-2026_page-0001-729x1024.jpg 729w, https:\/\/adwokatura.krakow.pl\/adwokaci-i-aplikanci\/wp-content\/uploads\/sites\/2\/2026\/02\/mistrzostwa-tenis-2026_page-0001-213x300.jpg 213w, https:\/\/adwokatura.krakow.pl\/adwokaci-i-aplikanci\/wp-content\/uploads\/sites\/2\/2026\/02\/mistrzostwa-tenis-2026_page-0001-768x1079.jpg 768w, https:\/\/adwokatura.krakow.pl\/adwokaci-i-aplikanci\/wp-content\/uploads\/sites\/2\/2026\/02\/mistrzostwa-tenis-2026_page-0001-1093x1536.jpg 1093w, https:\/\/adwokatura.krakow.pl\/adwokaci-i-aplikanci\/wp-content\/uploads\/sites\/2\/2026\/02\/mistrzostwa-tenis-2026_page-0001-1457x2048.jpg 1457w, https:\/\/adwokatura.krakow.pl\/adwokaci-i-aplikanci\/wp-content\/uploads\/sites\/2\/2026\/02\/mistrzostwa-tenis-2026_page-0001.jpg 1790w\" sizes=\"auto, (max-width: 729px) 100vw, 729px\" \/><\/figure>\n\n\n\n<p class=\"has-text-align-left\">S<strong>zanowni Pa\u0144stwo,<\/strong><\/p>\n\n\n\n<p class=\"has-text-align-left\">Dziekan oraz Rada Okr\u0119gowej Izby Radc\u00f3w Prawnych w Katowicach maj\u0105 przyjemno\u015b\u0107 zaprosi\u0107 Prawnik\u00f3w wszystkich profesji do wzi\u0119cia udzia\u0142u w:<\/p>\n\n\n\n<p class=\"has-text-align-left\"><strong>XI Mistrzostwach \u015al\u0105ska Prawnik\u00f3w w Tenisie o Puchar Dziekana Okr\u0119gowej Izby Radc\u00f3w Prawnych w Katowicach<\/strong>.<\/p>\n\n\n\n<p class=\"has-text-align-left\">Mistrzostwa odb\u0119d\u0105 si\u0119 w dniach\u00a0<strong>20-22 marca 2026 r.<\/strong>\u00a0na terenie obiektu sportowego <strong>JASNA 31<\/strong>\u00a0w Gliwicach, przy ul. Jasnej 31, w komfortowej hali tenisowej na trzech kortach, w tym dwa o nawierzchni TOPSLIDE (dywanowej z gumowymi granulkami), a jeden o nawierzchni profesjonalnej CONFOSPORT (hard core). Ta druga by\u0142a u\u017cywana podczas turniej\u00f3w Davis Cup i Fed Cup .<\/p>\n\n\n<a class=\"button button--zielony-ze-strzalka\" href=\"https:\/\/oirp.katowice.pl\/aktualnosci\/aktualnosci\/pokaz-aktualnosc-1402567966-1409193668.html\">\n        CZYTAJ WI\u0118CEJ<\/a>\n","protected":false},"excerpt":{"rendered":"<p>Szanowni Pa\u0144stwo, Dziekan oraz Rada Okr\u0119gowej Izby Radc\u00f3w Prawnych w Katowicach maj\u0105 przyjemno\u015b\u0107 zaprosi\u0107 Prawnik\u00f3w wszystkich profesji do wzi\u0119cia udzia\u0142u w: XI Mistrzostwach \u015al\u0105ska Prawnik\u00f3w w Tenisie o Puchar Dziekana Okr\u0119gowej Izby Radc\u00f3w Prawnych w Katowicach. Mistrzostwa odb\u0119d\u0105 si\u0119 w dniach\u00a020-22 marca 2026 r.\u00a0na terenie obiektu sportowego JASNA 31\u00a0w Gliwicach, przy ul. Jasnej 31, w [&hellip;]<\/p>\n","protected":false},"author":9,"featured_media":0,"comment_status":"closed","ping_status":"closed","sticky":false,"template":"","format":"standard","meta":{"_acf_changed":false,"inline_featured_image":false,"footnotes":""},"categories":[6],"tags":[],"class_list":["post-6814","post","type-post","status-publish","format-standard","hentry","category-artykuly"],"acf":[],"_links":{"self":[{"href":"https:\/\/adwokatura.krakow.pl\/adwokaci-i-aplikanci\/wp-json\/wp\/v2\/posts\/6814","targetHints":{"allow":["GET"]}}],"collection":[{"href":"https:\/\/adwokatura.krakow.pl\/adwokaci-i-aplikanci\/wp-json\/wp\/v2\/posts"}],"about":[{"href":"https:\/\/adwokatura.krakow.pl\/adwokaci-i-aplikanci\/wp-json\/wp\/v2\/types\/post"}],"author":[{"embeddable":true,"href":"https:\/\/adwokatura.krakow.pl\/adwokaci-i-aplikanci\/wp-json\/wp\/v2\/users\/9"}],"replies":[{"embeddable":true,"href":"https:\/\/adwokatura.krakow.pl\/adwokaci-i-aplikanci\/wp-json\/wp\/v2\/comments?post=6814"}],"version-history":[{"count":1,"href":"https:\/\/adwokatura.krakow.pl\/adwokaci-i-aplikanci\/wp-json\/wp\/v2\/posts\/6814\/revisions"}],"predecessor-version":[{"id":6816,"href":"https:\/\/adwokatura.krakow.pl\/adwokaci-i-aplikanci\/wp-json\/wp\/v2\/posts\/6814\/revisions\/6816"}],"wp:attachment":[{"href":"https:\/\/adwokatura.krakow.pl\/adwokaci-i-aplikanci\/wp-json\/wp\/v2\/media?parent=6814"}],"wp:term":[{"taxonomy":"category","embeddable":true,"href":"https:\/\/adwokatura.krakow.pl\/adwokaci-i-aplikanci\/wp-json\/wp\/v2\/categories?post=6814"},{"taxonomy":"post_tag","embeddable":true,"href":"https:\/\/adwokatura.krakow.pl\/adwokaci-i-aplikanci\/wp-json\/wp\/v2\/tags?post=6814"}],"curies":[{"name":"wp","href":"https:\/\/api.w.org\/{rel}","templated":true}]}}