{"id":6829,"date":"2026-02-13T12:13:16","date_gmt":"2026-02-13T11:13:16","guid":{"rendered":"https:\/\/adwokatura.krakow.pl\/adwokaci-i-aplikanci\/?p=6829"},"modified":"2026-02-13T12:13:17","modified_gmt":"2026-02-13T11:13:17","slug":"przeprowadz-lekcje-w-szkole-z-okazji-dnia-edukacji-prawnej-2026","status":"publish","type":"post","link":"https:\/\/adwokatura.krakow.pl\/adwokaci-i-aplikanci\/przeprowadz-lekcje-w-szkole-z-okazji-dnia-edukacji-prawnej-2026\/","title":{"rendered":"Przeprowad\u017a lekcj\u0119\u00a0w szkole z okazji Dnia Edukacji Prawnej 2026"},"content":{"rendered":"\n<figure class=\"wp-block-image size-full\"><img loading=\"lazy\" decoding=\"async\" width=\"1024\" height=\"327\" src=\"https:\/\/adwokatura.krakow.pl\/adwokaci-i-aplikanci\/wp-content\/uploads\/sites\/2\/2026\/02\/fb-1024x327-1.jpg\" alt=\"\" class=\"wp-image-6830\" srcset=\"https:\/\/adwokatura.krakow.pl\/adwokaci-i-aplikanci\/wp-content\/uploads\/sites\/2\/2026\/02\/fb-1024x327-1.jpg 1024w, https:\/\/adwokatura.krakow.pl\/adwokaci-i-aplikanci\/wp-content\/uploads\/sites\/2\/2026\/02\/fb-1024x327-1-300x96.jpg 300w, https:\/\/adwokatura.krakow.pl\/adwokaci-i-aplikanci\/wp-content\/uploads\/sites\/2\/2026\/02\/fb-1024x327-1-768x245.jpg 768w\" sizes=\"auto, (max-width: 1024px) 100vw, 1024px\" \/><\/figure>\n\n\n\n<p>Szanowni Pa\u0144stwo,<\/p>\n\n\n\n<p>serdecznie zapraszamy do w\u0142\u0105czenia si\u0119 w og\u00f3lnopolsk\u0105 inicjatyw\u0119&nbsp;<strong>\u201eDzie\u0144 Edukacji Prawnej 2026\u201d<\/strong>&nbsp;w roli edukator\u00f3w. Po raz drugi wsp\u00f3\u0142organizujemy to przedsi\u0119wzi\u0119cie wraz z Ministerstwem Sprawiedliwo\u015bci oraz innymi zainteresowanymi organizacjami i samorz\u0105dami prawniczymi.<\/p>\n\n\n\n<p>Inicjatywa polega na prowadzeniu lekcji w szko\u0142ach (klasy VII-VIII szk\u00f3\u0142 podstawowych i ponadpodstawowych), kt\u00f3re wcze\u015bniej zg\u0142osz\u0105 ch\u0119\u0107 udzia\u0142u w przedsi\u0119wzi\u0119ciu. Lekcje b\u0119d\u0105 realizowane w ustalonym przez Pa\u0144stwa terminie, indywidulanie z osob\u0105 wyznaczon\u0105 przez szko\u0142\u0119 do kontaktu.<\/p>\n\n\n\n<p>Zaj\u0119cia b\u0119d\u0105 prowadzone na podstawie scenariusza przygotowanego we wsp\u00f3\u0142pracy Ministerstwa Sprawiedliwo\u015bci i samorz\u0105d\u00f3w oraz organizacji prawniczych. Interaktywny scenariusz lekcji pozwoli uczniom i uczennicom wcieli\u0107 si\u0119 w role r\u00f3\u017cnych zawod\u00f3w prawniczych i z ich perspektywy oceni\u0107 sytuacj\u0119, kt\u00f3ra mog\u0142aby wydarzy\u0107 si\u0119 w ich szkole.&nbsp;<strong>Lekcje b\u0119d\u0105 odbywa\u0107 si\u0119 od 2 do 31 marca 2026 r.<\/strong>&nbsp;(termin i liczba przeprowadzonych lekcji zale\u017c\u0105 od Pa\u0144stwa).<\/p>\n\n\n\n<p>Przed rozpocz\u0119ciem projektu Ministerstwo Sprawiedliwo\u015bci zorganizuje zdalne spotkanie prezentuj\u0105ce przygotowany scenariusz lekcji.<\/p>\n\n\n\n<p>Udzia\u0142 w projekcie to doskona\u0142a okazja do:<\/p>\n\n\n\n<ul class=\"wp-block-list\">\n<li>dzielenia si\u0119 wiedz\u0105 prawn\u0105 i do\u015bwiadczeniem praktycznym,<\/li>\n\n\n\n<li>budowania \u015bwiadomo\u015bci prawnej w\u015br\u00f3d dzieci i m\u0142odzie\u017cy,<\/li>\n\n\n\n<li>zaanga\u017cowania si\u0119 w dzia\u0142ania o istotnym znaczeniu spo\u0142ecznym.<\/li>\n<\/ul>\n\n\n\n<p>Je\u017celi s\u0105 Pa\u0144stwo&nbsp;<strong>zainteresowani udzia\u0142em w projekcie w roli edukatora, prosz\u0119 o zg\u0142aszanie si\u0119 do ko\u0144ca dnia 11 lutego 2026&nbsp;r.&nbsp;<\/strong>do koordynatora izbowego, kt\u00f3rego funkcj\u0119 w Izbie Adwokackiej w Krakowie pe\u0142ni apl. adw. Magdalena Kmie\u0107 e-mail:&nbsp;<a href=\"mailto:madziakmiec6@gmail.com\">madziakmiec6@gmail.com<\/a>&nbsp;.<\/p>\n\n\n\n<p>Lista wszystkich koordynator\u00f3w izbowych dost\u0119pna jest na stronie:&nbsp;<a href=\"https:\/\/www.adwokatura.pl\/ogolnoprawne\/dzien-edukacji-prawnej-2026-zglos-swoja-szkole-do-lekcji-z-prawnikiem-lub-prawniczka\/\">https:\/\/www.adwokatura.pl\/ogolnoprawne\/dzien-edukacji-prawne&#8230;<\/a><\/p>\n\n\n\n<p>Informujemy r\u00f3wnie\u017c, \u017ce dniu&nbsp;<strong>12 lutego 2026 r. o godz. 15:00<\/strong>&nbsp;odb\u0119dzie si\u0119 szkolenie zdalne dla wszystkich edukator\u00f3w dotycz\u0105ce realizacji naszego scenariusza DEP 2026. Linki zostan\u0105 wys\u0142ane osobom zainteresowanym w osobnej wiadomo\u015bci.<\/p>\n\n\n<a class=\"button button--zielony-ze-strzalka\" href=\"https:\/\/dzienedukacjiprawnej.ms.gov.pl\/\">\n        CZYTAJ WI\u0118CEJ<\/a>\n","protected":false},"excerpt":{"rendered":"<p>Szanowni Pa\u0144stwo, serdecznie zapraszamy do w\u0142\u0105czenia si\u0119 w og\u00f3lnopolsk\u0105 inicjatyw\u0119&nbsp;\u201eDzie\u0144 Edukacji Prawnej 2026\u201d&nbsp;w roli edukator\u00f3w. Po raz drugi wsp\u00f3\u0142organizujemy to przedsi\u0119wzi\u0119cie wraz z Ministerstwem Sprawiedliwo\u015bci oraz innymi zainteresowanymi organizacjami i samorz\u0105dami prawniczymi. Inicjatywa polega na prowadzeniu lekcji w szko\u0142ach (klasy VII-VIII szk\u00f3\u0142 podstawowych i ponadpodstawowych), kt\u00f3re wcze\u015bniej zg\u0142osz\u0105 ch\u0119\u0107 udzia\u0142u w przedsi\u0119wzi\u0119ciu. Lekcje b\u0119d\u0105 realizowane [&hellip;]<\/p>\n","protected":false},"author":9,"featured_media":0,"comment_status":"closed","ping_status":"closed","sticky":false,"template":"","format":"standard","meta":{"_acf_changed":false,"inline_featured_image":false,"footnotes":""},"categories":[6],"tags":[],"class_list":["post-6829","post","type-post","status-publish","format-standard","hentry","category-artykuly"],"acf":[],"_links":{"self":[{"href":"https:\/\/adwokatura.krakow.pl\/adwokaci-i-aplikanci\/wp-json\/wp\/v2\/posts\/6829","targetHints":{"allow":["GET"]}}],"collection":[{"href":"https:\/\/adwokatura.krakow.pl\/adwokaci-i-aplikanci\/wp-json\/wp\/v2\/posts"}],"about":[{"href":"https:\/\/adwokatura.krakow.pl\/adwokaci-i-aplikanci\/wp-json\/wp\/v2\/types\/post"}],"author":[{"embeddable":true,"href":"https:\/\/adwokatura.krakow.pl\/adwokaci-i-aplikanci\/wp-json\/wp\/v2\/users\/9"}],"replies":[{"embeddable":true,"href":"https:\/\/adwokatura.krakow.pl\/adwokaci-i-aplikanci\/wp-json\/wp\/v2\/comments?post=6829"}],"version-history":[{"count":1,"href":"https:\/\/adwokatura.krakow.pl\/adwokaci-i-aplikanci\/wp-json\/wp\/v2\/posts\/6829\/revisions"}],"predecessor-version":[{"id":6831,"href":"https:\/\/adwokatura.krakow.pl\/adwokaci-i-aplikanci\/wp-json\/wp\/v2\/posts\/6829\/revisions\/6831"}],"wp:attachment":[{"href":"https:\/\/adwokatura.krakow.pl\/adwokaci-i-aplikanci\/wp-json\/wp\/v2\/media?parent=6829"}],"wp:term":[{"taxonomy":"category","embeddable":true,"href":"https:\/\/adwokatura.krakow.pl\/adwokaci-i-aplikanci\/wp-json\/wp\/v2\/categories?post=6829"},{"taxonomy":"post_tag","embeddable":true,"href":"https:\/\/adwokatura.krakow.pl\/adwokaci-i-aplikanci\/wp-json\/wp\/v2\/tags?post=6829"}],"curies":[{"name":"wp","href":"https:\/\/api.w.org\/{rel}","templated":true}]}}