{"id":6841,"date":"2026-02-18T13:57:40","date_gmt":"2026-02-18T12:57:40","guid":{"rendered":"https:\/\/adwokatura.krakow.pl\/adwokaci-i-aplikanci\/?p=6841"},"modified":"2026-02-26T12:42:07","modified_gmt":"2026-02-26T11:42:07","slug":"portal-informacyjny-po-zmianach-z-sierpnia-2025-r-uwagi-teoretyczne-i-praktyczne","status":"publish","type":"post","link":"https:\/\/adwokatura.krakow.pl\/adwokaci-i-aplikanci\/portal-informacyjny-po-zmianach-z-sierpnia-2025-r-uwagi-teoretyczne-i-praktyczne\/","title":{"rendered":"Portal informacyjny po zmianach z sierpnia 2025 r. &#8211; Uwagi teoretyczne i praktyczne"},"content":{"rendered":"\n<figure class=\"wp-block-image size-full is-resized\"><img loading=\"lazy\" decoding=\"async\" width=\"635\" height=\"898\" src=\"https:\/\/adwokatura.krakow.pl\/adwokaci-i-aplikanci\/wp-content\/uploads\/sites\/2\/2026\/02\/Szkolenie-Portal-Informacyjny-26-luty-2026.png\" alt=\"\" class=\"wp-image-6842\" style=\"aspect-ratio:0.7071319564553871;width:652px;height:auto\" srcset=\"https:\/\/adwokatura.krakow.pl\/adwokaci-i-aplikanci\/wp-content\/uploads\/sites\/2\/2026\/02\/Szkolenie-Portal-Informacyjny-26-luty-2026.png 635w, https:\/\/adwokatura.krakow.pl\/adwokaci-i-aplikanci\/wp-content\/uploads\/sites\/2\/2026\/02\/Szkolenie-Portal-Informacyjny-26-luty-2026-212x300.png 212w\" sizes=\"auto, (max-width: 635px) 100vw, 635px\" \/><\/figure>\n\n\n\n<p>Ko\u0142o Tarnowskich Adwokat\u00f3w zaprasza na szkolenie pt.<\/p>\n\n\n\n<p><em>Portal informacyjny po zmianach z sierpnia 2025 r. Uwagi teoretyczne i praktyczne<\/em><\/p>\n\n\n\n<p>Ju\u017c 26 lutego 2026 r. o godz. 16:30 zapraszamy na spotkanie po\u015bwi\u0119cone najnowszym zmianom dotycz\u0105cym Portalu Informacyjnego.<\/p>\n\n\n\n<p><strong>Prowadz\u0105cy: SSO Piotr Wicherek<\/strong><\/p>\n\n\n\n<p><strong>Hotel Tarnovia, ul. Ko\u015bciuszki 10<\/strong><\/p>\n\n\n\n<p><strong>26 lutego 2026 r. | <img loading=\"lazy\" decoding=\"async\" height=\"16\" width=\"16\" src=\"https:\/\/static.xx.fbcdn.net\/images\/emoji.php\/v9\/t34\/1\/16\/23f0.png\" alt=\"\u23f0\"> 16:30<\/strong><\/p>\n\n\n<a class=\"button button--zielony-ze-strzalka\" href=\"https:\/\/us06web.zoom.us\/j\/82610973279?pwd=Raq2t1vR9g6lXefNFtYwphZ13Jzfhs.1\">\n        ZOOM<\/a>\n\n\n\n<p><em>Identyfikator spotkania: 826 1880 5890<\/em><\/p>\n\n\n\n<p><em>Kod dost\u0119pu: TarADW25<\/em><\/p>\n","protected":false},"excerpt":{"rendered":"<p>Ko\u0142o Tarnowskich Adwokat\u00f3w zaprasza na szkolenie pt. Portal informacyjny po zmianach z sierpnia 2025 r. Uwagi teoretyczne i praktyczne Ju\u017c 26 lutego 2026 r. o godz. 16:30 zapraszamy na spotkanie po\u015bwi\u0119cone najnowszym zmianom dotycz\u0105cym Portalu Informacyjnego. Prowadz\u0105cy: SSO Piotr Wicherek Hotel Tarnovia, ul. Ko\u015bciuszki 10 26 lutego 2026 r. | 16:30 Identyfikator spotkania: 826 1880 [&hellip;]<\/p>\n","protected":false},"author":9,"featured_media":0,"comment_status":"closed","ping_status":"closed","sticky":false,"template":"","format":"standard","meta":{"_acf_changed":false,"inline_featured_image":false,"footnotes":""},"categories":[6],"tags":[],"class_list":["post-6841","post","type-post","status-publish","format-standard","hentry","category-artykuly"],"acf":[],"_links":{"self":[{"href":"https:\/\/adwokatura.krakow.pl\/adwokaci-i-aplikanci\/wp-json\/wp\/v2\/posts\/6841","targetHints":{"allow":["GET"]}}],"collection":[{"href":"https:\/\/adwokatura.krakow.pl\/adwokaci-i-aplikanci\/wp-json\/wp\/v2\/posts"}],"about":[{"href":"https:\/\/adwokatura.krakow.pl\/adwokaci-i-aplikanci\/wp-json\/wp\/v2\/types\/post"}],"author":[{"embeddable":true,"href":"https:\/\/adwokatura.krakow.pl\/adwokaci-i-aplikanci\/wp-json\/wp\/v2\/users\/9"}],"replies":[{"embeddable":true,"href":"https:\/\/adwokatura.krakow.pl\/adwokaci-i-aplikanci\/wp-json\/wp\/v2\/comments?post=6841"}],"version-history":[{"count":3,"href":"https:\/\/adwokatura.krakow.pl\/adwokaci-i-aplikanci\/wp-json\/wp\/v2\/posts\/6841\/revisions"}],"predecessor-version":[{"id":6863,"href":"https:\/\/adwokatura.krakow.pl\/adwokaci-i-aplikanci\/wp-json\/wp\/v2\/posts\/6841\/revisions\/6863"}],"wp:attachment":[{"href":"https:\/\/adwokatura.krakow.pl\/adwokaci-i-aplikanci\/wp-json\/wp\/v2\/media?parent=6841"}],"wp:term":[{"taxonomy":"category","embeddable":true,"href":"https:\/\/adwokatura.krakow.pl\/adwokaci-i-aplikanci\/wp-json\/wp\/v2\/categories?post=6841"},{"taxonomy":"post_tag","embeddable":true,"href":"https:\/\/adwokatura.krakow.pl\/adwokaci-i-aplikanci\/wp-json\/wp\/v2\/tags?post=6841"}],"curies":[{"name":"wp","href":"https:\/\/api.w.org\/{rel}","templated":true}]}}