{"id":6907,"date":"2026-03-04T12:03:35","date_gmt":"2026-03-04T11:03:35","guid":{"rendered":"https:\/\/adwokatura.krakow.pl\/adwokaci-i-aplikanci\/?p=6907"},"modified":"2026-03-04T12:03:35","modified_gmt":"2026-03-04T11:03:35","slug":"wspolne-posiedzenie-komisji-prawniczej-pau-i-komisji-nauk-prawnych-oddzialu-pan-w-krakowie","status":"publish","type":"post","link":"https:\/\/adwokatura.krakow.pl\/adwokaci-i-aplikanci\/wspolne-posiedzenie-komisji-prawniczej-pau-i-komisji-nauk-prawnych-oddzialu-pan-w-krakowie\/","title":{"rendered":"Wsp\u00f3lne posiedzenie Komisji Prawniczej PAU i Komisji Nauk Prawnych Oddzia\u0142u PAN w Krakowie"},"content":{"rendered":"\n<p>Serdecznie zapraszamy adwokat\u00f3w i aplikant\u00f3w adwokackich na otwarte wsp\u00f3lne posiedzenie Komisji Prawniczej PAU i Komisji Nauk Prawnych Oddzia\u0142u PAN w Krakowie. W posiedzeniu we\u017amie udzia\u0142 pani prof. Magdalena Szafranek (UW), przewodnicz\u0105ca Komisji Kodyfikacyjnej Prawa Rodzinnego, kt\u00f3ra przedstawi wyniki dotychczasowych prac tej Komisji. Posiedzenie odb\u0119dzie si\u0119 w poniedzia\u0142ek <strong>16 marca 2026 r. o godz. 17<\/strong>\u00a0w du\u017cej auli w budynku PAU na ul. S\u0142awkowskiej 17 (I pi\u0119tro).\u00a0\u00a0<\/p>\n\n\n\n<p><\/p>\n","protected":false},"excerpt":{"rendered":"<p>Serdecznie zapraszamy adwokat\u00f3w i aplikant\u00f3w adwokackich na otwarte wsp\u00f3lne posiedzenie Komisji Prawniczej PAU i Komisji Nauk Prawnych Oddzia\u0142u PAN w Krakowie. W posiedzeniu we\u017amie udzia\u0142 pani prof. Magdalena Szafranek (UW), przewodnicz\u0105ca Komisji Kodyfikacyjnej Prawa Rodzinnego, kt\u00f3ra przedstawi wyniki dotychczasowych prac tej Komisji. Posiedzenie odb\u0119dzie si\u0119 w poniedzia\u0142ek 16 marca 2026 r. o godz. 17\u00a0w du\u017cej [&hellip;]<\/p>\n","protected":false},"author":9,"featured_media":0,"comment_status":"closed","ping_status":"closed","sticky":false,"template":"","format":"standard","meta":{"_acf_changed":false,"inline_featured_image":false,"footnotes":""},"categories":[6],"tags":[],"class_list":["post-6907","post","type-post","status-publish","format-standard","hentry","category-artykuly"],"acf":[],"_links":{"self":[{"href":"https:\/\/adwokatura.krakow.pl\/adwokaci-i-aplikanci\/wp-json\/wp\/v2\/posts\/6907","targetHints":{"allow":["GET"]}}],"collection":[{"href":"https:\/\/adwokatura.krakow.pl\/adwokaci-i-aplikanci\/wp-json\/wp\/v2\/posts"}],"about":[{"href":"https:\/\/adwokatura.krakow.pl\/adwokaci-i-aplikanci\/wp-json\/wp\/v2\/types\/post"}],"author":[{"embeddable":true,"href":"https:\/\/adwokatura.krakow.pl\/adwokaci-i-aplikanci\/wp-json\/wp\/v2\/users\/9"}],"replies":[{"embeddable":true,"href":"https:\/\/adwokatura.krakow.pl\/adwokaci-i-aplikanci\/wp-json\/wp\/v2\/comments?post=6907"}],"version-history":[{"count":1,"href":"https:\/\/adwokatura.krakow.pl\/adwokaci-i-aplikanci\/wp-json\/wp\/v2\/posts\/6907\/revisions"}],"predecessor-version":[{"id":6908,"href":"https:\/\/adwokatura.krakow.pl\/adwokaci-i-aplikanci\/wp-json\/wp\/v2\/posts\/6907\/revisions\/6908"}],"wp:attachment":[{"href":"https:\/\/adwokatura.krakow.pl\/adwokaci-i-aplikanci\/wp-json\/wp\/v2\/media?parent=6907"}],"wp:term":[{"taxonomy":"category","embeddable":true,"href":"https:\/\/adwokatura.krakow.pl\/adwokaci-i-aplikanci\/wp-json\/wp\/v2\/categories?post=6907"},{"taxonomy":"post_tag","embeddable":true,"href":"https:\/\/adwokatura.krakow.pl\/adwokaci-i-aplikanci\/wp-json\/wp\/v2\/tags?post=6907"}],"curies":[{"name":"wp","href":"https:\/\/api.w.org\/{rel}","templated":true}]}}