{"id":6911,"date":"2026-03-10T11:08:15","date_gmt":"2026-03-10T10:08:15","guid":{"rendered":"https:\/\/adwokatura.krakow.pl\/adwokaci-i-aplikanci\/?p=6911"},"modified":"2026-03-10T11:08:15","modified_gmt":"2026-03-10T10:08:15","slug":"konkurs-prezesa-sadu-apelacyjnego-w-krakowie-na-najciekawsza-prace-pisemna-w-formie-eseju-pt-sztuczna-inteligencja-a-przyszlosc-zawodow-prawniczych","status":"publish","type":"post","link":"https:\/\/adwokatura.krakow.pl\/adwokaci-i-aplikanci\/konkurs-prezesa-sadu-apelacyjnego-w-krakowie-na-najciekawsza-prace-pisemna-w-formie-eseju-pt-sztuczna-inteligencja-a-przyszlosc-zawodow-prawniczych\/","title":{"rendered":"Konkurs Prezesa S\u0105du Apelacyjnego w Krakowie na najciekawsz\u0105 prac\u0119 pisemn\u0105 w formie eseju pt. \u201eSztuczna inteligencja a przysz\u0142o\u015b\u0107 zawod\u00f3w prawniczych\u201d."},"content":{"rendered":"\n<p><em>Z okazji Dnia Edukacji Prawnej, kt\u00f3ry przypada na dzie\u0144 15 marca 2026 r. Prezes S\u0105du Apelacyjnego w Krakowie wsp\u00f3lnie z Rad\u0105 Zawod\u00f3w Prawniczych przy Prezesie S\u0105du Apelacyjnego w Krakowie og\u0142asza konkurs na najciekawsz\u0105 prac\u0119 pisemn\u0105 w formie eseju pt. \u201eSztuczna inteligencja a przysz\u0142o\u015b\u0107 zawod\u00f3w prawniczych\u201d.<\/em><\/p>\n\n\n<a class=\"button button--zielony-ze-strzalka\" href=\"https:\/\/www.krakow.sa.gov.pl\/konkurs-prezesa-sadu-apelacyjnego-w-krakowie-na-najciekawsza-prace-pisemna-w-formie-eseju-pt-sztuczna-inteligencja-a-przyszlosc-zawodow-prawniczych,new,mg,282.html,1476\">\n        CZYTAJ WI\u0118CEJ<\/a>\n","protected":false},"excerpt":{"rendered":"<p>Z okazji Dnia Edukacji Prawnej, kt\u00f3ry przypada na dzie\u0144 15 marca 2026 r. Prezes S\u0105du Apelacyjnego w Krakowie wsp\u00f3lnie z Rad\u0105 Zawod\u00f3w Prawniczych przy Prezesie S\u0105du Apelacyjnego w Krakowie og\u0142asza konkurs na najciekawsz\u0105 prac\u0119 pisemn\u0105 w formie eseju pt. \u201eSztuczna inteligencja a przysz\u0142o\u015b\u0107 zawod\u00f3w prawniczych\u201d.<\/p>\n","protected":false},"author":9,"featured_media":0,"comment_status":"closed","ping_status":"closed","sticky":false,"template":"","format":"standard","meta":{"_acf_changed":false,"inline_featured_image":false,"footnotes":""},"categories":[6],"tags":[],"class_list":["post-6911","post","type-post","status-publish","format-standard","hentry","category-artykuly"],"acf":[],"_links":{"self":[{"href":"https:\/\/adwokatura.krakow.pl\/adwokaci-i-aplikanci\/wp-json\/wp\/v2\/posts\/6911","targetHints":{"allow":["GET"]}}],"collection":[{"href":"https:\/\/adwokatura.krakow.pl\/adwokaci-i-aplikanci\/wp-json\/wp\/v2\/posts"}],"about":[{"href":"https:\/\/adwokatura.krakow.pl\/adwokaci-i-aplikanci\/wp-json\/wp\/v2\/types\/post"}],"author":[{"embeddable":true,"href":"https:\/\/adwokatura.krakow.pl\/adwokaci-i-aplikanci\/wp-json\/wp\/v2\/users\/9"}],"replies":[{"embeddable":true,"href":"https:\/\/adwokatura.krakow.pl\/adwokaci-i-aplikanci\/wp-json\/wp\/v2\/comments?post=6911"}],"version-history":[{"count":1,"href":"https:\/\/adwokatura.krakow.pl\/adwokaci-i-aplikanci\/wp-json\/wp\/v2\/posts\/6911\/revisions"}],"predecessor-version":[{"id":6912,"href":"https:\/\/adwokatura.krakow.pl\/adwokaci-i-aplikanci\/wp-json\/wp\/v2\/posts\/6911\/revisions\/6912"}],"wp:attachment":[{"href":"https:\/\/adwokatura.krakow.pl\/adwokaci-i-aplikanci\/wp-json\/wp\/v2\/media?parent=6911"}],"wp:term":[{"taxonomy":"category","embeddable":true,"href":"https:\/\/adwokatura.krakow.pl\/adwokaci-i-aplikanci\/wp-json\/wp\/v2\/categories?post=6911"},{"taxonomy":"post_tag","embeddable":true,"href":"https:\/\/adwokatura.krakow.pl\/adwokaci-i-aplikanci\/wp-json\/wp\/v2\/tags?post=6911"}],"curies":[{"name":"wp","href":"https:\/\/api.w.org\/{rel}","templated":true}]}}