{"id":6913,"date":"2026-03-11T10:49:57","date_gmt":"2026-03-11T09:49:57","guid":{"rendered":"https:\/\/adwokatura.krakow.pl\/adwokaci-i-aplikanci\/?p=6913"},"modified":"2026-03-11T10:49:58","modified_gmt":"2026-03-11T09:49:58","slug":"xxiv-ogolnopolski-polmaraton-przytokix-adwokatow-mistrzostwa-polski-w-polmaratonie","status":"publish","type":"post","link":"https:\/\/adwokatura.krakow.pl\/adwokaci-i-aplikanci\/xxiv-ogolnopolski-polmaraton-przytokix-adwokatow-mistrzostwa-polski-w-polmaratonie\/","title":{"rendered":"XXIV Og\u00f3lnopolski P\u00f3\u0142maraton PRZYTOKIX Adwokat\u00f3w Mistrzostwa Polski w P\u00f3\u0142maratonie"},"content":{"rendered":"\n<figure class=\"wp-block-image size-full\"><img loading=\"lazy\" decoding=\"async\" width=\"669\" height=\"953\" src=\"https:\/\/adwokatura.krakow.pl\/adwokaci-i-aplikanci\/wp-content\/uploads\/sites\/2\/2026\/03\/Plakat-Adwokaci-2026.jpg\" alt=\"\" class=\"wp-image-6914\" srcset=\"https:\/\/adwokatura.krakow.pl\/adwokaci-i-aplikanci\/wp-content\/uploads\/sites\/2\/2026\/03\/Plakat-Adwokaci-2026.jpg 669w, https:\/\/adwokatura.krakow.pl\/adwokaci-i-aplikanci\/wp-content\/uploads\/sites\/2\/2026\/03\/Plakat-Adwokaci-2026-211x300.jpg 211w\" sizes=\"auto, (max-width: 669px) 100vw, 669px\" \/><\/figure>\n\n\n\n<p>Naczelna Rada Adwokacka wraz z ORA Zielona G\u00f3ra zapraszaj\u0105 do wzi\u0119cia udzia\u0142u&nbsp;w IX Adwokackich Mistrzostwach Polski w P\u00f3\u0142maratonie, kt\u00f3re odb\u0119d\u0105 si\u0119 w dniu 11 kwietnia 2026 r. ( sobota ) w Zielonej G\u00f3rze, a dok\u0142adnie w miejscowo\u015bci Przytok k\/ Zielonej G\u00f3ry.<\/p>\n\n\n\n<p>Wydarzenie zaznaczone jest w kalendarzu adwokackim, tak wi\u0119c nie spos\u00f3b je pomin\u0105\u0107!&nbsp;&nbsp;<\/p>\n\n\n\n<p>Start i meta biegu na terenie parku Pa\u0142acu w Przytoku, dla naszych uczestnik\u00f3w tradycyjnie zorganizowana zostanie <em>strefa adwokata<\/em>, w przeddzie\u0144 zapraszamy na <em>Pasta Party<\/em> w ogr\u00f3dku Hotelu RETRO przy ul. Dworcowej ( Zielona G\u00f3ra ), a wytyczona trasa powiedzie biegaczy w\u015br\u00f3d lubuskich winnic.<\/p>\n\n\n\n<p>Partnerem organizacyjnym Mistrzostw jest Lubuskie TKKF w Zielonej G\u00f3rze.\u00a0 Zawody odb\u0119d\u0105 si\u0119 w ramach XXIV Og\u00f3lnopolskiego P\u00f3\u0142maratonu Przytok zgodnie z regulaminem zamieszczonym na stronie <em><a href=\"http:\/\/www.tkkf.zgora.pl\">www.tkkf.zgora.pl<\/a><\/em>, a zapisy s\u0105 ju\u017c mo\u017cliwe na stronie <em><a href=\"http:\/\/www.maratonczykpomiarczasu.pl\">www.maratonczykpomiarczasu.pl<\/a><\/em> \u00a0&#8211; wpisowe wynosz\u0105ce 100 z\u0142 przyjmowane jest elektronicznie do 3 kwietnia 2026 r.<\/p>\n","protected":false},"excerpt":{"rendered":"<p>Naczelna Rada Adwokacka wraz z ORA Zielona G\u00f3ra zapraszaj\u0105 do wzi\u0119cia udzia\u0142u&nbsp;w IX Adwokackich Mistrzostwach Polski w P\u00f3\u0142maratonie, kt\u00f3re odb\u0119d\u0105 si\u0119 w dniu 11 kwietnia 2026 r. ( sobota ) w Zielonej G\u00f3rze, a dok\u0142adnie w miejscowo\u015bci Przytok k\/ Zielonej G\u00f3ry. Wydarzenie zaznaczone jest w kalendarzu adwokackim, tak wi\u0119c nie spos\u00f3b je pomin\u0105\u0107!&nbsp;&nbsp; Start i [&hellip;]<\/p>\n","protected":false},"author":9,"featured_media":0,"comment_status":"closed","ping_status":"closed","sticky":false,"template":"","format":"standard","meta":{"_acf_changed":false,"inline_featured_image":false,"footnotes":""},"categories":[6],"tags":[],"class_list":["post-6913","post","type-post","status-publish","format-standard","hentry","category-artykuly"],"acf":[],"_links":{"self":[{"href":"https:\/\/adwokatura.krakow.pl\/adwokaci-i-aplikanci\/wp-json\/wp\/v2\/posts\/6913","targetHints":{"allow":["GET"]}}],"collection":[{"href":"https:\/\/adwokatura.krakow.pl\/adwokaci-i-aplikanci\/wp-json\/wp\/v2\/posts"}],"about":[{"href":"https:\/\/adwokatura.krakow.pl\/adwokaci-i-aplikanci\/wp-json\/wp\/v2\/types\/post"}],"author":[{"embeddable":true,"href":"https:\/\/adwokatura.krakow.pl\/adwokaci-i-aplikanci\/wp-json\/wp\/v2\/users\/9"}],"replies":[{"embeddable":true,"href":"https:\/\/adwokatura.krakow.pl\/adwokaci-i-aplikanci\/wp-json\/wp\/v2\/comments?post=6913"}],"version-history":[{"count":1,"href":"https:\/\/adwokatura.krakow.pl\/adwokaci-i-aplikanci\/wp-json\/wp\/v2\/posts\/6913\/revisions"}],"predecessor-version":[{"id":6915,"href":"https:\/\/adwokatura.krakow.pl\/adwokaci-i-aplikanci\/wp-json\/wp\/v2\/posts\/6913\/revisions\/6915"}],"wp:attachment":[{"href":"https:\/\/adwokatura.krakow.pl\/adwokaci-i-aplikanci\/wp-json\/wp\/v2\/media?parent=6913"}],"wp:term":[{"taxonomy":"category","embeddable":true,"href":"https:\/\/adwokatura.krakow.pl\/adwokaci-i-aplikanci\/wp-json\/wp\/v2\/categories?post=6913"},{"taxonomy":"post_tag","embeddable":true,"href":"https:\/\/adwokatura.krakow.pl\/adwokaci-i-aplikanci\/wp-json\/wp\/v2\/tags?post=6913"}],"curies":[{"name":"wp","href":"https:\/\/api.w.org\/{rel}","templated":true}]}}