{"id":6922,"date":"2026-03-13T10:14:28","date_gmt":"2026-03-13T09:14:28","guid":{"rendered":"https:\/\/adwokatura.krakow.pl\/adwokaci-i-aplikanci\/?p=6922"},"modified":"2026-03-13T10:14:29","modified_gmt":"2026-03-13T09:14:29","slug":"relacja-z-otwartych-mistrzostw-malopolski-lekarzy-prawnikow-i-architektow-w-badmintonie","status":"publish","type":"post","link":"https:\/\/adwokatura.krakow.pl\/adwokaci-i-aplikanci\/relacja-z-otwartych-mistrzostw-malopolski-lekarzy-prawnikow-i-architektow-w-badmintonie\/","title":{"rendered":"Relacja z Otwartych Mistrzostw Ma\u0142opolski Lekarzy, Prawnik\u00f3w i Architekt\u00f3w w badmintonie"},"content":{"rendered":"\n<figure class=\"wp-block-image size-large is-resized\"><img loading=\"lazy\" decoding=\"async\" width=\"1024\" height=\"539\" src=\"https:\/\/adwokatura.krakow.pl\/adwokaci-i-aplikanci\/wp-content\/uploads\/sites\/2\/2026\/03\/OMLPiA-w-badmintonie-1-1024x539.jpg\" alt=\"\" class=\"wp-image-6923\" style=\"aspect-ratio:1.899848040428314;width:802px;height:auto\" srcset=\"https:\/\/adwokatura.krakow.pl\/adwokaci-i-aplikanci\/wp-content\/uploads\/sites\/2\/2026\/03\/OMLPiA-w-badmintonie-1-1024x539.jpg 1024w, https:\/\/adwokatura.krakow.pl\/adwokaci-i-aplikanci\/wp-content\/uploads\/sites\/2\/2026\/03\/OMLPiA-w-badmintonie-1-300x158.jpg 300w, https:\/\/adwokatura.krakow.pl\/adwokaci-i-aplikanci\/wp-content\/uploads\/sites\/2\/2026\/03\/OMLPiA-w-badmintonie-1-768x404.jpg 768w, https:\/\/adwokatura.krakow.pl\/adwokaci-i-aplikanci\/wp-content\/uploads\/sites\/2\/2026\/03\/OMLPiA-w-badmintonie-1-1536x809.jpg 1536w, https:\/\/adwokatura.krakow.pl\/adwokaci-i-aplikanci\/wp-content\/uploads\/sites\/2\/2026\/03\/OMLPiA-w-badmintonie-1.jpg 1799w\" sizes=\"auto, (max-width: 1024px) 100vw, 1024px\" \/><\/figure>\n\n\n\n<p><strong>W sobot\u0119 7.03.2026 r. na kortach Fame Sport Club przy ul. Dekerta w Krakowie odby\u0142a si\u0119 kolejna edycja Otwartych Mistrzostw Ma\u0142opolski Lekarzy, Prawnik\u00f3w i Architekt\u00f3w w badmintonie. Turniej organizowany by\u0142 przez Akademi\u0119 Badmintona Krak\u00f3w, a zawodnicy rywalizowali ze sob\u0105 zar\u00f3wno w kategoriach singlowych, deblowych jak i mixtowych.&nbsp;<\/strong><\/p>\n\n\n\n<p><strong>Z przyjemno\u015bci\u0105 informujemy o bardzo dobrym wyst\u0119pie i miejscach na podium zawodnik\u00f3w, kt\u00f3rzy reprezentowali Rad\u0119 :<\/strong><\/p>\n\n\n\n<p><strong>&#8211;&nbsp;Micha\u0142 Literski &#8211; drugie miejsce w kategorii deblowej (w parze z architektem Szymonem Babikiem)<\/strong><\/p>\n\n\n\n<p><strong>&#8211; Wojciech G\u00f3rowski i Szymon Goli\u0144ski- trzecie miejsce w kategorii deblowej.<\/strong><\/p>\n\n\n\n<p><strong>Dodatkowo koledzy Micha\u0142, Wojtek i Szymon zaj\u0119li drugie miejsce w formule dru\u017cynowej. Gratulujemy!<\/strong><\/p>\n\n\n\n<p><strong>Impreza zosta\u0142a obj\u0119ta patronatem Okr\u0119gowej Rady Adwokackiej w Krakowie.<\/strong><\/p>\n\n\n\n<p><strong>Kolejna edycja odb\u0119dzie si\u0119 21.11.2026r, licz\u0105c na jeszcze liczniejsz\u0105 reprezentacj\u0119 ORA, zapraszamy do wsp\u00f3lnej zabawy i wzi\u0119cia udzia\u0142u w treningach organizowanych przez Akademie Badmintona Krak\u00f3w. Zaj\u0119cia skierowane s\u0105 dla ka\u017cdego i odbywaj\u0105 si\u0119 codziennie w dw\u00f3ch lokalizacjach: Fame Sport przy ul. Dekerta i w nowej hali AGH przy ul. Armii Krajowej 5a. Wi\u0119cej szczeg\u00f3\u0142\u00f3w na <a href=\"http:\/\/www.akademiabadmintona.pl\">www.akademiabadmintona.pl<\/a><\/strong><\/p>\n","protected":false},"excerpt":{"rendered":"<p>W sobot\u0119 7.03.2026 r. na kortach Fame Sport Club przy ul. Dekerta w Krakowie odby\u0142a si\u0119 kolejna edycja Otwartych Mistrzostw Ma\u0142opolski Lekarzy, Prawnik\u00f3w i Architekt\u00f3w w badmintonie. Turniej organizowany by\u0142 przez Akademi\u0119 Badmintona Krak\u00f3w, a zawodnicy rywalizowali ze sob\u0105 zar\u00f3wno w kategoriach singlowych, deblowych jak i mixtowych.&nbsp; Z przyjemno\u015bci\u0105 informujemy o bardzo dobrym wyst\u0119pie i [&hellip;]<\/p>\n","protected":false},"author":9,"featured_media":0,"comment_status":"closed","ping_status":"closed","sticky":false,"template":"","format":"standard","meta":{"_acf_changed":false,"inline_featured_image":false,"footnotes":""},"categories":[6],"tags":[],"class_list":["post-6922","post","type-post","status-publish","format-standard","hentry","category-artykuly"],"acf":[],"_links":{"self":[{"href":"https:\/\/adwokatura.krakow.pl\/adwokaci-i-aplikanci\/wp-json\/wp\/v2\/posts\/6922","targetHints":{"allow":["GET"]}}],"collection":[{"href":"https:\/\/adwokatura.krakow.pl\/adwokaci-i-aplikanci\/wp-json\/wp\/v2\/posts"}],"about":[{"href":"https:\/\/adwokatura.krakow.pl\/adwokaci-i-aplikanci\/wp-json\/wp\/v2\/types\/post"}],"author":[{"embeddable":true,"href":"https:\/\/adwokatura.krakow.pl\/adwokaci-i-aplikanci\/wp-json\/wp\/v2\/users\/9"}],"replies":[{"embeddable":true,"href":"https:\/\/adwokatura.krakow.pl\/adwokaci-i-aplikanci\/wp-json\/wp\/v2\/comments?post=6922"}],"version-history":[{"count":1,"href":"https:\/\/adwokatura.krakow.pl\/adwokaci-i-aplikanci\/wp-json\/wp\/v2\/posts\/6922\/revisions"}],"predecessor-version":[{"id":6924,"href":"https:\/\/adwokatura.krakow.pl\/adwokaci-i-aplikanci\/wp-json\/wp\/v2\/posts\/6922\/revisions\/6924"}],"wp:attachment":[{"href":"https:\/\/adwokatura.krakow.pl\/adwokaci-i-aplikanci\/wp-json\/wp\/v2\/media?parent=6922"}],"wp:term":[{"taxonomy":"category","embeddable":true,"href":"https:\/\/adwokatura.krakow.pl\/adwokaci-i-aplikanci\/wp-json\/wp\/v2\/categories?post=6922"},{"taxonomy":"post_tag","embeddable":true,"href":"https:\/\/adwokatura.krakow.pl\/adwokaci-i-aplikanci\/wp-json\/wp\/v2\/tags?post=6922"}],"curies":[{"name":"wp","href":"https:\/\/api.w.org\/{rel}","templated":true}]}}