{"id":6949,"date":"2026-03-27T11:20:23","date_gmt":"2026-03-27T10:20:23","guid":{"rendered":"https:\/\/adwokatura.krakow.pl\/adwokaci-i-aplikanci\/?p=6949"},"modified":"2026-03-27T11:21:21","modified_gmt":"2026-03-27T10:21:21","slug":"6949-2","status":"publish","type":"post","link":"https:\/\/adwokatura.krakow.pl\/adwokaci-i-aplikanci\/6949-2\/","title":{"rendered":"Szkolenie integracyjne \u2013 D\u017awirzyno, 17-19 kwietnia 2026\u00a0r."},"content":{"rendered":"\n<p>Szanowna Pani Dziekan, Szanowny Panie Dziekanie,<\/p>\n\n\n\n<p>serdecznie zapraszamy cz\u0142onk\u00f3w Pa\u0144stwa izby adwokackiej do wzi\u0119cia udzia\u0142u w wyjazdowym szkoleniu integracyjnym, kt\u00f3re odb\u0119dzie si\u0119 w D\u017awirzynie w HAVET HOTEL RESORT &amp; SPA ***** w dniach 17-19 kwietnia 2026 r. (pi\u0105tek-niedziela) organizowanym przez Komisj\u0119 Doskonalenia Zawodowego i Szkolenia Aplikant\u00f3w Adwokackich przy Szczeci\u0144skiej Izby Adwokackiej.<\/p>\n\n\n\n<p>Dotychczasowe edycje szkolenia cieszy\u0142y si\u0119 uznaniem w szczeg\u00f3lno\u015bci w\u015br\u00f3d adwokat\u00f3w przybywaj\u0105cych na nie wraz z rodzinami, dlatego zach\u0119camy do sp\u0119dzenia wyjazdu wsp\u00f3lnie z najbli\u017cszymi. Ka\u017cdy z Was znajdzie w trakcie szkolenia atrakcje dedykowane dla siebie.<\/p>\n\n\n\n<p>Cennik szkolenia:<\/p>\n\n\n\n<p>Pobyt w trakcie szkolenia w pokoju jednoosobowym \u2013 1.400 z\u0142 za ca\u0142y pobyt.<\/p>\n\n\n\n<p>Pobyt w trakcie szkolenia w pokoju dwuosobowym. Op\u0142ata od jednej osoby za ca\u0142y pobyt \u2013 1.050 z\u0142.&nbsp;<\/p>\n\n\n\n<p>Pobyt osoby towarzysz\u0105cej (nieb\u0119d\u0105cej adwokatem) \u2013 1.150 z\u0142.<\/p>\n\n\n\n<p>Pobyt dziecka w wieku 0 &#8211; 4 lata \u2013 gratis (wymaga jedynie uprzedniego zg\u0142oszenia).<\/p>\n\n\n\n<p>Pobyt dziecka w wieku 4 &#8211; 18 lat za ca\u0142y pobyt \u2013 op\u0142ata wynosi 500 z\u0142.<\/p>\n\n\n\n<p>W ramach op\u0142aty hotel zapewnia pe\u0142ne wy\u017cywienie:<br>&#8211; 17 kwietnia: obiadokolacja,<br>&#8211; 18 kwietnia: \u015bniadanie, lunch bufetowy, obiadokolacja grillowa,<br>&#8211; 19 kwietnia: \u015bniadanie, a tak\u017ce:<\/p>\n\n\n\n<p>&#8211; nielimitowany dost\u0119p do kompleksu wodno-termalnego w godzinach 10:00 \u2013 22:00;<\/p>\n\n\n\n<p>&#8211; Wi-Fi oraz si\u0142ownia, wypo\u017cyczenie rower\u00f3w, korzystanie z infrastruktury hotelowej (place zabaw dla dzieci, prywatna pla\u017ca, zewn\u0119trzne boisko do siatk\u00f3wki)<\/p>\n\n\n\n<p>Dodatkowo Hotel zach\u0119ca do skorzystania z restauracji Moonlight, Kawiarni Le\u015bne Szepty oraz Spa Natura z dodatkowym 10% rabatem dla uczestnik\u00f3w naszego szkolenia. Rabat nie obejmuje zakupu kosmetyk\u00f3w.<\/p>\n\n\n\n<p>Wi\u0119cej na temat hotelu na stronie:&nbsp;<a href=\"https:\/\/www.havethotel.pl\">https:\/\/www.havethotel.pl<\/a><\/p>\n\n\n\n<p>Rezerwacje przyjmujemy&nbsp;do 3 kwietnia 2026 r.&nbsp;\u2013 p\u00f3\u017aniej mo\u017cliwo\u015b\u0107 rezerwacji uwzgl\u0119dniona b\u0119dzie w zale\u017cno\u015bci od dost\u0119pno\u015bci pokoi.<\/p>\n\n\n\n<p>W trakcie pobytu planujemy mi\u0119dzy innymi:<\/p>\n\n\n\n<ol start=\"1\" class=\"wp-block-list\">\n<li>merytoryczne szkolenia z bie\u017c\u0105cych zmian w prawie;<\/li>\n\n\n\n<li>szkolenia\/warsztaty z emisji g\u0142osu i dykcji, higieny pracy g\u0142osem, komunikacji z elementami wyst\u0105pie\u0144 publicznych;<\/li>\n\n\n\n<li>wsp\u00f3lne warsztaty z malowania akwarelami.<\/li>\n<\/ol>\n\n\n\n<p><strong>Uprzejmie prosz\u0119 o przekazanie informacji o wyjazdowym szkoleniu adwokatom Pa\u0144stwa izby.<\/strong><\/p>\n\n\n\n<p>Harmonogram szkolenia i jeszcze wi\u0119cej informacji o wyje\u017adzie na stronie:<\/p>\n\n\n<a class=\"button button--zielony-ze-strzalka\" href=\"https:\/\/izba-adwokacka.szczecin.pl\/szkolenie-integracyjne-dzwirzyno-17-19-kwietnia-2026-r-2\/\">\n        LINK<\/a>\n\n\n<div class=\"zalaczniki\">\n    \n    <div class=\"zalaczniki__wrap\">\n                        <div class=\"zalaczniki__single\">\n                <div class=\"zalaczniki__first\">\n                    <p class=\"zalaczniki__title\">\n                                                    FORMULARZ                                            <\/p>\n                    <p class=\"zalaczniki__file-name\">\n                                                    FORMULARZ-ZGLOSZENIOWY-1.docx                                            <\/p>\n                <\/div>\n                <div class=\"zalaczniki__middle\">\n                                        <a href=\"https:\/\/adwokatura.krakow.pl\/adwokaci-i-aplikanci\/wp-content\/uploads\/sites\/2\/2026\/03\/FORMULARZ-ZGLOSZENIOWY-1.docx\">Zobacz plik<\/a>\n                                    <\/div>\n                <div class=\"zalaczniki__last\">\n                                        <a download href=\"https:\/\/adwokatura.krakow.pl\/adwokaci-i-aplikanci\/wp-content\/uploads\/sites\/2\/2026\/03\/FORMULARZ-ZGLOSZENIOWY-1.docx\">\n                            <img decoding=\"async\" src=\"https:\/\/adwokatura.krakow.pl\/adwokaci-i-aplikanci\/wp-content\/themes\/kia\/dist\/images\/download.svg\" alt=\"download\">\n                        <\/a>\n                                    <\/div>\n               \n            <\/div>\n                <\/div>\n<\/div>\n\n\n<p><em>Z powa\u017caniem,<\/em><\/p>\n\n\n\n<p><em>adw. Piotr Dobro\u0142owicz,<\/em><\/p>\n\n\n\n<p><em>Dziekan Okr\u0119gowej Rady Adwokackiej w Szczecinie<\/em><\/p>\n","protected":false},"excerpt":{"rendered":"<p>Szanowna Pani Dziekan, Szanowny Panie Dziekanie, serdecznie zapraszamy cz\u0142onk\u00f3w Pa\u0144stwa izby adwokackiej do wzi\u0119cia udzia\u0142u w wyjazdowym szkoleniu integracyjnym, kt\u00f3re odb\u0119dzie si\u0119 w D\u017awirzynie w HAVET HOTEL RESORT &amp; SPA ***** w dniach 17-19 kwietnia 2026 r. (pi\u0105tek-niedziela) organizowanym przez Komisj\u0119 Doskonalenia Zawodowego i Szkolenia Aplikant\u00f3w Adwokackich przy Szczeci\u0144skiej Izby Adwokackiej. Dotychczasowe edycje szkolenia cieszy\u0142y [&hellip;]<\/p>\n","protected":false},"author":9,"featured_media":0,"comment_status":"closed","ping_status":"closed","sticky":false,"template":"","format":"standard","meta":{"_acf_changed":false,"inline_featured_image":false,"footnotes":""},"categories":[6],"tags":[],"class_list":["post-6949","post","type-post","status-publish","format-standard","hentry","category-artykuly"],"acf":[],"_links":{"self":[{"href":"https:\/\/adwokatura.krakow.pl\/adwokaci-i-aplikanci\/wp-json\/wp\/v2\/posts\/6949","targetHints":{"allow":["GET"]}}],"collection":[{"href":"https:\/\/adwokatura.krakow.pl\/adwokaci-i-aplikanci\/wp-json\/wp\/v2\/posts"}],"about":[{"href":"https:\/\/adwokatura.krakow.pl\/adwokaci-i-aplikanci\/wp-json\/wp\/v2\/types\/post"}],"author":[{"embeddable":true,"href":"https:\/\/adwokatura.krakow.pl\/adwokaci-i-aplikanci\/wp-json\/wp\/v2\/users\/9"}],"replies":[{"embeddable":true,"href":"https:\/\/adwokatura.krakow.pl\/adwokaci-i-aplikanci\/wp-json\/wp\/v2\/comments?post=6949"}],"version-history":[{"count":3,"href":"https:\/\/adwokatura.krakow.pl\/adwokaci-i-aplikanci\/wp-json\/wp\/v2\/posts\/6949\/revisions"}],"predecessor-version":[{"id":6954,"href":"https:\/\/adwokatura.krakow.pl\/adwokaci-i-aplikanci\/wp-json\/wp\/v2\/posts\/6949\/revisions\/6954"}],"wp:attachment":[{"href":"https:\/\/adwokatura.krakow.pl\/adwokaci-i-aplikanci\/wp-json\/wp\/v2\/media?parent=6949"}],"wp:term":[{"taxonomy":"category","embeddable":true,"href":"https:\/\/adwokatura.krakow.pl\/adwokaci-i-aplikanci\/wp-json\/wp\/v2\/categories?post=6949"},{"taxonomy":"post_tag","embeddable":true,"href":"https:\/\/adwokatura.krakow.pl\/adwokaci-i-aplikanci\/wp-json\/wp\/v2\/tags?post=6949"}],"curies":[{"name":"wp","href":"https:\/\/api.w.org\/{rel}","templated":true}]}}