{"id":6961,"date":"2026-04-02T13:38:53","date_gmt":"2026-04-02T11:38:53","guid":{"rendered":"https:\/\/adwokatura.krakow.pl\/adwokaci-i-aplikanci\/?p=6961"},"modified":"2026-04-02T13:39:15","modified_gmt":"2026-04-02T11:39:15","slug":"iv-spotkanie-z-cyklu-postaci-adwokatury-krakowskiej-adw-andrzej-buczkowski","status":"publish","type":"post","link":"https:\/\/adwokatura.krakow.pl\/adwokaci-i-aplikanci\/iv-spotkanie-z-cyklu-postaci-adwokatury-krakowskiej-adw-andrzej-buczkowski\/","title":{"rendered":"IV spotkanie z cyklu \u201ePostaci Adwokatury Krakowskiej\u201d &#8211; adw. Andrzej Buczkowski"},"content":{"rendered":"\n<figure class=\"wp-block-image size-full\"><img loading=\"lazy\" decoding=\"async\" width=\"566\" height=\"800\" src=\"https:\/\/adwokatura.krakow.pl\/adwokaci-i-aplikanci\/wp-content\/uploads\/sites\/2\/2026\/04\/ADW.-ANDRZEJ-BUCZKOWSKI.png\" alt=\"\" class=\"wp-image-6962\" srcset=\"https:\/\/adwokatura.krakow.pl\/adwokaci-i-aplikanci\/wp-content\/uploads\/sites\/2\/2026\/04\/ADW.-ANDRZEJ-BUCZKOWSKI.png 566w, https:\/\/adwokatura.krakow.pl\/adwokaci-i-aplikanci\/wp-content\/uploads\/sites\/2\/2026\/04\/ADW.-ANDRZEJ-BUCZKOWSKI-212x300.png 212w\" sizes=\"auto, (max-width: 566px) 100vw, 566px\" \/><\/figure>\n\n\n\n<p>Krakowska Izba Adwokacka wraz z Zespo\u0142em Historycznym zapraszaj\u0105 na IV spotkanie z cyklu \u201ePostaci Adwokatury Krakowskiej\u201d.<\/p>\n\n\n\n<p>Tym razem bohaterem spotkania b\u0119dzie \u015bp. adw. Andrzej Buczkowski \u2013 wybitna posta\u0107 krakowskiego \u015brodowiska prawniczego.<\/p>\n\n\n\n<p>10 kwietnia 2026 r.<\/p>\n\n\n\n<p>Godz. 18:00<\/p>\n\n\n\n<p>Klub Adwokat\u00f3w<\/p>\n\n\n\n<p>Spotkanie poprowadzi adw. Marcin Buczkowski.<\/p>\n\n\n\n<p>Zapraszamy wszystkich zainteresowanych histori\u0105 adwokatury i niezwyk\u0142ymi biografiami jej przedstawicieli!<\/p>\n","protected":false},"excerpt":{"rendered":"<p>Krakowska Izba Adwokacka wraz z Zespo\u0142em Historycznym zapraszaj\u0105 na IV spotkanie z cyklu \u201ePostaci Adwokatury Krakowskiej\u201d. Tym razem bohaterem spotkania b\u0119dzie \u015bp. adw. Andrzej Buczkowski \u2013 wybitna posta\u0107 krakowskiego \u015brodowiska prawniczego. 10 kwietnia 2026 r. Godz. 18:00 Klub Adwokat\u00f3w Spotkanie poprowadzi adw. Marcin Buczkowski. Zapraszamy wszystkich zainteresowanych histori\u0105 adwokatury i niezwyk\u0142ymi biografiami jej przedstawicieli!<\/p>\n","protected":false},"author":9,"featured_media":0,"comment_status":"closed","ping_status":"closed","sticky":false,"template":"","format":"standard","meta":{"_acf_changed":false,"inline_featured_image":false,"footnotes":""},"categories":[6],"tags":[],"class_list":["post-6961","post","type-post","status-publish","format-standard","hentry","category-artykuly"],"acf":[],"_links":{"self":[{"href":"https:\/\/adwokatura.krakow.pl\/adwokaci-i-aplikanci\/wp-json\/wp\/v2\/posts\/6961","targetHints":{"allow":["GET"]}}],"collection":[{"href":"https:\/\/adwokatura.krakow.pl\/adwokaci-i-aplikanci\/wp-json\/wp\/v2\/posts"}],"about":[{"href":"https:\/\/adwokatura.krakow.pl\/adwokaci-i-aplikanci\/wp-json\/wp\/v2\/types\/post"}],"author":[{"embeddable":true,"href":"https:\/\/adwokatura.krakow.pl\/adwokaci-i-aplikanci\/wp-json\/wp\/v2\/users\/9"}],"replies":[{"embeddable":true,"href":"https:\/\/adwokatura.krakow.pl\/adwokaci-i-aplikanci\/wp-json\/wp\/v2\/comments?post=6961"}],"version-history":[{"count":2,"href":"https:\/\/adwokatura.krakow.pl\/adwokaci-i-aplikanci\/wp-json\/wp\/v2\/posts\/6961\/revisions"}],"predecessor-version":[{"id":6964,"href":"https:\/\/adwokatura.krakow.pl\/adwokaci-i-aplikanci\/wp-json\/wp\/v2\/posts\/6961\/revisions\/6964"}],"wp:attachment":[{"href":"https:\/\/adwokatura.krakow.pl\/adwokaci-i-aplikanci\/wp-json\/wp\/v2\/media?parent=6961"}],"wp:term":[{"taxonomy":"category","embeddable":true,"href":"https:\/\/adwokatura.krakow.pl\/adwokaci-i-aplikanci\/wp-json\/wp\/v2\/categories?post=6961"},{"taxonomy":"post_tag","embeddable":true,"href":"https:\/\/adwokatura.krakow.pl\/adwokaci-i-aplikanci\/wp-json\/wp\/v2\/tags?post=6961"}],"curies":[{"name":"wp","href":"https:\/\/api.w.org\/{rel}","templated":true}]}}