{"id":6965,"date":"2026-04-08T10:15:56","date_gmt":"2026-04-08T08:15:56","guid":{"rendered":"https:\/\/adwokatura.krakow.pl\/adwokaci-i-aplikanci\/?p=6965"},"modified":"2026-04-08T10:15:57","modified_gmt":"2026-04-08T08:15:57","slug":"zaproszenie-na-xxiv-rajd-rowerowo-pieszy-izby-adwokackiej-w-lublinie","status":"publish","type":"post","link":"https:\/\/adwokatura.krakow.pl\/adwokaci-i-aplikanci\/zaproszenie-na-xxiv-rajd-rowerowo-pieszy-izby-adwokackiej-w-lublinie\/","title":{"rendered":"Zaproszenie na XXIV Rajd Rowerowo-Pieszy Izby Adwokackiej w Lublinie"},"content":{"rendered":"\n<figure class=\"wp-block-image size-full is-resized\"><img loading=\"lazy\" decoding=\"async\" width=\"651\" height=\"651\" src=\"https:\/\/adwokatura.krakow.pl\/adwokaci-i-aplikanci\/wp-content\/uploads\/sites\/2\/2026\/04\/rr26_5_2020_mailing_650x650px.png\" alt=\"\" class=\"wp-image-6966\" style=\"width:521px;height:auto\" srcset=\"https:\/\/adwokatura.krakow.pl\/adwokaci-i-aplikanci\/wp-content\/uploads\/sites\/2\/2026\/04\/rr26_5_2020_mailing_650x650px.png 651w, https:\/\/adwokatura.krakow.pl\/adwokaci-i-aplikanci\/wp-content\/uploads\/sites\/2\/2026\/04\/rr26_5_2020_mailing_650x650px-300x300.png 300w, https:\/\/adwokatura.krakow.pl\/adwokaci-i-aplikanci\/wp-content\/uploads\/sites\/2\/2026\/04\/rr26_5_2020_mailing_650x650px-150x150.png 150w\" sizes=\"auto, (max-width: 651px) 100vw, 651px\" \/><\/figure>\n\n\n\n<p>Okr\u0119gowa Rada Adwokacka w Lublinie, Dziekan ORA w Lublinie adwokat Bartosz<br>Przeciechowski, adwokat Stanis\u0142aw Estreich &#8211; Przewodnicz\u0105cy Komisji Integracji \u015arodowiskowej, Kultury, Sportu i Turystyki NRA oraz adw. Andrzej Chadaj &#8211; Komandor Rajdu, <strong>serdecznie<\/strong> <strong>zapraszaj\u0105 do Su\u015bca, gdzie w dniach 04-07 czerwca 2026 roku<br>odb\u0119dzie si\u0119 XXIV edycja Rajdu Rowerowo-Pieszego Izby Adwokackiej w Lublinie i XV Og\u00f3lnopolskiego Rajdu Rowerowego Adwokat\u00f3w WIOSNA BIKES.<\/strong><\/p>\n\n\n\n<p>W tym roku go\u015bci\u0107 Pa\u0144stwa b\u0119dzie <strong>Pensjonat &#8222;Sosnowe Zacisze&#8221;<\/strong>, kt\u00f3ry dysponuje dobrze wyposa\u017conymi, komfortowymi &nbsp;pokojami, zapleczem spa z krytym basenem oraz zielonym terenem wok\u00f3\u0142 pensjonatu z miejscem na wypoczynek i grilla.<\/p>\n\n\n\n<p>Zakwaterowanie do poszczeg\u00f3lnych pokoi b\u0119dzie dokonywane tylko przez organizator\u00f3w w zale\u017cno\u015bci od termin\u00f3w i ilo\u015bci zg\u0142oszonych uczestnik\u00f3w.<\/p>\n\n\n\n<p>Zg\u0142oszenia wraz z dokonanymi wp\u0142atami nale\u017cy przes\u0142a\u0107 Okr\u0119gowej Radzie Adwokackiej w&nbsp;Lublinie na adres: <strong>sekretariat@ora.lublin.pl<\/strong><\/p>\n\n\n\n<p>W razie pyta\u0144 prosimy o kontakt z Komandorem Rajdu adwokatem Andrzejem Chadajem tel. 601 95 99 77.<\/p>\n\n\n\n<p>Koszt uczestnictwa w imprezie wynegocjowany specjalnie dla naszej grupy, mimo znacznego wzrostu cen, obejmuj\u0105cy <strong>3 noclegi <\/strong>we wspomnianym wy\u017cej o\u015brodku ze \u015bniadaniami w formie bufetu, wynosi <strong>960 z\u0142 od adwokat\u00f3w oraz ich rodzin <\/strong>oraz 1020 z\u0142 dla pozosta\u0142ych uczestnik\u00f3w &nbsp;zawiera tak\u017ce:<\/p>\n\n\n\n<p>&#8211;&nbsp;&nbsp;&nbsp;&nbsp;&nbsp;&nbsp;&nbsp;&nbsp;&nbsp; kolacj\u0119 w dniu przyjazdu oraz kolacj\u0119 grillow\u0105,<\/p>\n\n\n\n<p>&#8211;&nbsp;&nbsp;&nbsp;&nbsp;&nbsp;&nbsp;&nbsp;&nbsp;&nbsp; uroczysty bal Dzieka\u0144sko-Komandorski z udzia\u0142em DJa,<\/p>\n\n\n\n<p>&#8211;&nbsp;&nbsp;&nbsp;&nbsp;&nbsp;&nbsp;&nbsp;&nbsp;&nbsp; ubezpieczenie NNW,<\/p>\n\n\n\n<p>&#8211;&nbsp;&nbsp;&nbsp;&nbsp;&nbsp;&nbsp;&nbsp;&nbsp;&nbsp; udzia\u0142 w szkoleniu zawodowym,<\/p>\n\n\n\n<p>&#8211;&nbsp;&nbsp;&nbsp;&nbsp;&nbsp;&nbsp;&nbsp;&nbsp;&nbsp; upominki rajdowe,<\/p>\n\n\n\n<p>&#8211;&nbsp;&nbsp;&nbsp;&nbsp;&nbsp;&nbsp;&nbsp;&nbsp;&nbsp; malownicze trasy rowerowe i piesze po Roztoczu<\/p>\n\n\n\n<p>Wp\u0142at nale\u017cy dokonywa\u0107 na konto Okr\u0119gowej Rady Adwokackiej w Lublinie<br>nr <strong>49 8689 0007 7000 4528 2000 0010<\/strong> z dopiskiem \u201e<strong>Susiec &nbsp;2026 &nbsp;<\/strong>\u201d do dnia 22 maja 2026 roku.&nbsp;&nbsp;&nbsp;&nbsp;&nbsp;&nbsp;&nbsp;&nbsp;&nbsp;&nbsp;&nbsp;<\/p>\n\n\n\n<p>Szczeg\u00f3\u0142owa tematyka szkolenia podana b\u0119dzie w p\u00f3\u017aniejszym terminie.<\/p>\n\n\n\n<p>Gospodarze Rajdu i szkolenia zawodowego gwarantuj\u0105 uczestnikom pi\u0119kne<br>krajobrazy, mi\u0142y i przyjazny klimat, odpowiedni standard, znakomite warunki dla aktywnego wypoczynku i uprawiania innych sport\u00f3w ni\u017c kolarstwo, a nadto udzia\u0142<br>w atrakcyjnym szkoleniu zawodowym.&nbsp;<\/p>\n\n\n\n<p>Przebieg poszczeg\u00f3lnych odcink\u00f3w i tras rowerowych w zale\u017cno\u015bci od warunk\u00f3w pogodowych b\u0119dzie szczeg\u00f3\u0142owo przedstawiony przy inauguracji rajdu.&nbsp;<\/p>\n\n\n\n<p>Serdecznie zapraszamy!<\/p>\n\n\n\n<p><em>Adw. Stanis\u0142aw Estreich<\/em><\/p>\n\n\n\n<p><em>Adw. Bartosz Przeciechowski<\/em><\/p>\n\n\n\n<p><em>Adw. Andrzej Chadaj<\/em><\/p>\n\n\n<div class=\"zalaczniki\">\n    \n    <div class=\"zalaczniki__wrap\">\n                        <div class=\"zalaczniki__single\">\n                <div class=\"zalaczniki__first\">\n                    <p class=\"zalaczniki__title\">\n                                                    FORMULARZ ZG\u0141OSZENIOWY                                            <\/p>\n                    <p class=\"zalaczniki__file-name\">\n                                                    Formularz-zgloszenia-Susiec-2026.docx                                            <\/p>\n                <\/div>\n                <div class=\"zalaczniki__middle\">\n                                        <a href=\"https:\/\/adwokatura.krakow.pl\/adwokaci-i-aplikanci\/wp-content\/uploads\/sites\/2\/2026\/04\/Formularz-zgloszenia-Susiec-2026.docx\">Zobacz plik<\/a>\n                                    <\/div>\n                <div class=\"zalaczniki__last\">\n                                        <a download href=\"https:\/\/adwokatura.krakow.pl\/adwokaci-i-aplikanci\/wp-content\/uploads\/sites\/2\/2026\/04\/Formularz-zgloszenia-Susiec-2026.docx\">\n                            <img decoding=\"async\" src=\"https:\/\/adwokatura.krakow.pl\/adwokaci-i-aplikanci\/wp-content\/themes\/kia\/dist\/images\/download.svg\" alt=\"download\">\n                        <\/a>\n                                    <\/div>\n               \n            <\/div>\n                <\/div>\n<\/div>","protected":false},"excerpt":{"rendered":"<p>Okr\u0119gowa Rada Adwokacka w Lublinie, Dziekan ORA w Lublinie adwokat BartoszPrzeciechowski, adwokat Stanis\u0142aw Estreich &#8211; Przewodnicz\u0105cy Komisji Integracji \u015arodowiskowej, Kultury, Sportu i Turystyki NRA oraz adw. Andrzej Chadaj &#8211; Komandor Rajdu, serdecznie zapraszaj\u0105 do Su\u015bca, gdzie w dniach 04-07 czerwca 2026 rokuodb\u0119dzie si\u0119 XXIV edycja Rajdu Rowerowo-Pieszego Izby Adwokackiej w Lublinie i XV Og\u00f3lnopolskiego Rajdu [&hellip;]<\/p>\n","protected":false},"author":9,"featured_media":0,"comment_status":"closed","ping_status":"closed","sticky":false,"template":"","format":"standard","meta":{"_acf_changed":false,"inline_featured_image":false,"footnotes":""},"categories":[6],"tags":[],"class_list":["post-6965","post","type-post","status-publish","format-standard","hentry","category-artykuly"],"acf":[],"_links":{"self":[{"href":"https:\/\/adwokatura.krakow.pl\/adwokaci-i-aplikanci\/wp-json\/wp\/v2\/posts\/6965","targetHints":{"allow":["GET"]}}],"collection":[{"href":"https:\/\/adwokatura.krakow.pl\/adwokaci-i-aplikanci\/wp-json\/wp\/v2\/posts"}],"about":[{"href":"https:\/\/adwokatura.krakow.pl\/adwokaci-i-aplikanci\/wp-json\/wp\/v2\/types\/post"}],"author":[{"embeddable":true,"href":"https:\/\/adwokatura.krakow.pl\/adwokaci-i-aplikanci\/wp-json\/wp\/v2\/users\/9"}],"replies":[{"embeddable":true,"href":"https:\/\/adwokatura.krakow.pl\/adwokaci-i-aplikanci\/wp-json\/wp\/v2\/comments?post=6965"}],"version-history":[{"count":1,"href":"https:\/\/adwokatura.krakow.pl\/adwokaci-i-aplikanci\/wp-json\/wp\/v2\/posts\/6965\/revisions"}],"predecessor-version":[{"id":6968,"href":"https:\/\/adwokatura.krakow.pl\/adwokaci-i-aplikanci\/wp-json\/wp\/v2\/posts\/6965\/revisions\/6968"}],"wp:attachment":[{"href":"https:\/\/adwokatura.krakow.pl\/adwokaci-i-aplikanci\/wp-json\/wp\/v2\/media?parent=6965"}],"wp:term":[{"taxonomy":"category","embeddable":true,"href":"https:\/\/adwokatura.krakow.pl\/adwokaci-i-aplikanci\/wp-json\/wp\/v2\/categories?post=6965"},{"taxonomy":"post_tag","embeddable":true,"href":"https:\/\/adwokatura.krakow.pl\/adwokaci-i-aplikanci\/wp-json\/wp\/v2\/tags?post=6965"}],"curies":[{"name":"wp","href":"https:\/\/api.w.org\/{rel}","templated":true}]}}