{"id":6970,"date":"2026-04-09T09:31:01","date_gmt":"2026-04-09T07:31:01","guid":{"rendered":"https:\/\/adwokatura.krakow.pl\/adwokaci-i-aplikanci\/?p=6970"},"modified":"2026-04-09T09:31:01","modified_gmt":"2026-04-09T07:31:01","slug":"xxxiv-ogolnopolski-rejs-adwokacki-im-adw-marii-budzanowskiej","status":"publish","type":"post","link":"https:\/\/adwokatura.krakow.pl\/adwokaci-i-aplikanci\/xxxiv-ogolnopolski-rejs-adwokacki-im-adw-marii-budzanowskiej\/","title":{"rendered":"XXXIV Og\u00f3lnopolski Rejs Adwokacki im. adw. Marii Budzanowskiej"},"content":{"rendered":"\n<figure class=\"wp-block-image size-large\"><img loading=\"lazy\" decoding=\"async\" width=\"723\" height=\"1024\" src=\"https:\/\/adwokatura.krakow.pl\/adwokaci-i-aplikanci\/wp-content\/uploads\/sites\/2\/2026\/04\/plakat-Rejsu-Adwokackiego-2026-723x1024.jpg\" alt=\"\" class=\"wp-image-6971\" srcset=\"https:\/\/adwokatura.krakow.pl\/adwokaci-i-aplikanci\/wp-content\/uploads\/sites\/2\/2026\/04\/plakat-Rejsu-Adwokackiego-2026-723x1024.jpg 723w, https:\/\/adwokatura.krakow.pl\/adwokaci-i-aplikanci\/wp-content\/uploads\/sites\/2\/2026\/04\/plakat-Rejsu-Adwokackiego-2026-212x300.jpg 212w, https:\/\/adwokatura.krakow.pl\/adwokaci-i-aplikanci\/wp-content\/uploads\/sites\/2\/2026\/04\/plakat-Rejsu-Adwokackiego-2026.jpg 756w\" sizes=\"auto, (max-width: 723px) 100vw, 723px\" \/><\/figure>\n\n\n\n<p><em>Szanowni Pa\u0144stwo,<\/em><\/p>\n\n\n\n<p><em>Okr\u0119gowa Rada Adwokacka w Olsztynie, wsp\u00f3lnie z Komisj\u0105 Integracji \u015arodowiskowej, Kultury, Sportu, Turystyki i Wypoczynku Naczelnej Rady Adwokackiej, pod przewodnictwem adw. Stanis\u0142awa Estreicha, ma zaszczyt zaprosi\u0107 Pa\u0144stwa do udzia\u0142u w:<\/em><\/p>\n\n\n\n<h3 class=\"wp-block-heading\"><a><\/a><em>XXXIV Og\u00f3lnopolskim Rejsie Adwokackim im. adw. Marii Budzanowskiej<\/em><em><\/em><\/h3>\n\n\n\n<p><em>Rejs odb\u0119dzie si\u0119 w dniach <strong>11\u201314 czerwca 2026 r.<\/strong> na wodach jeziora <strong>Jeziorak (I\u0142awa i okolice)<\/strong>.<\/em><\/p>\n\n\n\n<p><em>Zaproszenie kierujemy do wszystkich \u017ceglarzy, motorowodniak\u00f3w, os\u00f3b towarzysz\u0105cych oraz sympatyk\u00f3w aktywnego wypoczynku i kontaktu z natur\u0105.&nbsp;<\/em><\/p>\n\n\n\n<p><em>Udzia\u0142 w rejsie nie wymaga posiadania uprawnie\u0144 \u017ceglarskich ani do\u015bwiadczenia \u2013 istnieje mo\u017cliwo\u015b\u0107 do\u0142\u0105czenia do za\u0142\u00f3g tworzonych we wsp\u00f3\u0142pracy z lokalnymi sternikami.&nbsp;<\/em><\/p>\n\n\n\n<p><em>Zg\u0142oszenie wraz z potwierdzeniem wp\u0142aty nale\u017cy przes\u0142a\u0107 r\u00f3wnie\u017c do 15 maja 2026 r.:<br><\/em><em>\ud83d\udce7 <a href=\"mailto:ora.olsztyn@adwokatura.pl\">ora.olsztyn@adwokatura.pl<\/a><br>lub poczt\u0105 na adres ORA w Olsztynie. Decyduje kolejno\u015b\u0107 wp\u0142ywu zg\u0142osze\u0144.&nbsp;<\/em><\/p>\n\n\n\n<p><em>W razie pyta\u0144 prosimy o kontakt z organizatorami:<br>&nbsp;-Marlen\u0105 Ma\u0107kowsk\u0105 &#8211; tel. 502 143 138, Markiem Skrzeczkowski tel. 509 317 990, Tomasz Nastaj tel. 608 068 597.<\/em><\/p>\n\n\n<div class=\"zalaczniki\">\n    \n    <div class=\"zalaczniki__wrap\">\n                        <div class=\"zalaczniki__single\">\n                <div class=\"zalaczniki__first\">\n                    <p class=\"zalaczniki__title\">\n                                                    PROGRAM                                            <\/p>\n                    <p class=\"zalaczniki__file-name\">\n                                                    Program-Rejsu-2026.pdf                                            <\/p>\n                <\/div>\n                <div class=\"zalaczniki__middle\">\n                                        <a href=\"https:\/\/adwokatura.krakow.pl\/adwokaci-i-aplikanci\/wp-content\/uploads\/sites\/2\/2026\/04\/Program-Rejsu-2026.pdf\">Zobacz plik<\/a>\n                                    <\/div>\n                <div class=\"zalaczniki__last\">\n                                        <a download href=\"https:\/\/adwokatura.krakow.pl\/adwokaci-i-aplikanci\/wp-content\/uploads\/sites\/2\/2026\/04\/Program-Rejsu-2026.pdf\">\n                            <img decoding=\"async\" src=\"https:\/\/adwokatura.krakow.pl\/adwokaci-i-aplikanci\/wp-content\/themes\/kia\/dist\/images\/download.svg\" alt=\"download\">\n                        <\/a>\n                                    <\/div>\n               \n            <\/div>\n                    <div class=\"zalaczniki__single\">\n                <div class=\"zalaczniki__first\">\n                    <p class=\"zalaczniki__title\">\n                                                    ZG\u0141OSZENIE                                            <\/p>\n                    <p class=\"zalaczniki__file-name\">\n                                                    zgloszenie_druk_2026.pdf                                            <\/p>\n                <\/div>\n                <div class=\"zalaczniki__middle\">\n                                        <a href=\"https:\/\/adwokatura.krakow.pl\/adwokaci-i-aplikanci\/wp-content\/uploads\/sites\/2\/2026\/04\/zgloszenie_druk_2026.pdf\">Zobacz plik<\/a>\n                                    <\/div>\n                <div class=\"zalaczniki__last\">\n                                        <a download href=\"https:\/\/adwokatura.krakow.pl\/adwokaci-i-aplikanci\/wp-content\/uploads\/sites\/2\/2026\/04\/zgloszenie_druk_2026.pdf\">\n                            <img decoding=\"async\" src=\"https:\/\/adwokatura.krakow.pl\/adwokaci-i-aplikanci\/wp-content\/themes\/kia\/dist\/images\/download.svg\" alt=\"download\">\n                        <\/a>\n                                    <\/div>\n               \n            <\/div>\n                <\/div>\n<\/div>","protected":false},"excerpt":{"rendered":"<p>Szanowni Pa\u0144stwo, Okr\u0119gowa Rada Adwokacka w Olsztynie, wsp\u00f3lnie z Komisj\u0105 Integracji \u015arodowiskowej, Kultury, Sportu, Turystyki i Wypoczynku Naczelnej Rady Adwokackiej, pod przewodnictwem adw. Stanis\u0142awa Estreicha, ma zaszczyt zaprosi\u0107 Pa\u0144stwa do udzia\u0142u w: XXXIV Og\u00f3lnopolskim Rejsie Adwokackim im. adw. Marii Budzanowskiej Rejs odb\u0119dzie si\u0119 w dniach 11\u201314 czerwca 2026 r. na wodach jeziora Jeziorak (I\u0142awa i [&hellip;]<\/p>\n","protected":false},"author":9,"featured_media":0,"comment_status":"closed","ping_status":"closed","sticky":false,"template":"","format":"standard","meta":{"_acf_changed":false,"inline_featured_image":false,"footnotes":""},"categories":[6],"tags":[],"class_list":["post-6970","post","type-post","status-publish","format-standard","hentry","category-artykuly"],"acf":[],"_links":{"self":[{"href":"https:\/\/adwokatura.krakow.pl\/adwokaci-i-aplikanci\/wp-json\/wp\/v2\/posts\/6970","targetHints":{"allow":["GET"]}}],"collection":[{"href":"https:\/\/adwokatura.krakow.pl\/adwokaci-i-aplikanci\/wp-json\/wp\/v2\/posts"}],"about":[{"href":"https:\/\/adwokatura.krakow.pl\/adwokaci-i-aplikanci\/wp-json\/wp\/v2\/types\/post"}],"author":[{"embeddable":true,"href":"https:\/\/adwokatura.krakow.pl\/adwokaci-i-aplikanci\/wp-json\/wp\/v2\/users\/9"}],"replies":[{"embeddable":true,"href":"https:\/\/adwokatura.krakow.pl\/adwokaci-i-aplikanci\/wp-json\/wp\/v2\/comments?post=6970"}],"version-history":[{"count":1,"href":"https:\/\/adwokatura.krakow.pl\/adwokaci-i-aplikanci\/wp-json\/wp\/v2\/posts\/6970\/revisions"}],"predecessor-version":[{"id":6974,"href":"https:\/\/adwokatura.krakow.pl\/adwokaci-i-aplikanci\/wp-json\/wp\/v2\/posts\/6970\/revisions\/6974"}],"wp:attachment":[{"href":"https:\/\/adwokatura.krakow.pl\/adwokaci-i-aplikanci\/wp-json\/wp\/v2\/media?parent=6970"}],"wp:term":[{"taxonomy":"category","embeddable":true,"href":"https:\/\/adwokatura.krakow.pl\/adwokaci-i-aplikanci\/wp-json\/wp\/v2\/categories?post=6970"},{"taxonomy":"post_tag","embeddable":true,"href":"https:\/\/adwokatura.krakow.pl\/adwokaci-i-aplikanci\/wp-json\/wp\/v2\/tags?post=6970"}],"curies":[{"name":"wp","href":"https:\/\/api.w.org\/{rel}","templated":true}]}}